{"id":10805,"date":"2020-02-26T09:22:07","date_gmt":"2020-02-26T14:22:07","guid":{"rendered":"https:\/\/diarioavanzada.com.mx\/?p=10805"},"modified":"2020-02-26T09:22:08","modified_gmt":"2020-02-26T14:22:08","slug":"asf-detecta-mas-de-mil-aviadores-en-colima","status":"publish","type":"post","link":"https:\/\/diarioavanzada.com.mx\/?p=10805","title":{"rendered":"ASF detecta m\u00e1s de mil &#8220;aviadores&#8221; en Colima"},"content":{"rendered":"\n<p class=\"wp-block-paragraph\">Colima, M\u00e9xico, Avanzada (26\/02\/2020).-\u00a0La Auditor\u00eda Superior de la Federaci\u00f3n (ASF) detect\u00f3 que la Secretar\u00eda de Educaci\u00f3n en Colima destin\u00f3 recursos econ\u00f3micos federales para pagarle a m\u00e1s de mil trabajadores que no fueron identificados por los directivos o responsables de los Centros de Trabajos (escuelas).<\/p>\n\n\n\n<p class=\"wp-block-paragraph\">Lo anterior se desprende del m\u00e1s reciente informe que realiz\u00f3 la ASF y que denomin\u00f3 \u201cPase de Lista del Fone\u201d correspondiente a los pagos al magisterio con recursos federalizados.<\/p>\n\n\n\n<p class=\"wp-block-paragraph\">El informe \u2013 disponible en la p\u00e1gina electr\u00f3nica de la ASF- informa que en Colima los directivos (responsables de los Centros de Trabajo) no identificaron a mil 164 personas, que seg\u00fan los reportes hechos por la secretar\u00eda de Educaci\u00f3n en Colima ante el Fondo de Aportaciones a la N\u00f3mina Educativa, se encontraban adscritos en la escuela donde el directivo no lo reconoci\u00f3 como parte de la plantilla laboral vigente.<\/p>\n\n\n\n<p class=\"wp-block-paragraph\">El &nbsp;documento conocido como \u201cPase de Lista del Fone\u201d establece que 7 mil 642 trabajadores de la educaci\u00f3n fueron localizados en sus Centros de Trabajo cuando se llev\u00f3 a cabo la Auditor\u00eda&nbsp; y 3 mil 789, no laboraban en los planteles se\u00f1alados.<\/p>\n\n\n\n<p class=\"wp-block-paragraph\">El mismo informe expone que de esos 3 mil 789 no localizados, 986 es porque se encontraban en un cambio de adscripci\u00f3n (movilidad); 388 era por baja por jubilaci\u00f3n y pensi\u00f3n y se encontraban realizando los tr\u00e1mites; 691 laboraron parcialmente en el centro escolar, pero solicitaron alg\u00fan permiso o su contrato se venci\u00f3 antes de la Auditor\u00eda y mil 164 no fueron identificados por los directivos responsables de los planteles.<\/p>\n\n\n\n<p class=\"wp-block-paragraph\">PROBABLE DA\u00d1O A LA HACIENDA POR 19 MILLONES DE PESOS<\/p>\n\n\n\n<p class=\"wp-block-paragraph\">De igual forma,&nbsp; el informe de la ASF determin\u00f3 que existe un probable da\u00f1o a la hacienda p\u00fablica federal por 19 millones de pesos debido a que la Secretar\u00eda de Educaci\u00f3n en la entidad &nbsp;realiz\u00f3 pagos superiores a los establecidos en los tabuladores, pagos a personal que no ten\u00eda contratos, pagos a personal no localizados en centros de trabajo, pagos a personal que caus\u00f3 baja&nbsp; y pagos a personal que se encontraba comisionado.<\/p>\n\n\n\n<p class=\"wp-block-paragraph\">La liga para leer el informe especial de Auditor\u00eda es el siguiente:&nbsp;<a href=\"http:\/\/informe.asf.gob.mx\/Documentos\/Informes_Especiales\/2018_AEGF_1_a.pdf\">http:\/\/informe.asf.gob.mx\/Documentos\/Informes_Especiales\/2018_AEGF_1_a.pdf<\/a><\/p>\n\n\n\n<figure class=\"wp-block-image size-large\"><img loading=\"lazy\" decoding=\"async\" width=\"765\" height=\"509\" src=\"https:\/\/diarioavanzada.com.mx\/wp-content\/uploads\/2020\/02\/image-56.png\" alt=\"\" class=\"wp-image-10806\" \/><\/figure>\n<div class=\"fb-background-color\">\n\t\t\t  <div \n\t\t\t  \tclass = \"fb-comments\" \n\t\t\t  \tdata-href = \"https:\/\/diarioavanzada.com.mx\/?p=10805\"\n\t\t\t  \tdata-numposts = \"10\"\n\t\t\t  \tdata-lazy = \"true\"\n\t\t\t\tdata-colorscheme = \"light\"\n\t\t\t\tdata-order-by = \"social\"\n\t\t\t\tdata-mobile=true>\n\t\t\t  <\/div><\/div>\n\t\t  <style>\n\t\t    .fb-background-color {\n\t\t\t\tbackground:  !important;\n\t\t\t}\n\t\t\t.fb_iframe_widget_fluid_desktop iframe {\n\t\t\t    width: 100% !important;\n\t\t\t}\n\t\t  <\/style>\n\t\t  ","protected":false},"excerpt":{"rendered":"<p>Colima, M\u00e9xico, Avanzada (26\/02\/2020).-\u00a0La Auditor\u00eda Superior de la Federaci\u00f3n (ASF) detect\u00f3 que la Secretar\u00eda de Educaci\u00f3n en Colima destin\u00f3 recursos econ\u00f3micos federales para pagarle a m\u00e1s de mil trabajadores que no fueron identificados por los directivos o responsables de los Centros de Trabajos (escuelas). Lo anterior se desprende del m\u00e1s reciente informe que realiz\u00f3 la [&hellip;]<\/p>\n","protected":false},"author":5,"featured_media":10807,"comment_status":"closed","ping_status":"closed","sticky":false,"template":"","format":"standard","meta":{"_coblocks_attr":"","_coblocks_dimensions":"","_coblocks_responsive_height":"","_coblocks_accordion_ie_support":"","_crdt_document":"","advanced_seo_description":"","jetpack_seo_html_title":"","jetpack_seo_noindex":false,"_jetpack_memberships_contains_paid_content":false,"footnotes":""},"categories":[19],"tags":[210],"class_list":["post-10805","post","type-post","status-publish","format-standard","has-post-thumbnail","hentry","category-colima","tag-portada"],"jetpack_featured_media_url":"https:\/\/diarioavanzada.com.mx\/wp-content\/uploads\/2020\/02\/Pase-de-lista.png","jetpack-related-posts":[],"jetpack_sharing_enabled":true,"amp_enabled":true,"_links":{"self":[{"href":"https:\/\/diarioavanzada.com.mx\/index.php?rest_route=\/wp\/v2\/posts\/10805","targetHints":{"allow":["GET"]}}],"collection":[{"href":"https:\/\/diarioavanzada.com.mx\/index.php?rest_route=\/wp\/v2\/posts"}],"about":[{"href":"https:\/\/diarioavanzada.com.mx\/index.php?rest_route=\/wp\/v2\/types\/post"}],"author":[{"embeddable":true,"href":"https:\/\/diarioavanzada.com.mx\/index.php?rest_route=\/wp\/v2\/users\/5"}],"replies":[{"embeddable":true,"href":"https:\/\/diarioavanzada.com.mx\/index.php?rest_route=%2Fwp%2Fv2%2Fcomments&post=10805"}],"version-history":[{"count":0,"href":"https:\/\/diarioavanzada.com.mx\/index.php?rest_route=\/wp\/v2\/posts\/10805\/revisions"}],"wp:featuredmedia":[{"embeddable":true,"href":"https:\/\/diarioavanzada.com.mx\/index.php?rest_route=\/wp\/v2\/media\/10807"}],"wp:attachment":[{"href":"https:\/\/diarioavanzada.com.mx\/index.php?rest_route=%2Fwp%2Fv2%2Fmedia&parent=10805"}],"wp:term":[{"taxonomy":"category","embeddable":true,"href":"https:\/\/diarioavanzada.com.mx\/index.php?rest_route=%2Fwp%2Fv2%2Fcategories&post=10805"},{"taxonomy":"post_tag","embeddable":true,"href":"https:\/\/diarioavanzada.com.mx\/index.php?rest_route=%2Fwp%2Fv2%2Ftags&post=10805"}],"curies":[{"name":"wp","href":"https:\/\/api.w.org\/{rel}","templated":true}]}}