{"id":10784,"date":"2020-02-25T10:52:34","date_gmt":"2020-02-25T15:52:34","guid":{"rendered":"https:\/\/diarioavanzada.com.mx\/?p=10784"},"modified":"2020-02-25T10:52:35","modified_gmt":"2020-02-25T15:52:35","slug":"la-deuda-del-gobierno-de-colima-era-superior-a-los-5-mil-mdp-hasta-diciembre-de-2018","status":"publish","type":"post","link":"https:\/\/diarioavanzada.com.mx\/?p=10784","title":{"rendered":"La deuda del Gobierno de Colima era superior a los 5 mil MDP, hasta diciembre de 2018"},"content":{"rendered":"\n<p class=\"wp-block-paragraph\">Colima, M\u00e9xico, Avanzada (25\/02\/2020).- Contrario al discurso oficial, la deuda de Colima la han incrementado y hasta diciembre de 2018 los pasivos eran por 5 mil 102 millones 840 mil&nbsp; 826 pesos.<\/p>\n\n\n\n<p class=\"wp-block-paragraph\">Lo anterior se desprende del informe de la Cuenta P\u00fablica 2018 del Gobierno del Estado, mismo que realiz\u00f3 el \u00d3rgano Superior de Auditor\u00eda y Fiscalizaci\u00f3n Gubernamental.<\/p>\n\n\n\n<p class=\"wp-block-paragraph\">Los detalles del informe muestran que el 46 por ciento de los pasivos que report\u00f3 el Gobierno del Estado en el 2018, corresponde a cr\u00e9ditos a corto plazo, es decir, 2 mil 372 millones 211 mil pesos los utiliz\u00f3 la administraci\u00f3n estatal de forma discrecional, pues para su contrataci\u00f3n no se requiere la autorizaci\u00f3n del Congreso del Estado.<\/p>\n\n\n\n<p class=\"wp-block-paragraph\">En tanto, los pasivos a largo plazo son por el orden de los 2 mil 7 30 millones 629 mil 822 pesos, equivalentes al 54 por ciento. Hasta el 2018, dichos pasivos inclu\u00edan el cr\u00e9dito de 638 millones por el cual est\u00e1 sancionado el ex gobernador Mario Anguiano Moreno, y el cr\u00e9dito de hasta 410 millones de pesos por el cual se iniciar\u00e1 una investigaci\u00f3n especial para el gobierno de Ignacio Peralta S\u00e1nchez.<\/p>\n\n\n\n<p class=\"wp-block-paragraph\">El pasado 19 de febrero, la Confederaci\u00f3n Patronal Mexicana advirti\u00f3 que el Gobierno de Colima presenta un endeudamiento elevado, en comparaci\u00f3n con otras entidades del pa\u00eds.<\/p>\n\n\n\n<p class=\"wp-block-paragraph\">Adem\u00e1s, seg\u00fan las proyecciones de la C\u00e1mara Empresarial, cada uno de los 750 mil habitantes colimenses deben 4 mil 531 pesos y dicha cantidad podr\u00eda ir aumentando, si el gobierno contin\u00faa incrementando la deuda p\u00fablica.<\/p>\n<div class=\"fb-background-color\">\n\t\t\t  <div \n\t\t\t  \tclass = \"fb-comments\" \n\t\t\t  \tdata-href = \"https:\/\/diarioavanzada.com.mx\/?p=10784\"\n\t\t\t  \tdata-numposts = \"10\"\n\t\t\t  \tdata-lazy = \"true\"\n\t\t\t\tdata-colorscheme = \"light\"\n\t\t\t\tdata-order-by = \"social\"\n\t\t\t\tdata-mobile=true>\n\t\t\t  <\/div><\/div>\n\t\t  <style>\n\t\t    .fb-background-color {\n\t\t\t\tbackground:  !important;\n\t\t\t}\n\t\t\t.fb_iframe_widget_fluid_desktop iframe {\n\t\t\t    width: 100% !important;\n\t\t\t}\n\t\t  <\/style>\n\t\t  ","protected":false},"excerpt":{"rendered":"<p>Colima, M\u00e9xico, Avanzada (25\/02\/2020).- Contrario al discurso oficial, la deuda de Colima la han incrementado y hasta diciembre de 2018 los pasivos eran por 5 mil 102 millones 840 mil&nbsp; 826 pesos. Lo anterior se desprende del informe de la Cuenta P\u00fablica 2018 del Gobierno del Estado, mismo que realiz\u00f3 el \u00d3rgano Superior de Auditor\u00eda [&hellip;]<\/p>\n","protected":false},"author":5,"featured_media":10785,"comment_status":"closed","ping_status":"closed","sticky":false,"template":"","format":"standard","meta":{"_coblocks_attr":"","_coblocks_dimensions":"","_coblocks_responsive_height":"","_coblocks_accordion_ie_support":"","_crdt_document":"","advanced_seo_description":"","jetpack_seo_html_title":"","jetpack_seo_noindex":false,"_jetpack_memberships_contains_paid_content":false,"footnotes":""},"categories":[19],"tags":[210],"class_list":["post-10784","post","type-post","status-publish","format-standard","has-post-thumbnail","hentry","category-colima","tag-portada"],"jetpack_featured_media_url":"https:\/\/diarioavanzada.com.mx\/wp-content\/uploads\/2020\/02\/Gobernador-de-Colima-saludando.jpg","jetpack-related-posts":[],"jetpack_sharing_enabled":true,"amp_enabled":true,"_links":{"self":[{"href":"https:\/\/diarioavanzada.com.mx\/index.php?rest_route=\/wp\/v2\/posts\/10784","targetHints":{"allow":["GET"]}}],"collection":[{"href":"https:\/\/diarioavanzada.com.mx\/index.php?rest_route=\/wp\/v2\/posts"}],"about":[{"href":"https:\/\/diarioavanzada.com.mx\/index.php?rest_route=\/wp\/v2\/types\/post"}],"author":[{"embeddable":true,"href":"https:\/\/diarioavanzada.com.mx\/index.php?rest_route=\/wp\/v2\/users\/5"}],"replies":[{"embeddable":true,"href":"https:\/\/diarioavanzada.com.mx\/index.php?rest_route=%2Fwp%2Fv2%2Fcomments&post=10784"}],"version-history":[{"count":0,"href":"https:\/\/diarioavanzada.com.mx\/index.php?rest_route=\/wp\/v2\/posts\/10784\/revisions"}],"wp:featuredmedia":[{"embeddable":true,"href":"https:\/\/diarioavanzada.com.mx\/index.php?rest_route=\/wp\/v2\/media\/10785"}],"wp:attachment":[{"href":"https:\/\/diarioavanzada.com.mx\/index.php?rest_route=%2Fwp%2Fv2%2Fmedia&parent=10784"}],"wp:term":[{"taxonomy":"category","embeddable":true,"href":"https:\/\/diarioavanzada.com.mx\/index.php?rest_route=%2Fwp%2Fv2%2Fcategories&post=10784"},{"taxonomy":"post_tag","embeddable":true,"href":"https:\/\/diarioavanzada.com.mx\/index.php?rest_route=%2Fwp%2Fv2%2Ftags&post=10784"}],"curies":[{"name":"wp","href":"https:\/\/api.w.org\/{rel}","templated":true}]}}