{"id":10677,"date":"2020-02-21T15:20:04","date_gmt":"2020-02-21T20:20:04","guid":{"rendered":"https:\/\/diarioavanzada.com.mx\/?p=10677"},"modified":"2020-02-21T15:20:05","modified_gmt":"2020-02-21T20:20:05","slug":"incapaz-de-garantizar-la-seguridad-gobierno-de-colima-convoca-al-paro-9m","status":"publish","type":"post","link":"https:\/\/diarioavanzada.com.mx\/?p=10677","title":{"rendered":"Incapaz de garantizar la seguridad, Gobierno de Colima convoca al paro 9M"},"content":{"rendered":"\n<p class=\"wp-block-paragraph\">Colima, M\u00e9xico, Avanzada (21\/02\/2020).- Colima es el estado m\u00e1s violento para las mujeres tomando como referencia la cifra de feminicidios perpetrados por cada 100 mil habitantes.&nbsp;<\/p>\n\n\n\n<p class=\"wp-block-paragraph\">Especialistas en el tema de seguridad, se\u00f1alan que en la entidad se vive una epidemia de violencia feminicida, sin que la autoridad local realice acciones para contenerla, sin embargo, es el propio gobierno del Estado el que est\u00e1 impulsado la protesta del 9 de marzo denominada \u201cUn d\u00eda sin mujeres\u201d.<\/p>\n\n\n\n<p class=\"wp-block-paragraph\">\u00a0A trav\u00e9s de sus redes sociales, el Gobierno de Colima anunci\u00f3 que se sumar\u00e1 al paro nacional \u201c#UnD\u00edaSinMujeres\u201d y convoc\u00f3 a instituciones de educaci\u00f3n, municipios y a la iniciativa privada a hacer lo propio.<\/p>\n\n\n\n<p class=\"wp-block-paragraph\">A trav\u00e9s de sus plataformas, el gobernador, Ignacio Peralta S\u00e1nchez escribi\u00f3: \u201cEn Colima, tenemos el compromiso de erradicar todo tipo de violencia contra ni\u00f1as, adolescentes y mujeres\u201d.<\/p>\n\n\n\n<p class=\"wp-block-paragraph\">\u201cAnte la uni\u00f3n de muchas colimenses sobre el pr\u00f3ximo paro nacional el d\u00eda 9 de marzo, he decidido que quienes colaboran en el Gobierno del Estado sean respaldadas para sumarse al movimiento nacional #UnD\u00edaSinMujeres\u201d.<\/p>\n\n\n\n<p class=\"wp-block-paragraph\">No obstante, el pasado martes, en entrevista con AVANZADA, la creadora del mapa nacional del Feminicidio, Mar\u00eda Salguero advirti\u00f3 que Colima vive un coctel de violencia y el abandono de la autoridad.<\/p>\n\n\n\n<p class=\"wp-block-paragraph\">Salguero expuso que en Colima, se han registrado caso de mujeres degolladas al interior de sus casas, j\u00f3venes asesinadas y sus cuerpos abandonados en la calle, menores de edad desaparecidos y cientos de cuerpos en fosas clandestinas, muestran que la poblaci\u00f3n de Colima enfrenta, por una parte, una guerra silenciosa y por la otra, el abandono de la autoridad.<\/p>\n\n\n\n<figure class=\"wp-block-image size-large\"><img loading=\"lazy\" decoding=\"async\" width=\"305\" height=\"765\" src=\"https:\/\/diarioavanzada.com.mx\/wp-content\/uploads\/2020\/02\/image-43.png\" alt=\"\" class=\"wp-image-10678\" \/><\/figure>\n<div class=\"fb-background-color\">\n\t\t\t  <div \n\t\t\t  \tclass = \"fb-comments\" \n\t\t\t  \tdata-href = \"https:\/\/diarioavanzada.com.mx\/?p=10677\"\n\t\t\t  \tdata-numposts = \"10\"\n\t\t\t  \tdata-lazy = \"true\"\n\t\t\t\tdata-colorscheme = \"light\"\n\t\t\t\tdata-order-by = \"social\"\n\t\t\t\tdata-mobile=true>\n\t\t\t  <\/div><\/div>\n\t\t  <style>\n\t\t    .fb-background-color {\n\t\t\t\tbackground:  !important;\n\t\t\t}\n\t\t\t.fb_iframe_widget_fluid_desktop iframe {\n\t\t\t    width: 100% !important;\n\t\t\t}\n\t\t  <\/style>\n\t\t  ","protected":false},"excerpt":{"rendered":"<p>Colima, M\u00e9xico, Avanzada (21\/02\/2020).- Colima es el estado m\u00e1s violento para las mujeres tomando como referencia la cifra de feminicidios perpetrados por cada 100 mil habitantes.&nbsp; Especialistas en el tema de seguridad, se\u00f1alan que en la entidad se vive una epidemia de violencia feminicida, sin que la autoridad local realice acciones para contenerla, sin embargo, [&hellip;]<\/p>\n","protected":false},"author":5,"featured_media":10676,"comment_status":"closed","ping_status":"closed","sticky":false,"template":"","format":"standard","meta":{"_coblocks_attr":"","_coblocks_dimensions":"","_coblocks_responsive_height":"","_coblocks_accordion_ie_support":"","_crdt_document":"","advanced_seo_description":"","jetpack_seo_html_title":"","jetpack_seo_noindex":false,"_jetpack_memberships_contains_paid_content":false,"footnotes":""},"categories":[19],"tags":[282,210],"class_list":["post-10677","post","type-post","status-publish","format-standard","has-post-thumbnail","hentry","category-colima","tag-feminicidio","tag-portada"],"jetpack_featured_media_url":"https:\/\/diarioavanzada.com.mx\/wp-content\/uploads\/2020\/02\/B2828CF2-8756-41AA-B8B3-35218F678D5B.jpeg","jetpack-related-posts":[],"jetpack_sharing_enabled":true,"amp_enabled":true,"_links":{"self":[{"href":"https:\/\/diarioavanzada.com.mx\/index.php?rest_route=\/wp\/v2\/posts\/10677","targetHints":{"allow":["GET"]}}],"collection":[{"href":"https:\/\/diarioavanzada.com.mx\/index.php?rest_route=\/wp\/v2\/posts"}],"about":[{"href":"https:\/\/diarioavanzada.com.mx\/index.php?rest_route=\/wp\/v2\/types\/post"}],"author":[{"embeddable":true,"href":"https:\/\/diarioavanzada.com.mx\/index.php?rest_route=\/wp\/v2\/users\/5"}],"replies":[{"embeddable":true,"href":"https:\/\/diarioavanzada.com.mx\/index.php?rest_route=%2Fwp%2Fv2%2Fcomments&post=10677"}],"version-history":[{"count":0,"href":"https:\/\/diarioavanzada.com.mx\/index.php?rest_route=\/wp\/v2\/posts\/10677\/revisions"}],"wp:featuredmedia":[{"embeddable":true,"href":"https:\/\/diarioavanzada.com.mx\/index.php?rest_route=\/wp\/v2\/media\/10676"}],"wp:attachment":[{"href":"https:\/\/diarioavanzada.com.mx\/index.php?rest_route=%2Fwp%2Fv2%2Fmedia&parent=10677"}],"wp:term":[{"taxonomy":"category","embeddable":true,"href":"https:\/\/diarioavanzada.com.mx\/index.php?rest_route=%2Fwp%2Fv2%2Fcategories&post=10677"},{"taxonomy":"post_tag","embeddable":true,"href":"https:\/\/diarioavanzada.com.mx\/index.php?rest_route=%2Fwp%2Fv2%2Ftags&post=10677"}],"curies":[{"name":"wp","href":"https:\/\/api.w.org\/{rel}","templated":true}]}}