{"id":10665,"date":"2020-02-21T09:12:34","date_gmt":"2020-02-21T14:12:34","guid":{"rendered":"https:\/\/diarioavanzada.com.mx\/?p=10665"},"modified":"2020-02-21T09:12:35","modified_gmt":"2020-02-21T14:12:35","slug":"ya-me-golpearon-ahora-el-siguiente-golpe-es-mio-titular-de-la-ssp","status":"publish","type":"post","link":"https:\/\/diarioavanzada.com.mx\/?p=10665","title":{"rendered":"\u201cYa me golpearon, ahora el siguiente golpe es m\u00edo\u201d: titular de la SSP"},"content":{"rendered":"\n<p class=\"wp-block-paragraph\">Colima, M\u00e9xico, Avanzada (21\/02\/2020).- El secretario de Seguridad P\u00fablica estatal, Enrique Alberto Sanmiguel S\u00e1nchez, desminti\u00f3 que su hija haya sido detenida por estar consumiendo drogas, como ha circulado de manera an\u00f3nima en las redes sociales.<\/p>\n\n\n\n<p class=\"wp-block-paragraph\">En entrevista con el portal Archivo Digital, el funcionario dijo que \u201cla nota es completa y cobardemente falsa\u201d y se\u00f1al\u00f3 que todos saben que despidi\u00f3 a \u201cun personaje que ven\u00eda da\u00f1ando mucho la imagen de la corporaci\u00f3n, por no comportarse a la altura, por hacer cosas indebidas\u201d.<\/p>\n\n\n\n<p class=\"wp-block-paragraph\">As\u00ed tambi\u00e9n, a\u00f1adi\u00f3, \u201cest\u00e1 sumado otro fulano que tambi\u00e9n trabaj\u00f3 aqu\u00ed y que se dedica a la prensa, quien me ha estado continuamente agrediendo; todo esto lo voy a demostrar con pruebas, no de dientes para afuera, en su momento ante la autoridad correspondiente\u201d.<\/p>\n\n\n\n<p class=\"wp-block-paragraph\">Indic\u00f3 que \u201cesta difamaci\u00f3n no nom\u00e1s me da\u00f1a a m\u00ed y mi forma de actuar, porque si fuera mi hijo o mi hija quien cometa un delito yo procedo contra ellos como debe ser; no nom\u00e1s meto las manos al fuego por mi hija, sino que sus compa\u00f1eros alumnos, maestros de la Facultad de Medicina reconocen, incluso un maestro est\u00e1 avalando la conducta de mi hija\u201d.<\/p>\n\n\n\n<p class=\"wp-block-paragraph\">Sanmiguel S\u00e1nchez dio a conocer el itinerario de su hija de este mi\u00e9rcoles, tanto de actividades acad\u00e9micas como deportivas, etc\u00e9tera, en las que se aprecia que tuvo todo el d\u00eda ocupado, en compa\u00f1\u00eda de otras personas.<\/p>\n\n\n\n<p class=\"wp-block-paragraph\">Estim\u00f3 que el hecho de que se haya dado a conocer el nombre completo de su hija constituye \u201cun ataque directo\u201d.<\/p>\n\n\n\n<p class=\"wp-block-paragraph\">As\u00ed tambi\u00e9n, mencion\u00f3, \u201chay un expolic\u00eda que tambi\u00e9n di de baja por no aprobar los ex\u00e1menes de control y confianza, que andaba con ciertos mitoteros de medios electr\u00f3nicos y que ten\u00eda varias denuncias por abuso de autoridad; se le dio de baja, se uni\u00f3 a estos personajes y vienen difamando en forma continua\u201d.<\/p>\n\n\n\n<p class=\"wp-block-paragraph\">Sin embargo, advirti\u00f3 que el hecho de que \u201cme agredan con mi hija, eso s\u00ed me har\u00e1 tomar acciones legales; l\u00f3gicamente no va a ser ante el ministerio p\u00fablico del fuero com\u00fan, pero hay otros fueros, hay otras instancias que protegen a los ciudadanos\u201d.<\/p>\n\n\n\n<p class=\"wp-block-paragraph\">Para el titular de la SSP, \u201clo que est\u00e1n haciendo es un ataque, difamando el honor y el trabajo de mi hija; est\u00e1 f\u00e1cil, ahorita le pido que vaya y se saque sangre, si se drog\u00f3 va a salir positivo, voy a mandarla a una buena cl\u00ednica reconocida, que no se prestar\u00eda a cosas\u201d.<\/p>\n\n\n\n<p class=\"wp-block-paragraph\">Se\u00f1al\u00f3 que esa situaci\u00f3n no merma su estado de \u00e1nimo para seguir trabajando, pero el de su hija s\u00ed, que le est\u00e1 afectando, y que este jueves ten\u00eda examen.<\/p>\n\n\n\n<p class=\"wp-block-paragraph\">\u201cEsto no se vale y sabemos que E.M. y A.G., \u00a1los hago responsables, cobardes!, los desped\u00ed porque no dieron el ancho, los desped\u00ed porque hab\u00eda muchas cosas no claras en su trabajo, los desped\u00ed porque era conveniente para Colima hacerlo y me han venido atacando y tengo la forma de demostrarlo; caballeros, ya me golpearon, ahora el siguiente golpe es m\u00edo, y legal\u201d, concluy\u00f3.<\/p>\n<div class=\"fb-background-color\">\n\t\t\t  <div \n\t\t\t  \tclass = \"fb-comments\" \n\t\t\t  \tdata-href = \"https:\/\/diarioavanzada.com.mx\/?p=10665\"\n\t\t\t  \tdata-numposts = \"10\"\n\t\t\t  \tdata-lazy = \"true\"\n\t\t\t\tdata-colorscheme = \"light\"\n\t\t\t\tdata-order-by = \"social\"\n\t\t\t\tdata-mobile=true>\n\t\t\t  <\/div><\/div>\n\t\t  <style>\n\t\t    .fb-background-color {\n\t\t\t\tbackground:  !important;\n\t\t\t}\n\t\t\t.fb_iframe_widget_fluid_desktop iframe {\n\t\t\t    width: 100% !important;\n\t\t\t}\n\t\t  <\/style>\n\t\t  ","protected":false},"excerpt":{"rendered":"<p>Colima, M\u00e9xico, Avanzada (21\/02\/2020).- El secretario de Seguridad P\u00fablica estatal, Enrique Alberto Sanmiguel S\u00e1nchez, desminti\u00f3 que su hija haya sido detenida por estar consumiendo drogas, como ha circulado de manera an\u00f3nima en las redes sociales. En entrevista con el portal Archivo Digital, el funcionario dijo que \u201cla nota es completa y cobardemente falsa\u201d y se\u00f1al\u00f3 [&hellip;]<\/p>\n","protected":false},"author":7,"featured_media":10666,"comment_status":"closed","ping_status":"closed","sticky":false,"template":"","format":"standard","meta":{"_coblocks_attr":"","_coblocks_dimensions":"","_coblocks_responsive_height":"","_coblocks_accordion_ie_support":"","_crdt_document":"","advanced_seo_description":"","jetpack_seo_html_title":"","jetpack_seo_noindex":false,"_jetpack_memberships_contains_paid_content":false,"footnotes":""},"categories":[19,231],"tags":[210],"class_list":["post-10665","post","type-post","status-publish","format-standard","has-post-thumbnail","hentry","category-colima","category-seguridad","tag-portada"],"jetpack_featured_media_url":"https:\/\/diarioavanzada.com.mx\/wp-content\/uploads\/2020\/02\/Sanmiguel.png","jetpack-related-posts":[],"jetpack_sharing_enabled":true,"amp_enabled":true,"_links":{"self":[{"href":"https:\/\/diarioavanzada.com.mx\/index.php?rest_route=\/wp\/v2\/posts\/10665","targetHints":{"allow":["GET"]}}],"collection":[{"href":"https:\/\/diarioavanzada.com.mx\/index.php?rest_route=\/wp\/v2\/posts"}],"about":[{"href":"https:\/\/diarioavanzada.com.mx\/index.php?rest_route=\/wp\/v2\/types\/post"}],"author":[{"embeddable":true,"href":"https:\/\/diarioavanzada.com.mx\/index.php?rest_route=\/wp\/v2\/users\/7"}],"replies":[{"embeddable":true,"href":"https:\/\/diarioavanzada.com.mx\/index.php?rest_route=%2Fwp%2Fv2%2Fcomments&post=10665"}],"version-history":[{"count":0,"href":"https:\/\/diarioavanzada.com.mx\/index.php?rest_route=\/wp\/v2\/posts\/10665\/revisions"}],"wp:featuredmedia":[{"embeddable":true,"href":"https:\/\/diarioavanzada.com.mx\/index.php?rest_route=\/wp\/v2\/media\/10666"}],"wp:attachment":[{"href":"https:\/\/diarioavanzada.com.mx\/index.php?rest_route=%2Fwp%2Fv2%2Fmedia&parent=10665"}],"wp:term":[{"taxonomy":"category","embeddable":true,"href":"https:\/\/diarioavanzada.com.mx\/index.php?rest_route=%2Fwp%2Fv2%2Fcategories&post=10665"},{"taxonomy":"post_tag","embeddable":true,"href":"https:\/\/diarioavanzada.com.mx\/index.php?rest_route=%2Fwp%2Fv2%2Ftags&post=10665"}],"curies":[{"name":"wp","href":"https:\/\/api.w.org\/{rel}","templated":true}]}}