{"id":10651,"date":"2020-02-20T09:24:02","date_gmt":"2020-02-20T14:24:02","guid":{"rendered":"https:\/\/diarioavanzada.com.mx\/?p=10651"},"modified":"2020-02-20T09:24:03","modified_gmt":"2020-02-20T14:24:03","slug":"gobernador-descarta-que-corra-con-la-misma-suerte-que-mam","status":"publish","type":"post","link":"https:\/\/diarioavanzada.com.mx\/?p=10651","title":{"rendered":"Gobernador descarta que corra con la misma suerte que MAM"},"content":{"rendered":"\n<p class=\"wp-block-paragraph\">Colima, M\u00e9xico, Avanzada (20\/02\/2020).- El gobernador Ignacio Peralta S\u00e1nchez afirm\u00f3 que est\u00e1 tranquilo ante la cuenta que fue fiscalizada por el \u00d3rgano Superior de Auditor\u00eda y Fiscalizaci\u00f3n Gubernamental (OSAFIG) quien encontr\u00f3 461 posibles irregularidades, entre ellas, el uso inadecuado de los 200 millones de pesos autorizados para la adquisici\u00f3n de reserva territorial.<\/p>\n\n\n\n<p class=\"wp-block-paragraph\">El mandatario estatal sostuvo que est\u00e1 tranquilo y descart\u00f3 que&nbsp;los se\u00f1alamientos entorno a la adquisici\u00f3n de los terrenos de la zona militar sean equiparables al caso que origin\u00f3 la sanci\u00f3n de 515 millones de pesos en contra del ex gobernador, Mario Anguiano Moreno.<\/p>\n\n\n\n<p class=\"wp-block-paragraph\">Peralta se\u00f1al\u00f3 que, a diferencia del cr\u00e9dito que pidi\u00f3 Anguiano Moreno en 2014 para comprar un predio, su gobierno cuenta con todos los documentos para mostrar la forma en la que se adquirieron los terrenos donde se ubicaba la zona militar en Calzada Galv\u00e1n.<\/p>\n\n\n\n<p class=\"wp-block-paragraph\">\u201cEl tema est\u00e1 m\u00e1s que transparentado, tenemos muchos meses que entregamos los expedientes por completo tanto al archivo hist\u00f3rico como al Congreso del Estado, es un tema que ya est\u00e1 en la cuenta p\u00fablica, que ya est\u00e1 juzgado, un tema que ya est\u00e1 examinado\u201d, dijo.<\/p>\n\n\n\n<p class=\"wp-block-paragraph\">Sin embargo, en la auditor\u00eda que realiz\u00f3 el OSAFIG a la Cuenta P\u00fablica del Gobierno del Estado, detect\u00f3 que la administraci\u00f3n estatal violent\u00f3 la Constituci\u00f3n al utilizar los 200 millones de pesos de un cr\u00e9dito que servir\u00eda para comprar los terrenos de la zona militar, en otra cosa.&nbsp;<\/p>\n<div class=\"fb-background-color\">\n\t\t\t  <div \n\t\t\t  \tclass = \"fb-comments\" \n\t\t\t  \tdata-href = \"https:\/\/diarioavanzada.com.mx\/?p=10651\"\n\t\t\t  \tdata-numposts = \"10\"\n\t\t\t  \tdata-lazy = \"true\"\n\t\t\t\tdata-colorscheme = \"light\"\n\t\t\t\tdata-order-by = \"social\"\n\t\t\t\tdata-mobile=true>\n\t\t\t  <\/div><\/div>\n\t\t  <style>\n\t\t    .fb-background-color {\n\t\t\t\tbackground:  !important;\n\t\t\t}\n\t\t\t.fb_iframe_widget_fluid_desktop iframe {\n\t\t\t    width: 100% !important;\n\t\t\t}\n\t\t  <\/style>\n\t\t  ","protected":false},"excerpt":{"rendered":"<p>Colima, M\u00e9xico, Avanzada (20\/02\/2020).- El gobernador Ignacio Peralta S\u00e1nchez afirm\u00f3 que est\u00e1 tranquilo ante la cuenta que fue fiscalizada por el \u00d3rgano Superior de Auditor\u00eda y Fiscalizaci\u00f3n Gubernamental (OSAFIG) quien encontr\u00f3 461 posibles irregularidades, entre ellas, el uso inadecuado de los 200 millones de pesos autorizados para la adquisici\u00f3n de reserva territorial. El mandatario estatal [&hellip;]<\/p>\n","protected":false},"author":5,"featured_media":7691,"comment_status":"closed","ping_status":"closed","sticky":false,"template":"","format":"standard","meta":{"_coblocks_attr":"","_coblocks_dimensions":"","_coblocks_responsive_height":"","_coblocks_accordion_ie_support":"","_crdt_document":"","advanced_seo_description":"","jetpack_seo_html_title":"","jetpack_seo_noindex":false,"_jetpack_memberships_contains_paid_content":false,"footnotes":""},"categories":[19],"tags":[210],"class_list":["post-10651","post","type-post","status-publish","format-standard","has-post-thumbnail","hentry","category-colima","tag-portada"],"jetpack_featured_media_url":"https:\/\/diarioavanzada.com.mx\/wp-content\/uploads\/2019\/09\/mam-y-nacho.jpg","jetpack-related-posts":[],"jetpack_sharing_enabled":true,"amp_enabled":true,"_links":{"self":[{"href":"https:\/\/diarioavanzada.com.mx\/index.php?rest_route=\/wp\/v2\/posts\/10651","targetHints":{"allow":["GET"]}}],"collection":[{"href":"https:\/\/diarioavanzada.com.mx\/index.php?rest_route=\/wp\/v2\/posts"}],"about":[{"href":"https:\/\/diarioavanzada.com.mx\/index.php?rest_route=\/wp\/v2\/types\/post"}],"author":[{"embeddable":true,"href":"https:\/\/diarioavanzada.com.mx\/index.php?rest_route=\/wp\/v2\/users\/5"}],"replies":[{"embeddable":true,"href":"https:\/\/diarioavanzada.com.mx\/index.php?rest_route=%2Fwp%2Fv2%2Fcomments&post=10651"}],"version-history":[{"count":0,"href":"https:\/\/diarioavanzada.com.mx\/index.php?rest_route=\/wp\/v2\/posts\/10651\/revisions"}],"wp:featuredmedia":[{"embeddable":true,"href":"https:\/\/diarioavanzada.com.mx\/index.php?rest_route=\/wp\/v2\/media\/7691"}],"wp:attachment":[{"href":"https:\/\/diarioavanzada.com.mx\/index.php?rest_route=%2Fwp%2Fv2%2Fmedia&parent=10651"}],"wp:term":[{"taxonomy":"category","embeddable":true,"href":"https:\/\/diarioavanzada.com.mx\/index.php?rest_route=%2Fwp%2Fv2%2Fcategories&post=10651"},{"taxonomy":"post_tag","embeddable":true,"href":"https:\/\/diarioavanzada.com.mx\/index.php?rest_route=%2Fwp%2Fv2%2Ftags&post=10651"}],"curies":[{"name":"wp","href":"https:\/\/api.w.org\/{rel}","templated":true}]}}