{"id":10636,"date":"2020-02-19T09:28:47","date_gmt":"2020-02-19T14:28:47","guid":{"rendered":"https:\/\/diarioavanzada.com.mx\/?p=10636"},"modified":"2020-02-19T10:27:48","modified_gmt":"2020-02-19T15:27:48","slug":"buscan-opciones-exitosas-para-instalar-en-terrenos-de-la-ex-zona-militar","status":"publish","type":"post","link":"https:\/\/diarioavanzada.com.mx\/?p=10636","title":{"rendered":"Buscan &#8220;opciones exitosas&#8221; para instalar en terrenos de la ex Zona Militar"},"content":{"rendered":"\n<p class=\"wp-block-paragraph\">Colima, M\u00e9xico, Avanzada (18\/02\/2020).- La Comisi\u00f3n Ciudadana para el Desarrollo de la Calzada Galv\u00e1n, encargada de definir el destino de los terrenos de la ex tinta zona militar, busca entre sus opciones, proyectos privados que obligar\u00edan al estado a concesionar toda o una parte del \u00e1rea.<\/p>\n\n\n\n<p class=\"wp-block-paragraph\">De acuerdo a una nota que aparece en medios de comunicaci\u00f3n, los terrenos de la Calzada Galv\u00e1n, y para los cuales, el gobierno del Estado utiliz\u00f3 m\u00e1s de 500 millones de pesos del presupuesto p\u00fablico (200 millones de pesos provenientes de un cr\u00e9dito que pagar\u00e1n los colimenses), albergar\u00edan un parque de diversiones como Explora que se encuentra en Le\u00f3n, Guanajuato.<\/p>\n\n\n\n<p class=\"wp-block-paragraph\">El presidente de la Comisi\u00f3n Ciudadana, Sergio D\u00edaz Larios afirm\u00f3 que se est\u00e1n buscando \u201copciones exitosas\u201d para desarrollar en estos terrenos cuya compra fue se\u00f1alada como irregular por el OSAFIG, y todav\u00eda est\u00e1 siendo analizada por el Congreso local, despu\u00e9s de que se dio a conocer que esos predios fueron donados a t\u00edtulo gratuito por la federaci\u00f3n para los colimenses.<\/p>\n\n\n\n<p class=\"wp-block-paragraph\">&nbsp;Adem\u00e1s, del parque privado Explora, los integrantes de la Comisi\u00f3n, tambi\u00e9n tienen contemplado el proyecto del parque La Mexicana.<\/p>\n\n\n\n<p class=\"wp-block-paragraph\">De acuerdo a la informaci\u00f3n, el presidente de la Comisi\u00f3n Ciudadana se\u00f1al\u00f3 que buscan definir el destino de esos terrenos, antes de que concluya el sexenio que encabeza, Ignacio Peralta S\u00e1nchez.<\/p>\n\n\n\n<p class=\"wp-block-paragraph\">Por \u00faltimo, revel\u00f3 que el inter\u00e9s que se tiene es que el proyecto que se desarrolle en esa zona sea de por lo menos, 30 a\u00f1os.&nbsp;<\/p>\n<div class=\"fb-background-color\">\n\t\t\t  <div \n\t\t\t  \tclass = \"fb-comments\" \n\t\t\t  \tdata-href = \"https:\/\/diarioavanzada.com.mx\/?p=10636\"\n\t\t\t  \tdata-numposts = \"10\"\n\t\t\t  \tdata-lazy = \"true\"\n\t\t\t\tdata-colorscheme = \"light\"\n\t\t\t\tdata-order-by = \"social\"\n\t\t\t\tdata-mobile=true>\n\t\t\t  <\/div><\/div>\n\t\t  <style>\n\t\t    .fb-background-color {\n\t\t\t\tbackground:  !important;\n\t\t\t}\n\t\t\t.fb_iframe_widget_fluid_desktop iframe {\n\t\t\t    width: 100% !important;\n\t\t\t}\n\t\t  <\/style>\n\t\t  ","protected":false},"excerpt":{"rendered":"<p>Colima, M\u00e9xico, Avanzada (18\/02\/2020).- La Comisi\u00f3n Ciudadana para el Desarrollo de la Calzada Galv\u00e1n, encargada de definir el destino de los terrenos de la ex tinta zona militar, busca entre sus opciones, proyectos privados que obligar\u00edan al estado a concesionar toda o una parte del \u00e1rea. De acuerdo a una nota que aparece en medios [&hellip;]<\/p>\n","protected":false},"author":5,"featured_media":10637,"comment_status":"closed","ping_status":"closed","sticky":false,"template":"","format":"standard","meta":{"_coblocks_attr":"","_coblocks_dimensions":"","_coblocks_responsive_height":"","_coblocks_accordion_ie_support":"","_crdt_document":"","advanced_seo_description":"","jetpack_seo_html_title":"","jetpack_seo_noindex":false,"_jetpack_memberships_contains_paid_content":false,"footnotes":""},"categories":[19],"tags":[210],"class_list":["post-10636","post","type-post","status-publish","format-standard","has-post-thumbnail","hentry","category-colima","tag-portada"],"jetpack_featured_media_url":"https:\/\/diarioavanzada.com.mx\/wp-content\/uploads\/2020\/02\/EXPLORA.png","jetpack-related-posts":[],"jetpack_sharing_enabled":true,"amp_enabled":true,"_links":{"self":[{"href":"https:\/\/diarioavanzada.com.mx\/index.php?rest_route=\/wp\/v2\/posts\/10636","targetHints":{"allow":["GET"]}}],"collection":[{"href":"https:\/\/diarioavanzada.com.mx\/index.php?rest_route=\/wp\/v2\/posts"}],"about":[{"href":"https:\/\/diarioavanzada.com.mx\/index.php?rest_route=\/wp\/v2\/types\/post"}],"author":[{"embeddable":true,"href":"https:\/\/diarioavanzada.com.mx\/index.php?rest_route=\/wp\/v2\/users\/5"}],"replies":[{"embeddable":true,"href":"https:\/\/diarioavanzada.com.mx\/index.php?rest_route=%2Fwp%2Fv2%2Fcomments&post=10636"}],"version-history":[{"count":0,"href":"https:\/\/diarioavanzada.com.mx\/index.php?rest_route=\/wp\/v2\/posts\/10636\/revisions"}],"wp:featuredmedia":[{"embeddable":true,"href":"https:\/\/diarioavanzada.com.mx\/index.php?rest_route=\/wp\/v2\/media\/10637"}],"wp:attachment":[{"href":"https:\/\/diarioavanzada.com.mx\/index.php?rest_route=%2Fwp%2Fv2%2Fmedia&parent=10636"}],"wp:term":[{"taxonomy":"category","embeddable":true,"href":"https:\/\/diarioavanzada.com.mx\/index.php?rest_route=%2Fwp%2Fv2%2Fcategories&post=10636"},{"taxonomy":"post_tag","embeddable":true,"href":"https:\/\/diarioavanzada.com.mx\/index.php?rest_route=%2Fwp%2Fv2%2Ftags&post=10636"}],"curies":[{"name":"wp","href":"https:\/\/api.w.org\/{rel}","templated":true}]}}