{"id":10595,"date":"2020-02-17T11:31:15","date_gmt":"2020-02-17T16:31:15","guid":{"rendered":"https:\/\/diarioavanzada.com.mx\/?p=10595"},"modified":"2020-02-17T11:31:17","modified_gmt":"2020-02-17T16:31:17","slug":"mam-pidio-destituir-a-jips-diputados-se-comprometen-a-evitar-la-impunidad","status":"publish","type":"post","link":"https:\/\/diarioavanzada.com.mx\/?p=10595","title":{"rendered":"MAM pidi\u00f3 destituir a JIPS, diputados se comprometen a evitar la impunidad"},"content":{"rendered":"\n<p class=\"wp-block-paragraph\">Colima, M\u00e9xico, Avanzada (17\/02\/2020).- El pasado mi\u00e9rcoles 12 de febrero, el ex gobernador Mario Anguiano Moreno solicit\u00f3 al Congreso del Estado la destituci\u00f3n del gobernador, Ignacio Peralta S\u00e1nchez por haberle mentido al Congreso y pidi\u00f3 que se investiguen operaciones inmobiliarias sospechosas en las que ha participado la actual administraci\u00f3n.<\/p>\n\n\n\n<p class=\"wp-block-paragraph\">En respuesta, diputados locales se comprometieron a analizar de forma exhaustiva las denuncias en contra del Gobierno del Estado y promover los recursos que se requieran para evitar la impunidad, tanto en el sexenio anterior (el de Mario Anguiano) como el actual, encabezado por Ignacio Peralta S\u00e1nchez.<\/p>\n\n\n\n<p class=\"wp-block-paragraph\">El pasado 12 de febrero, poco despu\u00e9s de las 10 de la ma\u00f1ana, en una conferencia de prensa, Mario Anguiano Moreno afirm\u00f3 que el gobernador debe ser destituido y enumer\u00f3 dos acciones que tendr\u00edan que ser tomadas en cuenta para que el Congreso proceda en contra del mandatario actual, quien llega a su cuarto a\u00f1o de gobierno cuestionado por su antecesor por presuntos actos irregulares.<\/p>\n\n\n\n<p class=\"wp-block-paragraph\">En primer lugar, Anguiano Moreno sentenci\u00f3 que Peralta S\u00e1nchez minti\u00f3 al Congreso y viol\u00f3 el decreto 613, pues destin\u00f3 los 200 millones de pesos autorizados por la legislatura para la compra de los terrenos de la XX zona militar, en otra cosa y dijo que en un estricto sentido, a \u00e9l como ex gobernador lo est\u00e1n castigando por una situaci\u00f3n similar.<\/p>\n\n\n\n<p class=\"wp-block-paragraph\">Adem\u00e1s, pidi\u00f3 que se investigue la compra de los terrenos de la Campana en 170 millones de pesos, pues dijo que al t\u00e9rmino de su gobierno, los due\u00f1os le ofrecieron en 90 millones de pesos, lo que m\u00e1s tarde, Peralta compr\u00f3 en 170 millones de pesos.<\/p>\n\n\n\n<p class=\"wp-block-paragraph\">\u201cNosotros no compramos porque era al t\u00e9rmino del gobierno y nos dimos cuenta que los terrenos estaban en un litigio\u201d, dijo Anguiano, luego, sentenci\u00f3 que dos a\u00f1os despu\u00e9s, el actual gobernador compr\u00f3 las mismas hect\u00e1reas pero casi al doble del precio original.<\/p>\n\n\n\n<p class=\"wp-block-paragraph\">De igual forma, pidi\u00f3 al Congreso investigar a nombre de qui\u00e9n se encuentran las 93 hect\u00e1reas de la Campana, as\u00ed como otras 11 hect\u00e1reas que son las \u00fanicas que no est\u00e1n intervenidas por el INAH, y por lo tanto, en las que se puede realizar alg\u00fan desarrollo comercial.<\/p>\n\n\n\n<p class=\"wp-block-paragraph\">Por su parte, el presidente del Congreso, el petista, Carlos C\u00e9sar Far\u00edas sostuvo que las acusaciones hechas por Mario Anguiano Moreno deben tomarse en cuenta y se debe investigar al actual gobierno, \u201cno podemos permitir un trato diferente\u201d.<\/p>\n\n\n\n<p class=\"wp-block-paragraph\">Por su parte, el coordinador de Morena, Vladimir Parra Barrag\u00e1n asegur\u00f3 que en ninguno de los casos se permitir\u00e1 la impunidad, \u201cni en el pasado gobierno, ni en este. Las cosas ya cambiaron y no permitiremos lo que suced\u00eda en el pasado\u201d, dijo.<\/p>\n\n\n\n<p class=\"wp-block-paragraph\">El pr\u00f3ximo 20 de febrero, en el Congreso del Estado se calificar\u00e1 la Cuenta P\u00fablica del Gobierno del Estado y durante su discusi\u00f3n, los legisladores fijar\u00e1n la postura que tomar\u00e1n a partir de que el OSAFIG encontr\u00f3 una serie de presuntas&nbsp;irregularidades en las que incurri\u00f3 el gobierno del Estado en el uso de los recursos p\u00fablicos.&nbsp;<\/p>\n<div class=\"fb-background-color\">\n\t\t\t  <div \n\t\t\t  \tclass = \"fb-comments\" \n\t\t\t  \tdata-href = \"https:\/\/diarioavanzada.com.mx\/?p=10595\"\n\t\t\t  \tdata-numposts = \"10\"\n\t\t\t  \tdata-lazy = \"true\"\n\t\t\t\tdata-colorscheme = \"light\"\n\t\t\t\tdata-order-by = \"social\"\n\t\t\t\tdata-mobile=true>\n\t\t\t  <\/div><\/div>\n\t\t  <style>\n\t\t    .fb-background-color {\n\t\t\t\tbackground:  !important;\n\t\t\t}\n\t\t\t.fb_iframe_widget_fluid_desktop iframe {\n\t\t\t    width: 100% !important;\n\t\t\t}\n\t\t  <\/style>\n\t\t  ","protected":false},"excerpt":{"rendered":"<p>Colima, M\u00e9xico, Avanzada (17\/02\/2020).- El pasado mi\u00e9rcoles 12 de febrero, el ex gobernador Mario Anguiano Moreno solicit\u00f3 al Congreso del Estado la destituci\u00f3n del gobernador, Ignacio Peralta S\u00e1nchez por haberle mentido al Congreso y pidi\u00f3 que se investiguen operaciones inmobiliarias sospechosas en las que ha participado la actual administraci\u00f3n. En respuesta, diputados locales se comprometieron [&hellip;]<\/p>\n","protected":false},"author":5,"featured_media":9378,"comment_status":"closed","ping_status":"closed","sticky":false,"template":"","format":"standard","meta":{"_coblocks_attr":"","_coblocks_dimensions":"","_coblocks_responsive_height":"","_coblocks_accordion_ie_support":"","_crdt_document":"","advanced_seo_description":"","jetpack_seo_html_title":"","jetpack_seo_noindex":false,"_jetpack_memberships_contains_paid_content":false,"footnotes":""},"categories":[19],"tags":[210],"class_list":["post-10595","post","type-post","status-publish","format-standard","has-post-thumbnail","hentry","category-colima","tag-portada"],"jetpack_featured_media_url":"https:\/\/diarioavanzada.com.mx\/wp-content\/uploads\/2020\/01\/01-24-MAM.png","jetpack-related-posts":[],"jetpack_sharing_enabled":true,"amp_enabled":true,"_links":{"self":[{"href":"https:\/\/diarioavanzada.com.mx\/index.php?rest_route=\/wp\/v2\/posts\/10595","targetHints":{"allow":["GET"]}}],"collection":[{"href":"https:\/\/diarioavanzada.com.mx\/index.php?rest_route=\/wp\/v2\/posts"}],"about":[{"href":"https:\/\/diarioavanzada.com.mx\/index.php?rest_route=\/wp\/v2\/types\/post"}],"author":[{"embeddable":true,"href":"https:\/\/diarioavanzada.com.mx\/index.php?rest_route=\/wp\/v2\/users\/5"}],"replies":[{"embeddable":true,"href":"https:\/\/diarioavanzada.com.mx\/index.php?rest_route=%2Fwp%2Fv2%2Fcomments&post=10595"}],"version-history":[{"count":0,"href":"https:\/\/diarioavanzada.com.mx\/index.php?rest_route=\/wp\/v2\/posts\/10595\/revisions"}],"wp:featuredmedia":[{"embeddable":true,"href":"https:\/\/diarioavanzada.com.mx\/index.php?rest_route=\/wp\/v2\/media\/9378"}],"wp:attachment":[{"href":"https:\/\/diarioavanzada.com.mx\/index.php?rest_route=%2Fwp%2Fv2%2Fmedia&parent=10595"}],"wp:term":[{"taxonomy":"category","embeddable":true,"href":"https:\/\/diarioavanzada.com.mx\/index.php?rest_route=%2Fwp%2Fv2%2Fcategories&post=10595"},{"taxonomy":"post_tag","embeddable":true,"href":"https:\/\/diarioavanzada.com.mx\/index.php?rest_route=%2Fwp%2Fv2%2Ftags&post=10595"}],"curies":[{"name":"wp","href":"https:\/\/api.w.org\/{rel}","templated":true}]}}