{"id":10591,"date":"2020-02-17T11:25:32","date_gmt":"2020-02-17T16:25:32","guid":{"rendered":"https:\/\/diarioavanzada.com.mx\/?p=10591"},"modified":"2020-02-17T11:26:12","modified_gmt":"2020-02-17T16:26:12","slug":"incremento-el-rezago-social-en-colima-en-este-gobierno","status":"publish","type":"post","link":"https:\/\/diarioavanzada.com.mx\/?p=10591","title":{"rendered":"El rezago social increment\u00f3 en Colima en este gobierno"},"content":{"rendered":"\n<p class=\"wp-block-paragraph\">Colima, M\u00e9xico, Avanzada (17\/02\/2020).- En los dos \u00faltimos a\u00f1os del gobierno actual, los principales indicadores de carencias sociales relacionadas con la pobreza incrementaron, seg\u00fan los \u00faltimos datos con los que cuenta el Consejo Nacional de Evaluaci\u00f3n de la Pol\u00edtica de Desarrollo Social (CONEVAL).<\/p>\n\n\n\n<p class=\"wp-block-paragraph\">En la entidad hay un mayor n\u00famero de personas en pobreza alimentaria, con rezago educativo, falta de acceso a la seguridad social y a la vivienda.<\/p>\n\n\n\n<p class=\"wp-block-paragraph\">Por ejemplo, en comparaci\u00f3n con el 2016, en la entidad colimense increment\u00f3 el n\u00famero de personas con carencia alimentaria. El CONEVAL registr\u00f3 en el 2016, 156 mil personas, en esa situaci\u00f3n y en el 2018, 165 mil; el aumento fue de 9 mil personas, equivalente a medio punto porcentual.<\/p>\n\n\n\n<p class=\"wp-block-paragraph\">En cuanto a carencia por servicios b\u00e1sicos de vivienda, en el 2016 se contabiliz\u00f3 a 63 mil personas, y en el 2018, a 80 mil. En cuanto a carencia por acceso a los servicios de Salud, el CONEVAL report\u00f3 en el 2016, 120 mil personas, y en el 2018, 127 mil.<\/p>\n\n\n\n<p class=\"wp-block-paragraph\">De igual forma, existe un incremento en personas con rezago educativo al pasar de 120 a 127 mil.<\/p>\n\n\n\n<p class=\"wp-block-paragraph\">En los \u00faltimos dos a\u00f1os, el gobierno de Colima ha declarado que disminuy\u00f3 el n\u00famero de pobres. Aunque, efectivamente el organismo que eval\u00faa las pol\u00edticas sociales en el pa\u00eds se\u00f1ala que en el 2016, hab\u00eda 248 mil&nbsp;pobres&nbsp;en el estado y en el 2018, la cifra disminuy\u00f3 a 235 mil, tambi\u00e9n muestra que en la entidad incrementaron casi todos los indicadores de carencia social.<\/p>\n\n\n\n<p class=\"wp-block-paragraph\">Lo anterior significa que aunque la poblaci\u00f3n en Colima tiene ingresos mayores a la l\u00ednea de bienestar, no tiene acceso a los servicios de salud, vivienda, y educaci\u00f3n, elementales para garantizar su desarrollo social y mejorar las condiciones de pobreza en las que se encuentra. &nbsp;<\/p>\n<div class=\"fb-background-color\">\n\t\t\t  <div \n\t\t\t  \tclass = \"fb-comments\" \n\t\t\t  \tdata-href = \"https:\/\/diarioavanzada.com.mx\/?p=10591\"\n\t\t\t  \tdata-numposts = \"10\"\n\t\t\t  \tdata-lazy = \"true\"\n\t\t\t\tdata-colorscheme = \"light\"\n\t\t\t\tdata-order-by = \"social\"\n\t\t\t\tdata-mobile=true>\n\t\t\t  <\/div><\/div>\n\t\t  <style>\n\t\t    .fb-background-color {\n\t\t\t\tbackground:  !important;\n\t\t\t}\n\t\t\t.fb_iframe_widget_fluid_desktop iframe {\n\t\t\t    width: 100% !important;\n\t\t\t}\n\t\t  <\/style>\n\t\t  ","protected":false},"excerpt":{"rendered":"<p>Colima, M\u00e9xico, Avanzada (17\/02\/2020).- En los dos \u00faltimos a\u00f1os del gobierno actual, los principales indicadores de carencias sociales relacionadas con la pobreza incrementaron, seg\u00fan los \u00faltimos datos con los que cuenta el Consejo Nacional de Evaluaci\u00f3n de la Pol\u00edtica de Desarrollo Social (CONEVAL). En la entidad hay un mayor n\u00famero de personas en pobreza alimentaria, [&hellip;]<\/p>\n","protected":false},"author":5,"featured_media":10592,"comment_status":"closed","ping_status":"closed","sticky":false,"template":"","format":"standard","meta":{"_coblocks_attr":"","_coblocks_dimensions":"","_coblocks_responsive_height":"","_coblocks_accordion_ie_support":"","_crdt_document":"","advanced_seo_description":"","jetpack_seo_html_title":"","jetpack_seo_noindex":false,"_jetpack_memberships_contains_paid_content":false,"footnotes":""},"categories":[19,231],"tags":[210],"class_list":["post-10591","post","type-post","status-publish","format-standard","has-post-thumbnail","hentry","category-colima","category-seguridad","tag-portada"],"jetpack_featured_media_url":"https:\/\/diarioavanzada.com.mx\/wp-content\/uploads\/2020\/02\/Colima-tierra-de-pobres.png","jetpack-related-posts":[],"jetpack_sharing_enabled":true,"amp_enabled":true,"_links":{"self":[{"href":"https:\/\/diarioavanzada.com.mx\/index.php?rest_route=\/wp\/v2\/posts\/10591","targetHints":{"allow":["GET"]}}],"collection":[{"href":"https:\/\/diarioavanzada.com.mx\/index.php?rest_route=\/wp\/v2\/posts"}],"about":[{"href":"https:\/\/diarioavanzada.com.mx\/index.php?rest_route=\/wp\/v2\/types\/post"}],"author":[{"embeddable":true,"href":"https:\/\/diarioavanzada.com.mx\/index.php?rest_route=\/wp\/v2\/users\/5"}],"replies":[{"embeddable":true,"href":"https:\/\/diarioavanzada.com.mx\/index.php?rest_route=%2Fwp%2Fv2%2Fcomments&post=10591"}],"version-history":[{"count":0,"href":"https:\/\/diarioavanzada.com.mx\/index.php?rest_route=\/wp\/v2\/posts\/10591\/revisions"}],"wp:featuredmedia":[{"embeddable":true,"href":"https:\/\/diarioavanzada.com.mx\/index.php?rest_route=\/wp\/v2\/media\/10592"}],"wp:attachment":[{"href":"https:\/\/diarioavanzada.com.mx\/index.php?rest_route=%2Fwp%2Fv2%2Fmedia&parent=10591"}],"wp:term":[{"taxonomy":"category","embeddable":true,"href":"https:\/\/diarioavanzada.com.mx\/index.php?rest_route=%2Fwp%2Fv2%2Fcategories&post=10591"},{"taxonomy":"post_tag","embeddable":true,"href":"https:\/\/diarioavanzada.com.mx\/index.php?rest_route=%2Fwp%2Fv2%2Ftags&post=10591"}],"curies":[{"name":"wp","href":"https:\/\/api.w.org\/{rel}","templated":true}]}}