{"id":105419,"date":"2025-11-06T13:42:35","date_gmt":"2025-11-06T19:42:35","guid":{"rendered":"https:\/\/diarioavanzada.com.mx\/?p=105419"},"modified":"2025-11-06T13:42:35","modified_gmt":"2025-11-06T19:42:35","slug":"aprueban-presupuesto-2026-tras-maratonica-sesion-en-san-lazaro","status":"publish","type":"post","link":"https:\/\/diarioavanzada.com.mx\/?p=105419","title":{"rendered":"Aprueban presupuesto 2026 tras marat\u00f3nica sesi\u00f3n en San L\u00e1zaro"},"content":{"rendered":"\n<p class=\"p1 wp-block-paragraph\"><em>En medio de tensos debates y ajustes millonarios, la C\u00e1mara de Diputados dio luz verde a un gasto federal sin precedentes, centrado en inversi\u00f3n social, educaci\u00f3n y apoyo a PEMEX.<\/em><\/p>\n\n\n\n<p class=\"p1 wp-block-paragraph\">Ciudad de M\u00e9xico, Avanzada (06\/11\/2025).- La C\u00e1mara de Diputados aprob\u00f3 durante la madrugada el presupuesto federal para 2026, tras una sesi\u00f3n que super\u00f3 las 20 horas y concluy\u00f3 alrededor de las 5:30. El dictamen recibi\u00f3 355 votos a favor y 132 en contra, y contempla un gasto total de 10 billones 193 mil millones de pesos, lo que representa un incremento real de 5.9% respecto a 2025.<\/p>\n\n\n\n<p class=\"p1 wp-block-paragraph\">Jos\u00e9 Ignacio Mart\u00ednez Cort\u00e9s, coordinador del Laboratorio de An\u00e1lisis en Comercio, Econom\u00eda y Negocios de la UNAM, se\u00f1al\u00f3 que el documento legislativo prioriza la inversi\u00f3n social, con mayores recursos para educaci\u00f3n, cultura, ciencia y tecnolog\u00eda.<\/p>\n\n\n\n<p class=\"p1 wp-block-paragraph\">Durante la discusi\u00f3n se avalaron reasignaciones por 17 mil 788 millones de pesos. Los principales recortes recayeron sobre el Poder Judicial \u2014por m\u00e1s de 15 mil millones\u2014 as\u00ed como sobre el INE, la FGR y la CNDH. Los montos fueron redirigidos en su mayor\u00eda a \u00e1reas como educaci\u00f3n, ciencia, medio ambiente, cultura y agricultura.<\/p>\n\n\n\n<p class=\"p1 wp-block-paragraph\">Mart\u00ednez Cort\u00e9s calific\u00f3 el paquete econ\u00f3mico como \u201cpreelectoral\u201d, pues estim\u00f3 que est\u00e1 orientado tanto a la inversi\u00f3n social como f\u00edsica, en un contexto que anticipa los comicios de 2027.<\/p>\n\n\n\n<p class=\"p1 wp-block-paragraph\">En materia de deuda, se autoriz\u00f3 un endeudamiento interno de 1.7 billones de pesos. Si bien afirm\u00f3 que este monto se mantiene dentro de los m\u00e1rgenes legales, el especialista subray\u00f3 la necesidad de estrictos mecanismos de vigilancia para impedir que los recursos se utilicen con fines electorales. Por ello, consider\u00f3 indispensable que la oposici\u00f3n mantenga un seguimiento mensual y trimestral de las cuentas p\u00fablicas, ya que \u201cm\u00e1s all\u00e1 de las cifras, el control pol\u00edtico es clave\u201d.<\/p>\n\n\n\n<p class=\"p1 wp-block-paragraph\">El economista tambi\u00e9n destac\u00f3 las inyecciones presupuestales a PEMEX orientadas a disminuir sus costos operativos y atender pasivos internos. Advirti\u00f3 que, tras d\u00e9cadas de subsidios, se espera que la refiner\u00eda de Dos Bocas genere resultados que contribuyan a la recuperaci\u00f3n financiera de la empresa y a la econom\u00eda del pa\u00eds.<\/p>\n<div class=\"fb-background-color\">\n\t\t\t  <div \n\t\t\t  \tclass = \"fb-comments\" \n\t\t\t  \tdata-href = \"https:\/\/diarioavanzada.com.mx\/?p=105419\"\n\t\t\t  \tdata-numposts = \"10\"\n\t\t\t  \tdata-lazy = \"true\"\n\t\t\t\tdata-colorscheme = \"light\"\n\t\t\t\tdata-order-by = \"social\"\n\t\t\t\tdata-mobile=true>\n\t\t\t  <\/div><\/div>\n\t\t  <style>\n\t\t    .fb-background-color {\n\t\t\t\tbackground:  !important;\n\t\t\t}\n\t\t\t.fb_iframe_widget_fluid_desktop iframe {\n\t\t\t    width: 100% !important;\n\t\t\t}\n\t\t  <\/style>\n\t\t  ","protected":false},"excerpt":{"rendered":"<p>En medio de tensos debates y ajustes millonarios, la C\u00e1mara de Diputados dio luz verde a un gasto federal sin precedentes, centrado en inversi\u00f3n social, educaci\u00f3n y apoyo a PEMEX. Ciudad de M\u00e9xico, Avanzada (06\/11\/2025).- La C\u00e1mara de Diputados aprob\u00f3 durante la madrugada el presupuesto federal para 2026, tras una sesi\u00f3n que super\u00f3 las 20 [&hellip;]<\/p>\n","protected":false},"author":7,"featured_media":105418,"comment_status":"closed","ping_status":"closed","sticky":false,"template":"","format":"standard","meta":{"_coblocks_attr":"","_coblocks_dimensions":"","_coblocks_responsive_height":"","_coblocks_accordion_ie_support":"","_crdt_document":"","advanced_seo_description":"","jetpack_seo_html_title":"","jetpack_seo_noindex":false,"_jetpack_memberships_contains_paid_content":false,"footnotes":""},"categories":[22,7,29],"tags":[],"class_list":["post-105419","post","type-post","status-publish","format-standard","has-post-thumbnail","hentry","category-nacion","category-noticias","category-sociedad"],"jetpack_featured_media_url":"https:\/\/diarioavanzada.com.mx\/wp-content\/uploads\/2025\/11\/img_7803.jpg","jetpack-related-posts":[],"jetpack_sharing_enabled":true,"amp_enabled":true,"_links":{"self":[{"href":"https:\/\/diarioavanzada.com.mx\/index.php?rest_route=\/wp\/v2\/posts\/105419","targetHints":{"allow":["GET"]}}],"collection":[{"href":"https:\/\/diarioavanzada.com.mx\/index.php?rest_route=\/wp\/v2\/posts"}],"about":[{"href":"https:\/\/diarioavanzada.com.mx\/index.php?rest_route=\/wp\/v2\/types\/post"}],"author":[{"embeddable":true,"href":"https:\/\/diarioavanzada.com.mx\/index.php?rest_route=\/wp\/v2\/users\/7"}],"replies":[{"embeddable":true,"href":"https:\/\/diarioavanzada.com.mx\/index.php?rest_route=%2Fwp%2Fv2%2Fcomments&post=105419"}],"version-history":[{"count":1,"href":"https:\/\/diarioavanzada.com.mx\/index.php?rest_route=\/wp\/v2\/posts\/105419\/revisions"}],"predecessor-version":[{"id":105430,"href":"https:\/\/diarioavanzada.com.mx\/index.php?rest_route=\/wp\/v2\/posts\/105419\/revisions\/105430"}],"wp:featuredmedia":[{"embeddable":true,"href":"https:\/\/diarioavanzada.com.mx\/index.php?rest_route=\/wp\/v2\/media\/105418"}],"wp:attachment":[{"href":"https:\/\/diarioavanzada.com.mx\/index.php?rest_route=%2Fwp%2Fv2%2Fmedia&parent=105419"}],"wp:term":[{"taxonomy":"category","embeddable":true,"href":"https:\/\/diarioavanzada.com.mx\/index.php?rest_route=%2Fwp%2Fv2%2Fcategories&post=105419"},{"taxonomy":"post_tag","embeddable":true,"href":"https:\/\/diarioavanzada.com.mx\/index.php?rest_route=%2Fwp%2Fv2%2Ftags&post=105419"}],"curies":[{"name":"wp","href":"https:\/\/api.w.org\/{rel}","templated":true}]}}