{"id":105228,"date":"2025-11-04T20:08:04","date_gmt":"2025-11-05T02:08:04","guid":{"rendered":"https:\/\/diarioavanzada.com.mx\/?p=105228"},"modified":"2025-11-04T20:08:09","modified_gmt":"2025-11-05T02:08:09","slug":"presentan-plataforma-saberesmx-en-la-primera-reunion-nacional-de-educacion-superior","status":"publish","type":"post","link":"https:\/\/diarioavanzada.com.mx\/?p=105228","title":{"rendered":"Presentan plataforma SaberesMX en la primera reuni\u00f3n nacional de educaci\u00f3n superior"},"content":{"rendered":"\n<p class=\"wp-block-paragraph\" id=\"block-d6b4be42-23e0-445b-aed5-1a48888ce818\"><em>La presidenta Sheinbaum llam\u00f3 a ampliar la matr\u00edcula, articular educaci\u00f3n b\u00e1sica, media superior y universidad, colaborar juntos en la soluci\u00f3n de problemas nacionales e integrar contenidos a SaberesMX. A la reuni\u00f3n asisti\u00f3 el rector de la UdeC, Christian Torres Ortiz.<\/em><\/p>\n\n\n\n<p class=\"wp-block-paragraph\">Colima, M\u00e9xico, Comunicado (04\/11\/2025).- La Ciudad de M\u00e9xico fue sede, este martes al mediod\u00eda, de la Primera reuni\u00f3n nacional de Universidades e Instituciones de Educaci\u00f3n Superior para la Transformaci\u00f3n de M\u00e9xico, celebrada en el edificio central de la Secretar\u00eda de Educaci\u00f3n P\u00fablica (SEP). El encuentro fue presidido por la presidenta de M\u00e9xico, Claudia Sheinbaum Pardo.<\/p>\n\n\n\n<p class=\"wp-block-paragraph\">Participaron el secretario de Educaci\u00f3n Mario Delgado; la secretaria de Ciencias, Humanidades, Tecnolog\u00eda e Innovaci\u00f3n, Rosaura Ruiz; el subsecretario de Educaci\u00f3n Superior, Ricardo Villanueva; el rector de la UNAM, Leonardo Lomel\u00ed y el director del IPN, Arturo Reyes.<\/p>\n\n\n\n<p class=\"wp-block-paragraph\">Entre otros, asistieron a la reuni\u00f3n el secretario general ejecutivo de la ANUIES Luis Armando Gonz\u00e1lez; la rectora de la Universidad Rosario Castellanos, Alma Herrera, y por Colima el rector de la UdeC, Dr. Christian Jorge Torres Ortiz Zerme\u00f1o y los rectores y rectoras de las dem\u00e1s universidades en el estado.<\/p>\n\n\n\n<p class=\"wp-block-paragraph\"><strong>SaberesMX<\/strong><\/p>\n\n\n\n<p class=\"wp-block-paragraph\">Como parte central del encuentro se present\u00f3 SaberesMX, una plataforma p\u00fablica, gratuita y abierta que integrar\u00e1 cursos, trayectorias flexibles y microcredenciales para todas las edades, reconociendo aprendizajes formales, no formales e informales -desde c\u00e1lculo o termodin\u00e1mica hasta lenguas originarias, inteligencia artificial o civismo constitucional-, de modo que cualquier persona pueda volver a la universidad cuando lo necesite para actualizarse o reconvertir su perfil profesional.<\/p>\n\n\n\n<p class=\"wp-block-paragraph\">En este sentido, se habl\u00f3 de la educaci\u00f3n como un derecho y no un privilegio, y se dijo que es necesario concebir a las universidades, sobre todo p\u00fablicas, como un puerto al que las y los mexicanos puedan volver cuantas veces necesiten, y no como una estaci\u00f3n de paso a la que s\u00f3lo se visita una vez en la vida.<\/p>\n\n\n\n<p class=\"wp-block-paragraph\">En su intervenci\u00f3n, Sheinbaum enfatiz\u00f3 que la educaci\u00f3n p\u00fablica debe seguir siendo gratuita, cient\u00edfica, humanista y universal, evitando su mercantilizaci\u00f3n. Record\u00f3 las luchas estudiantiles de los a\u00f1os ochenta contra las colegiaturas y contra los rechazados, y afirm\u00f3 que ese mismo esp\u00edritu gu\u00eda hoy a su gobierno: garantizar que toda persona con evaluaci\u00f3n positiva en su ciclo previo tenga derecho a continuar sus estudios. \u201cMientras m\u00e1s espacios educativos abramos y mientras m\u00e1s humanista sea la educaci\u00f3n, habr\u00e1 menos desigualdad\u201d, afirm\u00f3.<\/p>\n\n\n\n<p class=\"wp-block-paragraph\"><strong>Convocatorias<\/strong><\/p>\n\n\n\n<p class=\"wp-block-paragraph\">Claudia Sheinbaum comparti\u00f3 cinco convocatorias con las instituciones de educaci\u00f3n superior:<\/p>\n\n\n\n<p class=\"wp-block-paragraph\">Ampliar la matr\u00edcula y abrir m\u00e1s espacios -presencial y a distancia- para avanzar hacia un modelo sin rechazados; Articular el sistema educativo acercando a las universidades con la educaci\u00f3n b\u00e1sica y media superior, \u201cpara dejar de ser islas\u201d y Poner en el centro la formaci\u00f3n integral, con \u00e9nfasis en la salud mental y educaci\u00f3n socioemocional; Construir soluciones junto con el gobierno a los grandes problemas nacionales -sin menoscabo de la autonom\u00eda- fortaleciendo la soberan\u00eda cient\u00edfica y tecnol\u00f3gica; y Sumarse a la plataforma SaberesMX, subiendo contenidos y certificaciones para democratizar el acceso al conocimiento.<\/p>\n\n\n\n<p class=\"wp-block-paragraph\">El secretario Mario Delgado enmarc\u00f3 el reto en un mundo de cambios acelerados y defendi\u00f3 a la universidad como espacio de resistencia ante la \u201cfatiga del rendimiento\u201d. Llam\u00f3 a educar para la alegr\u00eda de aprender juntos, no s\u00f3lo para la productividad. El rector de la UNAM, Leonardo Lomel\u00ed, subray\u00f3 la obsolescencia acelerada del conocimiento y la necesidad de educaci\u00f3n continua en l\u00ednea para certificar habilidades espec\u00edficas y construir seguridad laboral en transiciones profesionales cada vez m\u00e1s frecuentes.<\/p>\n\n\n\n<p class=\"wp-block-paragraph\">Ricardo Villanueva, subsecretario de Educaci\u00f3n Superior, invit\u00f3 a las instituciones educativas a transformar M\u00e9xico sin tab\u00faes ni distingos, y a demostrar con hechos la capacidad del sistema para movilizarse en causas comunes. Record\u00f3 acciones colectivas recientes -como la convocatoria nacional de tequios y las Jornadas por la Paz y contra las Adicciones- que activaron miles de sedes y movilizaron a cientos de miles de estudiantes, evidenciando que cuando las universidades se coordinan \u201clo que era una meta modesta se multiplica por diez\u201d.<\/p>\n\n\n\n<p class=\"wp-block-paragraph\">Villanueva pidi\u00f3 agilizar la actualizaci\u00f3n acad\u00e9mica con cursos cortos y con el uso de microcredenciales y anunci\u00f3 la entrega de los lineamientos del Marco Mexicano de Cualificaciones para impulsar trayectorias flexibles.<\/p>\n\n\n\n<p class=\"wp-block-paragraph\">Advirti\u00f3 que el modelo universitario \u201cde 18 a 23 a\u00f1os\u201d qued\u00f3 atr\u00e1s: la educaci\u00f3n debe ser realmente para toda la vida, con cambios curriculares m\u00e1s r\u00e1pidos, menos burocracia y una oferta capaz de responder al consumo de informaci\u00f3n \u201ca la carta\u201d de las nuevas generaciones. En este contexto, habl\u00f3 de la plataforma SaberesMX, para actualizar a estudiantes y egresados \u201cal ritmo al que cambia el mundo\u201d, en ciclos m\u00e1s cortos que las reformas curriculares tradicionales.<\/p>\n\n\n\n<p class=\"wp-block-paragraph\">Desde la SECIHT, Rosaura Ruiz present\u00f3 una hoja de ruta 2025\u20132030 basada en gobernanza colaborativa del conocimiento y proyectos estrat\u00e9gicos: un Centro Nacional de C\u00f3mputo interconectado por cl\u00fasteres universitarios, un Laboratorio Nacional de Inteligencia Artificial, as\u00ed como redes sobre cambio clim\u00e1tico y alertas tempranas. A su vez, el director del IPN, Arturo Reyes, vincul\u00f3 cobertura y pertinencia con justicia regional y educaci\u00f3n virtual para garantizar soberan\u00eda digital y formar talento en \u00e1reas clave como IA, semiconductores y movilidad ferroviaria.<\/p>\n\n\n\n<p class=\"wp-block-paragraph\">En la parte final de su mensaje, Reyes subray\u00f3 que la academia debe ser un actor estrat\u00e9gico del desarrollo nacional, aportando soluciones en sectores productivos, energ\u00e9ticos y de movilidad. Reafirm\u00f3 que la t\u00e9cnica \u201cal servicio de la patria\u201d debe traducirse en soberan\u00eda tecnol\u00f3gica, reducci\u00f3n de desigualdades educativas y entornos libres de violencia. Adem\u00e1s, record\u00f3 que el bienestar socioemocional es hoy tan relevante como la excelencia acad\u00e9mica, por lo que las IES est\u00e1n obligadas a ofrecer acompa\u00f1amiento integral. \u201cJam\u00e1s debemos perder de vista a quienes son la raz\u00f3n de ser de todo este esfuerzo: nuestras y nuestros j\u00f3venes\u201d, concluy\u00f3.<\/p>\n\n\n\n<p class=\"wp-block-paragraph\">La reuni\u00f3n cerr\u00f3 con el consenso de que la transformaci\u00f3n educativa exige abrir puertas, sumar contenidos a SaberesMX, acompa\u00f1ar a las juventudes y certificar saberes a lo largo de la vida. En ese horizonte, coincidieron, las universidades mexicanas deben ser el coraz\u00f3n del progreso, un lugar al que siempre se pueda volver y un puente constante entre conocimiento y comunidad.<\/p>\n\n\n\n<p class=\"wp-block-paragraph\"><\/p>\n\n\n\n<figure class=\"wp-block-image size-large\"><img loading=\"lazy\" decoding=\"async\" width=\"1024\" height=\"642\" src=\"https:\/\/diarioavanzada.com.mx\/wp-content\/uploads\/2025\/11\/Presentan-SaberesMX-en-la-Reunion-nacional-de-educacion-superior_a-2-1024x642.jpg\" alt=\"\" class=\"wp-image-105233\" srcset=\"https:\/\/diarioavanzada.com.mx\/wp-content\/uploads\/2025\/11\/Presentan-SaberesMX-en-la-Reunion-nacional-de-educacion-superior_a-2-1024x642.jpg 1024w, https:\/\/diarioavanzada.com.mx\/wp-content\/uploads\/2025\/11\/Presentan-SaberesMX-en-la-Reunion-nacional-de-educacion-superior_a-2-300x188.jpg 300w, https:\/\/diarioavanzada.com.mx\/wp-content\/uploads\/2025\/11\/Presentan-SaberesMX-en-la-Reunion-nacional-de-educacion-superior_a-2-768x482.jpg 768w, https:\/\/diarioavanzada.com.mx\/wp-content\/uploads\/2025\/11\/Presentan-SaberesMX-en-la-Reunion-nacional-de-educacion-superior_a-2-1200x753.jpg 1200w, https:\/\/diarioavanzada.com.mx\/wp-content\/uploads\/2025\/11\/Presentan-SaberesMX-en-la-Reunion-nacional-de-educacion-superior_a-2.jpg 1500w\" sizes=\"auto, (max-width: 1024px) 100vw, 1024px\" \/><figcaption class=\"wp-element-caption\">Cuauht\u00e9moc, Ciudad de M\u00e9xico, M\u00e9xico, 4 de noviembre de 2025. La doctora Claudia Sheinbaum Pardo, presidenta Constitucional de los Estados Unidos Mexicanos en Reuni\u00f3n Nacional de Universidades e Instituciones P\u00fablicas de Educaci\u00f3n Superior. Ciudad de M\u00e9xico. La acompa\u00f1an: Sofon\u00edas Milca Antonio Gonz\u00e1lez, rectora de la Universidad Intercultural del Pueblo; Mar\u00eda Lilia Cedillo Ram\u00edrez, rectora de la Benem\u00e9rita Universidad de Puebla; Luis Armando Gonz\u00e1lez Plascencia, secretario general ejecutivo de la Asociaci\u00f3n Nacional de Universidades e Instituciones de Educaci\u00f3n Superior de M\u00e9xico; Rosa Mar\u00eda Torres Hern\u00e1ndez, rectora de la Universidad Pedag\u00f3gica Nacional; Alma X\u00f3chitl Herrera M\u00e1rquez, rectora de la Universidad Nacional Rosario Castellanos; Ricardo Villanueva Lomel\u00ed, subsecretario de Educaci\u00f3n Superior; Mario Delgado Carrillo, secretario de Educaci\u00f3n P\u00fablica; Rosaura Ruiz Guti\u00e9rrez, secretaria de Ciencia, Humanidades, Tecnolog \u00eda e Innovaci\u00f3n; Leonardo Lomel\u00ed Vanegas, rector de la Universidad Nacional Aut\u00f3noma de M\u00e9xico; Arturo Reyes Sandoval, director general del Instituto Polit\u00e9cnico Nacional (IPN); Lilian Kravzov Appel, rectora de la Universidad Nacional Abierta y a Distancia; Ram\u00f3n Jim\u00e9nez L\u00f3pez, director general del Tecnol\u00f3gico Nacional de M\u00e9xico; Irasema Ernestina Linares Medina, rectora de la Universidad Tecnol\u00f3gica de Tula Tepeji y Mar\u00eda Guadalupe Guzm\u00e1n Villa, directora de la Escuela Normal del Valle del Mezquital en Hidalgo. Foto: Hazel C\u00e1rdenas \/ Presidencia<\/figcaption><\/figure>\n\n\n\n<figure class=\"wp-block-image size-large\"><img loading=\"lazy\" decoding=\"async\" width=\"1024\" height=\"683\" src=\"https:\/\/diarioavanzada.com.mx\/wp-content\/uploads\/2025\/11\/Presentan-SaberesMX-en-la-Reunion-nacional-de-educacion-superior_Arturo-1024x683.jpg\" alt=\"\" class=\"wp-image-105234\" srcset=\"https:\/\/diarioavanzada.com.mx\/wp-content\/uploads\/2025\/11\/Presentan-SaberesMX-en-la-Reunion-nacional-de-educacion-superior_Arturo-1024x683.jpg 1024w, https:\/\/diarioavanzada.com.mx\/wp-content\/uploads\/2025\/11\/Presentan-SaberesMX-en-la-Reunion-nacional-de-educacion-superior_Arturo-300x200.jpg 300w, https:\/\/diarioavanzada.com.mx\/wp-content\/uploads\/2025\/11\/Presentan-SaberesMX-en-la-Reunion-nacional-de-educacion-superior_Arturo-768x512.jpg 768w, https:\/\/diarioavanzada.com.mx\/wp-content\/uploads\/2025\/11\/Presentan-SaberesMX-en-la-Reunion-nacional-de-educacion-superior_Arturo-1200x800.jpg 1200w, https:\/\/diarioavanzada.com.mx\/wp-content\/uploads\/2025\/11\/Presentan-SaberesMX-en-la-Reunion-nacional-de-educacion-superior_Arturo.jpg 1500w\" sizes=\"auto, (max-width: 1024px) 100vw, 1024px\" \/><\/figure>\n\n\n\n<figure class=\"wp-block-image size-large\"><img loading=\"lazy\" decoding=\"async\" width=\"1024\" height=\"683\" src=\"https:\/\/diarioavanzada.com.mx\/wp-content\/uploads\/2025\/11\/Presentan-SaberesMX-en-la-Reunion-nacional-de-educacion-superior-1024x683.jpg\" alt=\"\" class=\"wp-image-105236\" srcset=\"https:\/\/diarioavanzada.com.mx\/wp-content\/uploads\/2025\/11\/Presentan-SaberesMX-en-la-Reunion-nacional-de-educacion-superior-1024x683.jpg 1024w, https:\/\/diarioavanzada.com.mx\/wp-content\/uploads\/2025\/11\/Presentan-SaberesMX-en-la-Reunion-nacional-de-educacion-superior-300x200.jpg 300w, https:\/\/diarioavanzada.com.mx\/wp-content\/uploads\/2025\/11\/Presentan-SaberesMX-en-la-Reunion-nacional-de-educacion-superior-768x512.jpg 768w, https:\/\/diarioavanzada.com.mx\/wp-content\/uploads\/2025\/11\/Presentan-SaberesMX-en-la-Reunion-nacional-de-educacion-superior-1200x800.jpg 1200w, https:\/\/diarioavanzada.com.mx\/wp-content\/uploads\/2025\/11\/Presentan-SaberesMX-en-la-Reunion-nacional-de-educacion-superior.jpg 1500w\" sizes=\"auto, (max-width: 1024px) 100vw, 1024px\" \/><\/figure>\n\n\n\n<figure class=\"wp-block-image size-large\"><img loading=\"lazy\" decoding=\"async\" width=\"1024\" height=\"576\" src=\"https:\/\/diarioavanzada.com.mx\/wp-content\/uploads\/2025\/11\/Presentan-SaberesMX-en-la-Reunion-nacional-de-educacion-superior_b-1024x576.jpeg\" alt=\"\" class=\"wp-image-105237\" srcset=\"https:\/\/diarioavanzada.com.mx\/wp-content\/uploads\/2025\/11\/Presentan-SaberesMX-en-la-Reunion-nacional-de-educacion-superior_b-1024x576.jpeg 1024w, https:\/\/diarioavanzada.com.mx\/wp-content\/uploads\/2025\/11\/Presentan-SaberesMX-en-la-Reunion-nacional-de-educacion-superior_b-300x169.jpeg 300w, https:\/\/diarioavanzada.com.mx\/wp-content\/uploads\/2025\/11\/Presentan-SaberesMX-en-la-Reunion-nacional-de-educacion-superior_b-768x432.jpeg 768w, https:\/\/diarioavanzada.com.mx\/wp-content\/uploads\/2025\/11\/Presentan-SaberesMX-en-la-Reunion-nacional-de-educacion-superior_b-1536x864.jpeg 1536w, https:\/\/diarioavanzada.com.mx\/wp-content\/uploads\/2025\/11\/Presentan-SaberesMX-en-la-Reunion-nacional-de-educacion-superior_b-2048x1152.jpeg 2048w, https:\/\/diarioavanzada.com.mx\/wp-content\/uploads\/2025\/11\/Presentan-SaberesMX-en-la-Reunion-nacional-de-educacion-superior_b-1200x675.jpeg 1200w\" sizes=\"auto, (max-width: 1024px) 100vw, 1024px\" \/><\/figure>\n\n\n\n<figure class=\"wp-block-image size-large\"><img loading=\"lazy\" decoding=\"async\" width=\"1024\" height=\"768\" src=\"https:\/\/diarioavanzada.com.mx\/wp-content\/uploads\/2025\/11\/Presentan-SaberesMX-en-la-Reunion-nacional-de-educacion-superior_c-1024x768.jpeg\" alt=\"\" class=\"wp-image-105239\" srcset=\"https:\/\/diarioavanzada.com.mx\/wp-content\/uploads\/2025\/11\/Presentan-SaberesMX-en-la-Reunion-nacional-de-educacion-superior_c-1024x768.jpeg 1024w, https:\/\/diarioavanzada.com.mx\/wp-content\/uploads\/2025\/11\/Presentan-SaberesMX-en-la-Reunion-nacional-de-educacion-superior_c-300x225.jpeg 300w, https:\/\/diarioavanzada.com.mx\/wp-content\/uploads\/2025\/11\/Presentan-SaberesMX-en-la-Reunion-nacional-de-educacion-superior_c-768x576.jpeg 768w, https:\/\/diarioavanzada.com.mx\/wp-content\/uploads\/2025\/11\/Presentan-SaberesMX-en-la-Reunion-nacional-de-educacion-superior_c-1536x1152.jpeg 1536w, https:\/\/diarioavanzada.com.mx\/wp-content\/uploads\/2025\/11\/Presentan-SaberesMX-en-la-Reunion-nacional-de-educacion-superior_c-2048x1536.jpeg 2048w, https:\/\/diarioavanzada.com.mx\/wp-content\/uploads\/2025\/11\/Presentan-SaberesMX-en-la-Reunion-nacional-de-educacion-superior_c-1200x900.jpeg?crop=1 1200w, https:\/\/diarioavanzada.com.mx\/wp-content\/uploads\/2025\/11\/Presentan-SaberesMX-en-la-Reunion-nacional-de-educacion-superior_c-800x600.jpeg?crop=1 800w, https:\/\/diarioavanzada.com.mx\/wp-content\/uploads\/2025\/11\/Presentan-SaberesMX-en-la-Reunion-nacional-de-educacion-superior_c-600x450.jpeg?crop=1 600w, https:\/\/diarioavanzada.com.mx\/wp-content\/uploads\/2025\/11\/Presentan-SaberesMX-en-la-Reunion-nacional-de-educacion-superior_c-400x300.jpeg?crop=1 400w, https:\/\/diarioavanzada.com.mx\/wp-content\/uploads\/2025\/11\/Presentan-SaberesMX-en-la-Reunion-nacional-de-educacion-superior_c-200x150.jpeg?crop=1 200w\" sizes=\"auto, (max-width: 1024px) 100vw, 1024px\" \/><\/figure>\n\n\n\n<figure class=\"wp-block-image size-large\"><img loading=\"lazy\" decoding=\"async\" width=\"1024\" height=\"683\" src=\"https:\/\/diarioavanzada.com.mx\/wp-content\/uploads\/2025\/11\/Presentan-SaberesMX-en-la-Reunion-nacional-de-educacion-superior_Mario-1024x683.jpg\" alt=\"\" class=\"wp-image-105240\" srcset=\"https:\/\/diarioavanzada.com.mx\/wp-content\/uploads\/2025\/11\/Presentan-SaberesMX-en-la-Reunion-nacional-de-educacion-superior_Mario-1024x683.jpg 1024w, https:\/\/diarioavanzada.com.mx\/wp-content\/uploads\/2025\/11\/Presentan-SaberesMX-en-la-Reunion-nacional-de-educacion-superior_Mario-300x200.jpg 300w, https:\/\/diarioavanzada.com.mx\/wp-content\/uploads\/2025\/11\/Presentan-SaberesMX-en-la-Reunion-nacional-de-educacion-superior_Mario-768x512.jpg 768w, https:\/\/diarioavanzada.com.mx\/wp-content\/uploads\/2025\/11\/Presentan-SaberesMX-en-la-Reunion-nacional-de-educacion-superior_Mario-1200x800.jpg 1200w, https:\/\/diarioavanzada.com.mx\/wp-content\/uploads\/2025\/11\/Presentan-SaberesMX-en-la-Reunion-nacional-de-educacion-superior_Mario.jpg 1500w\" sizes=\"auto, (max-width: 1024px) 100vw, 1024px\" \/><\/figure>\n\n\n\n<figure class=\"wp-block-image size-large\"><img loading=\"lazy\" decoding=\"async\" width=\"1024\" height=\"683\" src=\"https:\/\/diarioavanzada.com.mx\/wp-content\/uploads\/2025\/11\/Presentan-SaberesMX-en-la-Reunion-nacional-de-educacion-superior_Lomeli-1024x683.jpg\" alt=\"\" class=\"wp-image-105242\" srcset=\"https:\/\/diarioavanzada.com.mx\/wp-content\/uploads\/2025\/11\/Presentan-SaberesMX-en-la-Reunion-nacional-de-educacion-superior_Lomeli-1024x683.jpg 1024w, https:\/\/diarioavanzada.com.mx\/wp-content\/uploads\/2025\/11\/Presentan-SaberesMX-en-la-Reunion-nacional-de-educacion-superior_Lomeli-300x200.jpg 300w, https:\/\/diarioavanzada.com.mx\/wp-content\/uploads\/2025\/11\/Presentan-SaberesMX-en-la-Reunion-nacional-de-educacion-superior_Lomeli-768x512.jpg 768w, https:\/\/diarioavanzada.com.mx\/wp-content\/uploads\/2025\/11\/Presentan-SaberesMX-en-la-Reunion-nacional-de-educacion-superior_Lomeli-1200x800.jpg 1200w, https:\/\/diarioavanzada.com.mx\/wp-content\/uploads\/2025\/11\/Presentan-SaberesMX-en-la-Reunion-nacional-de-educacion-superior_Lomeli.jpg 1500w\" sizes=\"auto, (max-width: 1024px) 100vw, 1024px\" \/><\/figure>\n\n\n\n<figure class=\"wp-block-image size-large\"><img loading=\"lazy\" decoding=\"async\" width=\"827\" height=\"1024\" src=\"https:\/\/diarioavanzada.com.mx\/wp-content\/uploads\/2025\/11\/Presentan-SaberesMX-en-la-Reunion-nacional-de-educacion-superior_Rector-UdeC_a-827x1024.jpg\" alt=\"\" class=\"wp-image-105243\" srcset=\"https:\/\/diarioavanzada.com.mx\/wp-content\/uploads\/2025\/11\/Presentan-SaberesMX-en-la-Reunion-nacional-de-educacion-superior_Rector-UdeC_a-827x1024.jpg 827w, https:\/\/diarioavanzada.com.mx\/wp-content\/uploads\/2025\/11\/Presentan-SaberesMX-en-la-Reunion-nacional-de-educacion-superior_Rector-UdeC_a-242x300.jpg 242w, https:\/\/diarioavanzada.com.mx\/wp-content\/uploads\/2025\/11\/Presentan-SaberesMX-en-la-Reunion-nacional-de-educacion-superior_Rector-UdeC_a-768x952.jpg 768w, https:\/\/diarioavanzada.com.mx\/wp-content\/uploads\/2025\/11\/Presentan-SaberesMX-en-la-Reunion-nacional-de-educacion-superior_Rector-UdeC_a-1240x1536.jpg 1240w, https:\/\/diarioavanzada.com.mx\/wp-content\/uploads\/2025\/11\/Presentan-SaberesMX-en-la-Reunion-nacional-de-educacion-superior_Rector-UdeC_a-1200x1487.jpg 1200w, https:\/\/diarioavanzada.com.mx\/wp-content\/uploads\/2025\/11\/Presentan-SaberesMX-en-la-Reunion-nacional-de-educacion-superior_Rector-UdeC_a.jpg 1653w\" sizes=\"auto, (max-width: 827px) 100vw, 827px\" \/><\/figure>\n\n\n\n<figure class=\"wp-block-image size-large\"><img loading=\"lazy\" decoding=\"async\" width=\"1024\" height=\"599\" src=\"https:\/\/diarioavanzada.com.mx\/wp-content\/uploads\/2025\/11\/Presentan-SaberesMX-en-la-Reunion-nacional-de-educacion-superior_Sheinbaum-1024x599.jpg\" alt=\"\" class=\"wp-image-105246\" srcset=\"https:\/\/diarioavanzada.com.mx\/wp-content\/uploads\/2025\/11\/Presentan-SaberesMX-en-la-Reunion-nacional-de-educacion-superior_Sheinbaum-1024x599.jpg 1024w, https:\/\/diarioavanzada.com.mx\/wp-content\/uploads\/2025\/11\/Presentan-SaberesMX-en-la-Reunion-nacional-de-educacion-superior_Sheinbaum-300x176.jpg 300w, https:\/\/diarioavanzada.com.mx\/wp-content\/uploads\/2025\/11\/Presentan-SaberesMX-en-la-Reunion-nacional-de-educacion-superior_Sheinbaum-768x450.jpg 768w, https:\/\/diarioavanzada.com.mx\/wp-content\/uploads\/2025\/11\/Presentan-SaberesMX-en-la-Reunion-nacional-de-educacion-superior_Sheinbaum-1200x702.jpg 1200w, https:\/\/diarioavanzada.com.mx\/wp-content\/uploads\/2025\/11\/Presentan-SaberesMX-en-la-Reunion-nacional-de-educacion-superior_Sheinbaum.jpg 1500w\" sizes=\"auto, (max-width: 1024px) 100vw, 1024px\" \/><\/figure>\n\n\n\n<figure class=\"wp-block-image size-large\"><img loading=\"lazy\" decoding=\"async\" width=\"1024\" height=\"683\" src=\"https:\/\/diarioavanzada.com.mx\/wp-content\/uploads\/2025\/11\/Presentan-SaberesMX-en-la-Reunion-nacional-de-educacion-superior_Sheinbaum_a-1024x683.jpg\" alt=\"\" class=\"wp-image-105248\" srcset=\"https:\/\/diarioavanzada.com.mx\/wp-content\/uploads\/2025\/11\/Presentan-SaberesMX-en-la-Reunion-nacional-de-educacion-superior_Sheinbaum_a-1024x683.jpg 1024w, https:\/\/diarioavanzada.com.mx\/wp-content\/uploads\/2025\/11\/Presentan-SaberesMX-en-la-Reunion-nacional-de-educacion-superior_Sheinbaum_a-300x200.jpg 300w, https:\/\/diarioavanzada.com.mx\/wp-content\/uploads\/2025\/11\/Presentan-SaberesMX-en-la-Reunion-nacional-de-educacion-superior_Sheinbaum_a-768x512.jpg 768w, https:\/\/diarioavanzada.com.mx\/wp-content\/uploads\/2025\/11\/Presentan-SaberesMX-en-la-Reunion-nacional-de-educacion-superior_Sheinbaum_a-1200x800.jpg 1200w, https:\/\/diarioavanzada.com.mx\/wp-content\/uploads\/2025\/11\/Presentan-SaberesMX-en-la-Reunion-nacional-de-educacion-superior_Sheinbaum_a.jpg 1500w\" sizes=\"auto, (max-width: 1024px) 100vw, 1024px\" \/><\/figure>\n\n\n\n<p class=\"wp-block-paragraph\"><\/p>\n<div class=\"fb-background-color\">\n\t\t\t  <div \n\t\t\t  \tclass = \"fb-comments\" \n\t\t\t  \tdata-href = \"https:\/\/diarioavanzada.com.mx\/?p=105228\"\n\t\t\t  \tdata-numposts = \"10\"\n\t\t\t  \tdata-lazy = \"true\"\n\t\t\t\tdata-colorscheme = \"light\"\n\t\t\t\tdata-order-by = \"social\"\n\t\t\t\tdata-mobile=true>\n\t\t\t  <\/div><\/div>\n\t\t  <style>\n\t\t    .fb-background-color {\n\t\t\t\tbackground:  !important;\n\t\t\t}\n\t\t\t.fb_iframe_widget_fluid_desktop iframe {\n\t\t\t    width: 100% !important;\n\t\t\t}\n\t\t  <\/style>\n\t\t  ","protected":false},"excerpt":{"rendered":"<p>La presidenta Sheinbaum llam\u00f3 a ampliar la matr\u00edcula, articular educaci\u00f3n b\u00e1sica, media superior y universidad, colaborar juntos en la soluci\u00f3n de problemas nacionales e integrar contenidos a SaberesMX. A la reuni\u00f3n asisti\u00f3 el rector de la UdeC, Christian Torres Ortiz. Colima, M\u00e9xico, Comunicado (04\/11\/2025).- La Ciudad de M\u00e9xico fue sede, este martes al mediod\u00eda, de [&hellip;]<\/p>\n","protected":false},"author":7,"featured_media":105245,"comment_status":"closed","ping_status":"closed","sticky":false,"template":"","format":"standard","meta":{"_coblocks_attr":"","_coblocks_dimensions":"","_coblocks_responsive_height":"","_coblocks_accordion_ie_support":"","_crdt_document":"","advanced_seo_description":"","jetpack_seo_html_title":"","jetpack_seo_noindex":false,"_jetpack_memberships_contains_paid_content":false,"footnotes":""},"categories":[19,209,7],"tags":[210],"class_list":["post-105228","post","type-post","status-publish","format-standard","has-post-thumbnail","hentry","category-colima","category-importantes","category-noticias","tag-portada"],"jetpack_featured_media_url":"https:\/\/diarioavanzada.com.mx\/wp-content\/uploads\/2025\/11\/Presentan-SaberesMX-en-la-Reunion-nacional-de-educacion-superior_Rector-UdeC.jpg","jetpack-related-posts":[],"jetpack_sharing_enabled":true,"amp_enabled":true,"_links":{"self":[{"href":"https:\/\/diarioavanzada.com.mx\/index.php?rest_route=\/wp\/v2\/posts\/105228","targetHints":{"allow":["GET"]}}],"collection":[{"href":"https:\/\/diarioavanzada.com.mx\/index.php?rest_route=\/wp\/v2\/posts"}],"about":[{"href":"https:\/\/diarioavanzada.com.mx\/index.php?rest_route=\/wp\/v2\/types\/post"}],"author":[{"embeddable":true,"href":"https:\/\/diarioavanzada.com.mx\/index.php?rest_route=\/wp\/v2\/users\/7"}],"replies":[{"embeddable":true,"href":"https:\/\/diarioavanzada.com.mx\/index.php?rest_route=%2Fwp%2Fv2%2Fcomments&post=105228"}],"version-history":[{"count":11,"href":"https:\/\/diarioavanzada.com.mx\/index.php?rest_route=\/wp\/v2\/posts\/105228\/revisions"}],"predecessor-version":[{"id":105252,"href":"https:\/\/diarioavanzada.com.mx\/index.php?rest_route=\/wp\/v2\/posts\/105228\/revisions\/105252"}],"wp:featuredmedia":[{"embeddable":true,"href":"https:\/\/diarioavanzada.com.mx\/index.php?rest_route=\/wp\/v2\/media\/105245"}],"wp:attachment":[{"href":"https:\/\/diarioavanzada.com.mx\/index.php?rest_route=%2Fwp%2Fv2%2Fmedia&parent=105228"}],"wp:term":[{"taxonomy":"category","embeddable":true,"href":"https:\/\/diarioavanzada.com.mx\/index.php?rest_route=%2Fwp%2Fv2%2Fcategories&post=105228"},{"taxonomy":"post_tag","embeddable":true,"href":"https:\/\/diarioavanzada.com.mx\/index.php?rest_route=%2Fwp%2Fv2%2Ftags&post=105228"}],"curies":[{"name":"wp","href":"https:\/\/api.w.org\/{rel}","templated":true}]}}