{"id":105184,"date":"2025-11-04T07:39:02","date_gmt":"2025-11-04T13:39:02","guid":{"rendered":"https:\/\/diarioavanzada.com.mx\/?p=105184"},"modified":"2025-11-04T07:40:21","modified_gmt":"2025-11-04T13:40:21","slug":"pronostican-hasta-40-c-de-temperatura-para-colima","status":"publish","type":"post","link":"https:\/\/diarioavanzada.com.mx\/?p=105184","title":{"rendered":"Pronostican hasta 40 \u00b0C de temperatura para Colima"},"content":{"rendered":"\n<p class=\"p1 wp-block-paragraph\">Colima, M\u00e9xico, Avanzada (04\/11\/2025).- Colima vivir\u00e1 este martes una jornada calurosa, con temperaturas m\u00e1ximas de entre 35 y 40 grados Celsius, pese a la presencia de nubosidad y la posibilidad de lluvias aisladas, inform\u00f3 el Servicio Meteorol\u00f3gico Nacional (SMN).<\/p>\n\n\n\n<p class=\"p1 wp-block-paragraph\">De acuerdo con el organismo, la entidad se mantendr\u00e1 con ambiente c\u00e1lido a caluroso durante la tarde, mientras que por la ma\u00f1ana se prev\u00e9 clima templado y bancos de niebla en zonas altas. Adem\u00e1s, se esperan rachas de viento de hasta 35 km\/h.<\/p>\n\n\n\n<p class=\"p1 wp-block-paragraph\">El SMN detall\u00f3 que para esta jornada se esperan chubascos en Michoac\u00e1n y lluvias aisladas en Jalisco, Colima y regiones de Puebla y Veracruz.<\/p>\n<div class=\"fb-background-color\">\n\t\t\t  <div \n\t\t\t  \tclass = \"fb-comments\" \n\t\t\t  \tdata-href = \"https:\/\/diarioavanzada.com.mx\/?p=105184\"\n\t\t\t  \tdata-numposts = \"10\"\n\t\t\t  \tdata-lazy = \"true\"\n\t\t\t\tdata-colorscheme = \"light\"\n\t\t\t\tdata-order-by = \"social\"\n\t\t\t\tdata-mobile=true>\n\t\t\t  <\/div><\/div>\n\t\t  <style>\n\t\t    .fb-background-color {\n\t\t\t\tbackground:  !important;\n\t\t\t}\n\t\t\t.fb_iframe_widget_fluid_desktop iframe {\n\t\t\t    width: 100% !important;\n\t\t\t}\n\t\t  <\/style>\n\t\t  ","protected":false},"excerpt":{"rendered":"<p>Colima, M\u00e9xico, Avanzada (04\/11\/2025).- Colima vivir\u00e1 este martes una jornada calurosa, con temperaturas m\u00e1ximas de entre 35 y 40 grados Celsius, pese a la presencia de nubosidad y la posibilidad de lluvias aisladas, inform\u00f3 el Servicio Meteorol\u00f3gico Nacional (SMN). De acuerdo con el organismo, la entidad se mantendr\u00e1 con ambiente c\u00e1lido a caluroso durante la [&hellip;]<\/p>\n","protected":false},"author":7,"featured_media":105183,"comment_status":"closed","ping_status":"closed","sticky":false,"template":"","format":"standard","meta":{"_coblocks_attr":"","_coblocks_dimensions":"","_coblocks_responsive_height":"","_coblocks_accordion_ie_support":"","_crdt_document":"","advanced_seo_description":"","jetpack_seo_html_title":"","jetpack_seo_noindex":false,"_jetpack_memberships_contains_paid_content":false,"footnotes":""},"categories":[19,209,7,29],"tags":[],"class_list":["post-105184","post","type-post","status-publish","format-standard","has-post-thumbnail","hentry","category-colima","category-importantes","category-noticias","category-sociedad"],"jetpack_featured_media_url":"https:\/\/diarioavanzada.com.mx\/wp-content\/uploads\/2025\/11\/img_7717.jpg","jetpack-related-posts":[],"jetpack_sharing_enabled":true,"amp_enabled":true,"_links":{"self":[{"href":"https:\/\/diarioavanzada.com.mx\/index.php?rest_route=\/wp\/v2\/posts\/105184","targetHints":{"allow":["GET"]}}],"collection":[{"href":"https:\/\/diarioavanzada.com.mx\/index.php?rest_route=\/wp\/v2\/posts"}],"about":[{"href":"https:\/\/diarioavanzada.com.mx\/index.php?rest_route=\/wp\/v2\/types\/post"}],"author":[{"embeddable":true,"href":"https:\/\/diarioavanzada.com.mx\/index.php?rest_route=\/wp\/v2\/users\/7"}],"replies":[{"embeddable":true,"href":"https:\/\/diarioavanzada.com.mx\/index.php?rest_route=%2Fwp%2Fv2%2Fcomments&post=105184"}],"version-history":[{"count":1,"href":"https:\/\/diarioavanzada.com.mx\/index.php?rest_route=\/wp\/v2\/posts\/105184\/revisions"}],"predecessor-version":[{"id":105185,"href":"https:\/\/diarioavanzada.com.mx\/index.php?rest_route=\/wp\/v2\/posts\/105184\/revisions\/105185"}],"wp:featuredmedia":[{"embeddable":true,"href":"https:\/\/diarioavanzada.com.mx\/index.php?rest_route=\/wp\/v2\/media\/105183"}],"wp:attachment":[{"href":"https:\/\/diarioavanzada.com.mx\/index.php?rest_route=%2Fwp%2Fv2%2Fmedia&parent=105184"}],"wp:term":[{"taxonomy":"category","embeddable":true,"href":"https:\/\/diarioavanzada.com.mx\/index.php?rest_route=%2Fwp%2Fv2%2Fcategories&post=105184"},{"taxonomy":"post_tag","embeddable":true,"href":"https:\/\/diarioavanzada.com.mx\/index.php?rest_route=%2Fwp%2Fv2%2Ftags&post=105184"}],"curies":[{"name":"wp","href":"https:\/\/api.w.org\/{rel}","templated":true}]}}