{"id":105125,"date":"2025-11-03T18:42:34","date_gmt":"2025-11-04T00:42:34","guid":{"rendered":"https:\/\/diarioavanzada.com.mx\/?p=105125"},"modified":"2025-11-03T18:42:37","modified_gmt":"2025-11-04T00:42:37","slug":"conmemoran-el-dia-mundial-de-la-estadistica-con-jornada-multidisciplinaria-en-la-udec","status":"publish","type":"post","link":"https:\/\/diarioavanzada.com.mx\/?p=105125","title":{"rendered":"Conmemoran el D\u00eda Mundial de la Estad\u00edstica con jornada multidisciplinaria, en la UdeC"},"content":{"rendered":"\n<p class=\"wp-block-paragraph\"><em>\u201cLa estad\u00edstica no es s\u00f3lo para quienes aman los n\u00fameros, sino para todos los que quieren comprender mejor el mundo\u201d: Dra. Maritza Paredes.<\/em><\/p>\n\n\n\n<p class=\"wp-block-paragraph\">Colima, M\u00e9xico, Comunicado (03\/11\/2025).- Para conmemorar el D\u00eda Mundial de la Estad\u00edstica, el Centro Universitario de An\u00e1lisis Estad\u00edsticos y de Opini\u00f3n P\u00fablica de la Universidad de Colima realiz\u00f3 este 28 de octubre la \u201cJornada multidisciplinaria con aplicaci\u00f3n estad\u00edstica\u201d, un evento virtual orientado a reflexionar sobre el papel de esta disciplina en la investigaci\u00f3n contempor\u00e1nea.<\/p>\n\n\n\n<p class=\"wp-block-paragraph\">Como parte del programa, se impartieron dos conferencias: la primera estuvo a cargo de la Dra. Maritza del Carmen Paredes Santiago, acad\u00e9mica e investigadora de la Universidad de Guayaquil, Ecuador; la segunda fue dictada por el Dr. Isa\u00edas Bracamontes Ceballos, profesor-investigador de la UdeC.<\/p>\n\n\n\n<p class=\"wp-block-paragraph\">En su ponencia titulada \u201cLa estad\u00edstica y \u00e1mbitos de uso para estudiantes universitarios\u201d, la Dra. Paredes invit\u00f3 a reconocer esta ciencia como una herramienta poderosa para la toma de decisiones basada en evidencia. Destac\u00f3 que, en una era donde se generan millones de datos cada segundo en diversos \u00e1mbitos, la estad\u00edstica permite transformarlos en conocimiento \u00fatil y accionable, al identificar patrones, descubrir relaciones y anticipar comportamientos.<\/p>\n\n\n\n<p class=\"wp-block-paragraph\">\u201cLa estad\u00edstica no es s\u00f3lo para quienes aman los n\u00fameros, sino para todos los que quieren comprender mejor el mundo\u201d, afirm\u00f3, subrayando la necesidad de usar los datos con sentido cr\u00edtico y \u00e9tico para construir sociedades m\u00e1s informadas, justas y sostenibles.<\/p>\n\n\n\n<p class=\"wp-block-paragraph\">Por su parte, el Dr. Bracamontes present\u00f3 la conferencia \u201cFactores que generan la ansiedad matem\u00e1tica en estudiantes de Turismo\u201d, en la que comparti\u00f3 resultados de una investigaci\u00f3n que identific\u00f3 elementos asociados a esta reacci\u00f3n emocional.<\/p>\n\n\n\n<p class=\"wp-block-paragraph\">Entre los factores detectados mencion\u00f3 el g\u00e9nero, el autoconcepto, la falta de uso de Excel, el entorno familiar y la actitud hacia las matem\u00e1ticas. Se\u00f1al\u00f3 que la ansiedad matem\u00e1tica afecta el aprendizaje de las y los estudiantes, por lo que su comprensi\u00f3n es clave para dise\u00f1ar estrategias institucionales de acompa\u00f1amiento emocional y tutorial.<\/p>\n\n\n\n<p class=\"wp-block-paragraph\">Con este evento, la Universidad de Colima reafirma la importancia de crear espacios de divulgaci\u00f3n que acerquen la ciencia a la sociedad y destaquen el car\u00e1cter transversal y pr\u00e1ctico de la estad\u00edstica en todos los campos del conocimiento.<\/p>\n\n\n\n<figure class=\"wp-block-image size-large\"><img loading=\"lazy\" decoding=\"async\" width=\"1024\" height=\"547\" src=\"https:\/\/diarioavanzada.com.mx\/wp-content\/uploads\/2025\/11\/Conmemoran-el-Dia-Mundial-de-la-Estadistica_d-1024x547.jpg\" alt=\"\" class=\"wp-image-105128\" srcset=\"https:\/\/diarioavanzada.com.mx\/wp-content\/uploads\/2025\/11\/Conmemoran-el-Dia-Mundial-de-la-Estadistica_d-1024x547.jpg 1024w, https:\/\/diarioavanzada.com.mx\/wp-content\/uploads\/2025\/11\/Conmemoran-el-Dia-Mundial-de-la-Estadistica_d-300x160.jpg 300w, https:\/\/diarioavanzada.com.mx\/wp-content\/uploads\/2025\/11\/Conmemoran-el-Dia-Mundial-de-la-Estadistica_d-768x410.jpg 768w, https:\/\/diarioavanzada.com.mx\/wp-content\/uploads\/2025\/11\/Conmemoran-el-Dia-Mundial-de-la-Estadistica_d-1200x641.jpg 1200w, https:\/\/diarioavanzada.com.mx\/wp-content\/uploads\/2025\/11\/Conmemoran-el-Dia-Mundial-de-la-Estadistica_d.jpg 1280w\" sizes=\"auto, (max-width: 1024px) 100vw, 1024px\" \/><\/figure>\n\n\n\n<figure class=\"wp-block-image size-large\"><img loading=\"lazy\" decoding=\"async\" width=\"1024\" height=\"548\" src=\"https:\/\/diarioavanzada.com.mx\/wp-content\/uploads\/2025\/11\/Conmemoran-el-Dia-Mundial-de-la-Estadistica_b-1024x548.jpg\" alt=\"\" class=\"wp-image-105129\" srcset=\"https:\/\/diarioavanzada.com.mx\/wp-content\/uploads\/2025\/11\/Conmemoran-el-Dia-Mundial-de-la-Estadistica_b-1024x548.jpg 1024w, https:\/\/diarioavanzada.com.mx\/wp-content\/uploads\/2025\/11\/Conmemoran-el-Dia-Mundial-de-la-Estadistica_b-300x161.jpg 300w, https:\/\/diarioavanzada.com.mx\/wp-content\/uploads\/2025\/11\/Conmemoran-el-Dia-Mundial-de-la-Estadistica_b-768x411.jpg 768w, https:\/\/diarioavanzada.com.mx\/wp-content\/uploads\/2025\/11\/Conmemoran-el-Dia-Mundial-de-la-Estadistica_b-1200x642.jpg 1200w, https:\/\/diarioavanzada.com.mx\/wp-content\/uploads\/2025\/11\/Conmemoran-el-Dia-Mundial-de-la-Estadistica_b.jpg 1280w\" sizes=\"auto, (max-width: 1024px) 100vw, 1024px\" \/><\/figure>\n\n\n\n<p class=\"wp-block-paragraph\"><\/p>\n<div class=\"fb-background-color\">\n\t\t\t  <div \n\t\t\t  \tclass = \"fb-comments\" \n\t\t\t  \tdata-href = \"https:\/\/diarioavanzada.com.mx\/?p=105125\"\n\t\t\t  \tdata-numposts = \"10\"\n\t\t\t  \tdata-lazy = \"true\"\n\t\t\t\tdata-colorscheme = \"light\"\n\t\t\t\tdata-order-by = \"social\"\n\t\t\t\tdata-mobile=true>\n\t\t\t  <\/div><\/div>\n\t\t  <style>\n\t\t    .fb-background-color {\n\t\t\t\tbackground:  !important;\n\t\t\t}\n\t\t\t.fb_iframe_widget_fluid_desktop iframe {\n\t\t\t    width: 100% !important;\n\t\t\t}\n\t\t  <\/style>\n\t\t  ","protected":false},"excerpt":{"rendered":"<p>\u201cLa estad\u00edstica no es s\u00f3lo para quienes aman los n\u00fameros, sino para todos los que quieren comprender mejor el mundo\u201d: Dra. Maritza Paredes. Colima, M\u00e9xico, Comunicado (03\/11\/2025).- Para conmemorar el D\u00eda Mundial de la Estad\u00edstica, el Centro Universitario de An\u00e1lisis Estad\u00edsticos y de Opini\u00f3n P\u00fablica de la Universidad de Colima realiz\u00f3 este 28 de octubre [&hellip;]<\/p>\n","protected":false},"author":7,"featured_media":105127,"comment_status":"closed","ping_status":"closed","sticky":false,"template":"","format":"standard","meta":{"_coblocks_attr":"","_coblocks_dimensions":"","_coblocks_responsive_height":"","_coblocks_accordion_ie_support":"","_crdt_document":"","advanced_seo_description":"","jetpack_seo_html_title":"","jetpack_seo_noindex":false,"_jetpack_memberships_contains_paid_content":false,"footnotes":""},"categories":[19,209,7],"tags":[],"class_list":["post-105125","post","type-post","status-publish","format-standard","has-post-thumbnail","hentry","category-colima","category-importantes","category-noticias"],"jetpack_featured_media_url":"https:\/\/diarioavanzada.com.mx\/wp-content\/uploads\/2025\/11\/Conmemoran-el-Dia-Mundial-de-la-Estadistica_c.jpg","jetpack-related-posts":[],"jetpack_sharing_enabled":true,"amp_enabled":true,"_links":{"self":[{"href":"https:\/\/diarioavanzada.com.mx\/index.php?rest_route=\/wp\/v2\/posts\/105125","targetHints":{"allow":["GET"]}}],"collection":[{"href":"https:\/\/diarioavanzada.com.mx\/index.php?rest_route=\/wp\/v2\/posts"}],"about":[{"href":"https:\/\/diarioavanzada.com.mx\/index.php?rest_route=\/wp\/v2\/types\/post"}],"author":[{"embeddable":true,"href":"https:\/\/diarioavanzada.com.mx\/index.php?rest_route=\/wp\/v2\/users\/7"}],"replies":[{"embeddable":true,"href":"https:\/\/diarioavanzada.com.mx\/index.php?rest_route=%2Fwp%2Fv2%2Fcomments&post=105125"}],"version-history":[{"count":4,"href":"https:\/\/diarioavanzada.com.mx\/index.php?rest_route=\/wp\/v2\/posts\/105125\/revisions"}],"predecessor-version":[{"id":105132,"href":"https:\/\/diarioavanzada.com.mx\/index.php?rest_route=\/wp\/v2\/posts\/105125\/revisions\/105132"}],"wp:featuredmedia":[{"embeddable":true,"href":"https:\/\/diarioavanzada.com.mx\/index.php?rest_route=\/wp\/v2\/media\/105127"}],"wp:attachment":[{"href":"https:\/\/diarioavanzada.com.mx\/index.php?rest_route=%2Fwp%2Fv2%2Fmedia&parent=105125"}],"wp:term":[{"taxonomy":"category","embeddable":true,"href":"https:\/\/diarioavanzada.com.mx\/index.php?rest_route=%2Fwp%2Fv2%2Fcategories&post=105125"},{"taxonomy":"post_tag","embeddable":true,"href":"https:\/\/diarioavanzada.com.mx\/index.php?rest_route=%2Fwp%2Fv2%2Ftags&post=105125"}],"curies":[{"name":"wp","href":"https:\/\/api.w.org\/{rel}","templated":true}]}}