{"id":10509,"date":"2020-02-14T13:26:38","date_gmt":"2020-02-14T18:26:38","guid":{"rendered":"https:\/\/diarioavanzada.com.mx\/?p=10509"},"modified":"2020-02-14T13:26:39","modified_gmt":"2020-02-14T18:26:39","slug":"denuncian-a-jips-y-ramon-perez-en-fiscalia-anticorrupcion","status":"publish","type":"post","link":"https:\/\/diarioavanzada.com.mx\/?p=10509","title":{"rendered":"Denuncian a JIPS y Ram\u00f3n P\u00e9rez en Fiscal\u00eda Anticorrupci\u00f3n"},"content":{"rendered":"\n<p class=\"wp-block-paragraph\">Colima, M\u00e9xico, Avanzada (14\/02\/2020).- El coordinador de los diputados del PT, en el Congreso del Estado, Carlos C\u00e9sar Far\u00edas solicit\u00f3 a la Fiscal\u00eda Anticorrupci\u00f3n abrir una carpeta de investigaci\u00f3n en contra del ex gobernador, Ram\u00f3n P\u00e9rez D\u00edaz y el titular del Ejecutivo, Ignacio Peralta S\u00e1nchez por los se\u00f1alamientos hechos por Mario Anguiano Moreno el pasado mi\u00e9rcoles.<\/p>\n\n\n\n<p class=\"wp-block-paragraph\">El legislador local sentenci\u00f3 que esta semana env\u00edo un oficio a la Fiscal\u00eda en donde pide que se investigue al ex gobernador, Ram\u00f3n P\u00e9rez D\u00edaz, a quien Anguiano Moreno acus\u00f3 de haber ejercido el cr\u00e9dito de 638 millones de pesos.<\/p>\n\n\n\n<p class=\"wp-block-paragraph\">Adem\u00e1s, tambi\u00e9n solicit\u00f3 una investigaci\u00f3n para el gobernador Ignacio Peralta S\u00e1nchez por haber violentado el decreto 613 y destinar 200 millones de pesos para otro rubro que no era el autorizado.<\/p>\n\n\n\n<p class=\"wp-block-paragraph\">El actual presidente del Congreso local sentenci\u00f3 que el env\u00edo de oficios lo hizo en su calidad de diputado local, y por considerar que los comentarios vertidos por el ex gobernador Mario Anguiano Moreno deben tomarse con seriedad y exigir una investigaci\u00f3n.<\/p>\n\n\n\n<p class=\"wp-block-paragraph\">\u201cCreo que estar\u00edamos en una circunstancia igual. No debe haber diferencias en la justicia y estamos en una situaci\u00f3n parecido y que ocasion\u00f3 que al ex gobernador se le sancionara, por lo tanto, se debe investigar al titular del Ejecutivo\u201d, dijo.<\/p>\n\n\n\n<p class=\"wp-block-paragraph\">El legislador manifest\u00f3 que la carpeta de investigaci\u00f3n est\u00e1 abierta y le corresponde a la Fiscal\u00eda Anticorrupci\u00f3n realizar las pesquisas necesarias.<\/p>\n\n\n\n<p class=\"wp-block-paragraph\">De igual forma, sentenci\u00f3 que el C\u00f3digo Nacional de Procedimientos Penales establece que una solicitud de una autoridad es suficiente para que la Fiscal\u00eda abra una investigaci\u00f3n, \u201cy enviamos los oficios solicitando eso\u201d, concluy\u00f3.&nbsp;<\/p>\n<div class=\"fb-background-color\">\n\t\t\t  <div \n\t\t\t  \tclass = \"fb-comments\" \n\t\t\t  \tdata-href = \"https:\/\/diarioavanzada.com.mx\/?p=10509\"\n\t\t\t  \tdata-numposts = \"10\"\n\t\t\t  \tdata-lazy = \"true\"\n\t\t\t\tdata-colorscheme = \"light\"\n\t\t\t\tdata-order-by = \"social\"\n\t\t\t\tdata-mobile=true>\n\t\t\t  <\/div><\/div>\n\t\t  <style>\n\t\t    .fb-background-color {\n\t\t\t\tbackground:  !important;\n\t\t\t}\n\t\t\t.fb_iframe_widget_fluid_desktop iframe {\n\t\t\t    width: 100% !important;\n\t\t\t}\n\t\t  <\/style>\n\t\t  ","protected":false},"excerpt":{"rendered":"<p>Colima, M\u00e9xico, Avanzada (14\/02\/2020).- El coordinador de los diputados del PT, en el Congreso del Estado, Carlos C\u00e9sar Far\u00edas solicit\u00f3 a la Fiscal\u00eda Anticorrupci\u00f3n abrir una carpeta de investigaci\u00f3n en contra del ex gobernador, Ram\u00f3n P\u00e9rez D\u00edaz y el titular del Ejecutivo, Ignacio Peralta S\u00e1nchez por los se\u00f1alamientos hechos por Mario Anguiano Moreno el pasado [&hellip;]<\/p>\n","protected":false},"author":5,"featured_media":10508,"comment_status":"closed","ping_status":"closed","sticky":false,"template":"","format":"standard","meta":{"_coblocks_attr":"","_coblocks_dimensions":"","_coblocks_responsive_height":"","_coblocks_accordion_ie_support":"","_crdt_document":"","advanced_seo_description":"","jetpack_seo_html_title":"","jetpack_seo_noindex":false,"_jetpack_memberships_contains_paid_content":false,"footnotes":""},"categories":[19],"tags":[210],"class_list":["post-10509","post","type-post","status-publish","format-standard","has-post-thumbnail","hentry","category-colima","tag-portada"],"jetpack_featured_media_url":"https:\/\/diarioavanzada.com.mx\/wp-content\/uploads\/2020\/02\/411E1958-242D-4C58-A940-443A06B23CBA.jpeg","jetpack-related-posts":[],"jetpack_sharing_enabled":true,"amp_enabled":true,"_links":{"self":[{"href":"https:\/\/diarioavanzada.com.mx\/index.php?rest_route=\/wp\/v2\/posts\/10509","targetHints":{"allow":["GET"]}}],"collection":[{"href":"https:\/\/diarioavanzada.com.mx\/index.php?rest_route=\/wp\/v2\/posts"}],"about":[{"href":"https:\/\/diarioavanzada.com.mx\/index.php?rest_route=\/wp\/v2\/types\/post"}],"author":[{"embeddable":true,"href":"https:\/\/diarioavanzada.com.mx\/index.php?rest_route=\/wp\/v2\/users\/5"}],"replies":[{"embeddable":true,"href":"https:\/\/diarioavanzada.com.mx\/index.php?rest_route=%2Fwp%2Fv2%2Fcomments&post=10509"}],"version-history":[{"count":0,"href":"https:\/\/diarioavanzada.com.mx\/index.php?rest_route=\/wp\/v2\/posts\/10509\/revisions"}],"wp:featuredmedia":[{"embeddable":true,"href":"https:\/\/diarioavanzada.com.mx\/index.php?rest_route=\/wp\/v2\/media\/10508"}],"wp:attachment":[{"href":"https:\/\/diarioavanzada.com.mx\/index.php?rest_route=%2Fwp%2Fv2%2Fmedia&parent=10509"}],"wp:term":[{"taxonomy":"category","embeddable":true,"href":"https:\/\/diarioavanzada.com.mx\/index.php?rest_route=%2Fwp%2Fv2%2Fcategories&post=10509"},{"taxonomy":"post_tag","embeddable":true,"href":"https:\/\/diarioavanzada.com.mx\/index.php?rest_route=%2Fwp%2Fv2%2Ftags&post=10509"}],"curies":[{"name":"wp","href":"https:\/\/api.w.org\/{rel}","templated":true}]}}