{"id":104987,"date":"2025-11-02T12:15:54","date_gmt":"2025-11-02T18:15:54","guid":{"rendered":"https:\/\/diarioavanzada.com.mx\/?p=104987"},"modified":"2025-11-02T12:22:17","modified_gmt":"2025-11-02T18:22:17","slug":"carteles-asesinan-a-27-personas-en-7-dias-la-gobernadora-se-pasea-en-los-juegos-de-la-feria","status":"publish","type":"post","link":"https:\/\/diarioavanzada.com.mx\/?p=104987","title":{"rendered":"C\u00e1rteles asesinan a 27 personas en 7 d\u00edas; la gobernadora se pasea en los juegos de la Feria"},"content":{"rendered":"\n<p class=\"p1 wp-block-paragraph\">Colima, M\u00e9xico, Avanzada (2\/11\/2025).- Mientras la violencia alcanza niveles insoportables en Colima, con asesinatos diarios, cuerpos desmembrados y veh\u00edculos incendiados, la gobernadora Indira Vizca\u00edno Silva, maestra en Derechos Humanos, sonr\u00ede desde las alturas de la rueda de la fortuna en la Feria de Todos los Santos 2025. En redes sociales, su rostro refleja alegr\u00eda; en las calles, el de los colimenses refleja miedo, cansancio y duelo.<\/p>\n\n\n\n<p class=\"p1 wp-block-paragraph\">Entre el 26 de octubre y el 1 de noviembre, los c\u00e1rteles que operan en el estado asesinaron a 27 personas, dejaron al menos a cuatro heridas y quemaron siete veh\u00edculos en los municipios de Colima, Villa de \u00c1lvarez, Manzanillo, Armer\u00eda y Coquimatl\u00e1n. Cada d\u00eda, el sonido de las balas volvi\u00f3 a repetirse en distintos rincones de la entidad sin que las autoridades informaran de detenciones.<\/p>\n\n\n\n<p class=\"p1 wp-block-paragraph\">El horror comenz\u00f3 el s\u00e1bado 26 de octubre, cuando un hombre y una mujer fueron ejecutados en la colonia Nuevo Milenio, en Colima, y otro m\u00e1s en F\u00e1tima. En Villa de \u00c1lvarez, un cuarto fue asesinado en Puerta de Hierro. Esa misma madrugada, bomberos sofocaron el incendio de dos veh\u00edculos en la colonia Alfredo V. Bonfil y en Del Valle. Horas despu\u00e9s, otro hombre fue ejecutado en pleno centro de la capital, a una cuadra del Palacio de Gobierno, y una joven fue hallada muerta en su casa, en la colonia Emiliano Zapata.<\/p>\n\n\n\n<p class=\"p1 wp-block-paragraph\">El lunes, la violencia se extendi\u00f3 a tres municipios: en Manzanillo, un hombre fue asesinado a tiros en Lomas de Santiago; en Coquimatl\u00e1n, localizaron un cuerpo en un canal de riego, y en Villa de \u00c1lvarez, otro hombre cay\u00f3 abatido en Colinas del Rey. Ninguno de los casos arroj\u00f3 resultados judiciales.<\/p>\n\n\n\n<p class=\"p1 wp-block-paragraph\">El martes, los ataques armados dejaron cinco muertos y un herido en Colima, Armer\u00eda y Manzanillo. Tres hombres fueron ejecutados en la colonia Francisco Villa; otro apareci\u00f3 baleado en la autopista Colima-Manzanillo, y un quinto fue asesinado en la colonia La Joya I, en el puerto. En Valle de las Garzas, se localiz\u00f3 otro cuerpo con signos de tortura.<\/p>\n\n\n\n<p class=\"p1 wp-block-paragraph\">El mi\u00e9rcoles, otros cinco homicidios se registraron en distintos puntos del estado. En Villa de \u00c1lvarez, Colima y Manzanillo, las v\u00edctimas \u2014entre ellas una mujer desmembrada en Salagua\u2014 fueron ultimadas a balazos o encontradas maniatadas. Ninguna autoridad inform\u00f3 de la captura de los agresores.<\/p>\n\n\n\n<p class=\"p1 wp-block-paragraph\">El viernes 31 de octubre, la violencia continu\u00f3 con la ejecuci\u00f3n de un hombre en Villa de \u00c1lvarez y el hallazgo de una mujer sin vida en un albergue del centro de Colima. Hubo adem\u00e1s tres autos incendiados en la colonia El Moralete y otros ataques armados en Manzanillo. Finalmente, el s\u00e1bado 1 de noviembre cerr\u00f3 la semana sangrienta con seis homicidios: uno en la colonia Prados del Sur, otro en El Naranjo, en Manzanillo, y tres m\u00e1s dentro de una barber\u00eda en Villa de \u00c1lvarez.<\/p>\n\n\n\n<p class=\"p1 wp-block-paragraph\">Mientras tanto, la gobernadora de Colima celebraba \u201cla m\u00e1xima fiesta estatal\u201d. En redes sociales public\u00f3 nueve mensajes sobre la Feria de Todos los Santos, acompa\u00f1ados de fotograf\u00edas con su familia disfrutando de los juegos mec\u00e1nicos. En una de ellas, sonr\u00ede desde la rueda de la fortuna y escribe:<\/p>\n\n\n\n<p class=\"p3 wp-block-paragraph\">\u201c\u00a1La edici\u00f3n 86 de la Feria de Todos los Santos ya est\u00e1 aqu\u00ed! Esta noche arrancamos nuestra m\u00e1xima fiesta estatal con una gran inauguraci\u00f3n llena de color, magia, m\u00fasica y alegr\u00eda, celebrando lo que nos distingue como colimenses\u201d.<\/p>\n\n\n\n<p class=\"p1 wp-block-paragraph\">Esa felicidad contrasta con el luto que inunda las calles. Mientras las luces de la feria iluminan el rostro de la mandataria, en los barrios y colonias la oscuridad sigue cubriendo los cuerpos de los asesinados. La feria, hecha \u201ccon amor para todas las familias\u201d, se convierte as\u00ed en un espejismo para un pueblo que ya no celebra, sino que sobrevive.<\/p>\n\n\n\n<p class=\"p1 wp-block-paragraph\"><\/p>\n\n\n\n<p class=\"p1 wp-block-paragraph\">\u00d1<\/p>\n<div class=\"fb-background-color\">\n\t\t\t  <div \n\t\t\t  \tclass = \"fb-comments\" \n\t\t\t  \tdata-href = \"https:\/\/diarioavanzada.com.mx\/?p=104987\"\n\t\t\t  \tdata-numposts = \"10\"\n\t\t\t  \tdata-lazy = \"true\"\n\t\t\t\tdata-colorscheme = \"light\"\n\t\t\t\tdata-order-by = \"social\"\n\t\t\t\tdata-mobile=true>\n\t\t\t  <\/div><\/div>\n\t\t  <style>\n\t\t    .fb-background-color {\n\t\t\t\tbackground:  !important;\n\t\t\t}\n\t\t\t.fb_iframe_widget_fluid_desktop iframe {\n\t\t\t    width: 100% !important;\n\t\t\t}\n\t\t  <\/style>\n\t\t  ","protected":false},"excerpt":{"rendered":"<p>Colima, M\u00e9xico, Avanzada (2\/11\/2025).- Mientras la violencia alcanza niveles insoportables en Colima, con asesinatos diarios, cuerpos desmembrados y veh\u00edculos incendiados, la gobernadora Indira Vizca\u00edno Silva, maestra en Derechos Humanos, sonr\u00ede desde las alturas de la rueda de la fortuna en la Feria de Todos los Santos 2025. En redes sociales, su rostro refleja alegr\u00eda; en [&hellip;]<\/p>\n","protected":false},"author":7,"featured_media":104988,"comment_status":"closed","ping_status":"closed","sticky":false,"template":"","format":"standard","meta":{"_coblocks_attr":"","_coblocks_dimensions":"","_coblocks_responsive_height":"","_coblocks_accordion_ie_support":"","_crdt_document":"","advanced_seo_description":"","jetpack_seo_html_title":"","jetpack_seo_noindex":false,"_jetpack_memberships_contains_paid_content":false,"footnotes":""},"categories":[19,209,7,231],"tags":[210],"class_list":["post-104987","post","type-post","status-publish","format-standard","has-post-thumbnail","hentry","category-colima","category-importantes","category-noticias","category-seguridad","tag-portada"],"jetpack_featured_media_url":"https:\/\/diarioavanzada.com.mx\/wp-content\/uploads\/2025\/11\/img_0009.png","jetpack-related-posts":[],"jetpack_sharing_enabled":true,"amp_enabled":true,"_links":{"self":[{"href":"https:\/\/diarioavanzada.com.mx\/index.php?rest_route=\/wp\/v2\/posts\/104987","targetHints":{"allow":["GET"]}}],"collection":[{"href":"https:\/\/diarioavanzada.com.mx\/index.php?rest_route=\/wp\/v2\/posts"}],"about":[{"href":"https:\/\/diarioavanzada.com.mx\/index.php?rest_route=\/wp\/v2\/types\/post"}],"author":[{"embeddable":true,"href":"https:\/\/diarioavanzada.com.mx\/index.php?rest_route=\/wp\/v2\/users\/7"}],"replies":[{"embeddable":true,"href":"https:\/\/diarioavanzada.com.mx\/index.php?rest_route=%2Fwp%2Fv2%2Fcomments&post=104987"}],"version-history":[{"count":2,"href":"https:\/\/diarioavanzada.com.mx\/index.php?rest_route=\/wp\/v2\/posts\/104987\/revisions"}],"predecessor-version":[{"id":104990,"href":"https:\/\/diarioavanzada.com.mx\/index.php?rest_route=\/wp\/v2\/posts\/104987\/revisions\/104990"}],"wp:featuredmedia":[{"embeddable":true,"href":"https:\/\/diarioavanzada.com.mx\/index.php?rest_route=\/wp\/v2\/media\/104988"}],"wp:attachment":[{"href":"https:\/\/diarioavanzada.com.mx\/index.php?rest_route=%2Fwp%2Fv2%2Fmedia&parent=104987"}],"wp:term":[{"taxonomy":"category","embeddable":true,"href":"https:\/\/diarioavanzada.com.mx\/index.php?rest_route=%2Fwp%2Fv2%2Fcategories&post=104987"},{"taxonomy":"post_tag","embeddable":true,"href":"https:\/\/diarioavanzada.com.mx\/index.php?rest_route=%2Fwp%2Fv2%2Ftags&post=104987"}],"curies":[{"name":"wp","href":"https:\/\/api.w.org\/{rel}","templated":true}]}}