{"id":104924,"date":"2025-11-01T16:23:42","date_gmt":"2025-11-01T22:23:42","guid":{"rendered":"https:\/\/diarioavanzada.com.mx\/?p=104924"},"modified":"2025-11-01T16:23:42","modified_gmt":"2025-11-01T22:23:42","slug":"vinculan-a-proceso-a-mujer-en-comala-por-impedir-que-sus-hijos-convivieran-con-su-padre","status":"publish","type":"post","link":"https:\/\/diarioavanzada.com.mx\/?p=104924","title":{"rendered":"Vinculan a proceso a mujer en Comala por impedir que sus hijos convivieran con su padre"},"content":{"rendered":"\n<p class=\"p1 wp-block-paragraph\">Colima, M\u00e9xico, Avanzada (01\/11\/2025).- Una mujer identificada como Teresa de Jes\u00fas \u201cN\u201d fue vinculada a proceso por presunto maltrato infantil, luego de que las autoridades determinaron que impidi\u00f3 la convivencia de sus hijos con su padre, a pesar de existir un acuerdo judicial que lo autorizaba.<\/p>\n\n\n\n<p class=\"p1 wp-block-paragraph\">De acuerdo con la investigaci\u00f3n, tras la separaci\u00f3n de la pareja en 2024, la madre incumpli\u00f3 el convenio de convivencia familiar emitido por un juzgado en Colima. Adem\u00e1s, tramit\u00f3 una orden de protecci\u00f3n para evitar el contacto del padre con los menores, lo que \u2014seg\u00fan la Fiscal\u00eda\u2014 afect\u00f3 su desarrollo emocional.<\/p>\n\n\n\n<p class=\"p1 wp-block-paragraph\">El caso se registr\u00f3 en el municipio de Comala y fue denunciado por el padre de los menores. Tras la audiencia inicial, un juez de control determin\u00f3 la vinculaci\u00f3n a proceso y fij\u00f3 un plazo de dos meses para la investigaci\u00f3n complementaria.<\/p>\n<div class=\"fb-background-color\">\n\t\t\t  <div \n\t\t\t  \tclass = \"fb-comments\" \n\t\t\t  \tdata-href = \"https:\/\/diarioavanzada.com.mx\/?p=104924\"\n\t\t\t  \tdata-numposts = \"10\"\n\t\t\t  \tdata-lazy = \"true\"\n\t\t\t\tdata-colorscheme = \"light\"\n\t\t\t\tdata-order-by = \"social\"\n\t\t\t\tdata-mobile=true>\n\t\t\t  <\/div><\/div>\n\t\t  <style>\n\t\t    .fb-background-color {\n\t\t\t\tbackground:  !important;\n\t\t\t}\n\t\t\t.fb_iframe_widget_fluid_desktop iframe {\n\t\t\t    width: 100% !important;\n\t\t\t}\n\t\t  <\/style>\n\t\t  ","protected":false},"excerpt":{"rendered":"<p>Colima, M\u00e9xico, Avanzada (01\/11\/2025).- Una mujer identificada como Teresa de Jes\u00fas \u201cN\u201d fue vinculada a proceso por presunto maltrato infantil, luego de que las autoridades determinaron que impidi\u00f3 la convivencia de sus hijos con su padre, a pesar de existir un acuerdo judicial que lo autorizaba. De acuerdo con la investigaci\u00f3n, tras la separaci\u00f3n de [&hellip;]<\/p>\n","protected":false},"author":7,"featured_media":104923,"comment_status":"closed","ping_status":"closed","sticky":false,"template":"","format":"standard","meta":{"_coblocks_attr":"","_coblocks_dimensions":"","_coblocks_responsive_height":"","_coblocks_accordion_ie_support":"","_crdt_document":"","advanced_seo_description":"","jetpack_seo_html_title":"","jetpack_seo_noindex":false,"_jetpack_memberships_contains_paid_content":false,"footnotes":""},"categories":[19,209,7,231],"tags":[210],"class_list":["post-104924","post","type-post","status-publish","format-standard","has-post-thumbnail","hentry","category-colima","category-importantes","category-noticias","category-seguridad","tag-portada"],"jetpack_featured_media_url":"https:\/\/diarioavanzada.com.mx\/wp-content\/uploads\/2025\/11\/img_0028.png","jetpack-related-posts":[],"jetpack_sharing_enabled":true,"amp_enabled":true,"_links":{"self":[{"href":"https:\/\/diarioavanzada.com.mx\/index.php?rest_route=\/wp\/v2\/posts\/104924","targetHints":{"allow":["GET"]}}],"collection":[{"href":"https:\/\/diarioavanzada.com.mx\/index.php?rest_route=\/wp\/v2\/posts"}],"about":[{"href":"https:\/\/diarioavanzada.com.mx\/index.php?rest_route=\/wp\/v2\/types\/post"}],"author":[{"embeddable":true,"href":"https:\/\/diarioavanzada.com.mx\/index.php?rest_route=\/wp\/v2\/users\/7"}],"replies":[{"embeddable":true,"href":"https:\/\/diarioavanzada.com.mx\/index.php?rest_route=%2Fwp%2Fv2%2Fcomments&post=104924"}],"version-history":[{"count":0,"href":"https:\/\/diarioavanzada.com.mx\/index.php?rest_route=\/wp\/v2\/posts\/104924\/revisions"}],"wp:featuredmedia":[{"embeddable":true,"href":"https:\/\/diarioavanzada.com.mx\/index.php?rest_route=\/wp\/v2\/media\/104923"}],"wp:attachment":[{"href":"https:\/\/diarioavanzada.com.mx\/index.php?rest_route=%2Fwp%2Fv2%2Fmedia&parent=104924"}],"wp:term":[{"taxonomy":"category","embeddable":true,"href":"https:\/\/diarioavanzada.com.mx\/index.php?rest_route=%2Fwp%2Fv2%2Fcategories&post=104924"},{"taxonomy":"post_tag","embeddable":true,"href":"https:\/\/diarioavanzada.com.mx\/index.php?rest_route=%2Fwp%2Fv2%2Ftags&post=104924"}],"curies":[{"name":"wp","href":"https:\/\/api.w.org\/{rel}","templated":true}]}}