{"id":104696,"date":"2025-10-30T14:08:44","date_gmt":"2025-10-30T20:08:44","guid":{"rendered":"https:\/\/diarioavanzada.com.mx\/?p=104696"},"modified":"2025-10-30T14:08:44","modified_gmt":"2025-10-30T20:08:44","slug":"asaltan-a-diputada-de-morena-en-michoacan-y-le-roban-su-camioneta","status":"publish","type":"post","link":"https:\/\/diarioavanzada.com.mx\/?p=104696","title":{"rendered":"Asaltan a diputada de Morena en Michoac\u00e1n y le roban su camioneta"},"content":{"rendered":"\n<p class=\"p1 wp-block-paragraph\"><em>Un grupo armado despoj\u00f3 de su veh\u00edculo a la diputada local Anabet Franco Carrizales, as\u00ed como de sus armas a los escoltas que la acompa\u00f1aban, en un incidente ocurrido sobre la carretera P\u00e1tzcuaro-Morelia.<\/em><\/p>\n\n\n\n<p class=\"p1 wp-block-paragraph\">Michoac\u00e1n, M\u00e9xico, Avanzada (30\/10\/2025).- La diputada de Morena en Michoac\u00e1n, Anabet Franco Carrizales, fue v\u00edctima de un asalto a mano armada cuando transitaba por la carretera P\u00e1tzcuaro-Morelia. Hombres armados interceptaron el veh\u00edculo en el que viajaba y, tras amenazar a sus escoltas, se apoderaron de la camioneta en la que se desplazaba.<\/p>\n\n\n\n<p class=\"p1 wp-block-paragraph\">El fiscal general del estado, Carlos Torres Pi\u00f1a, confirm\u00f3 el hecho y se\u00f1al\u00f3 que ya se present\u00f3 la denuncia correspondiente para investigar y deslindar responsabilidades. De acuerdo con los primeros reportes, los agresores tambi\u00e9n desarmaron a los tres elementos de seguridad que acompa\u00f1aban a la legisladora antes de huir con el veh\u00edculo.<\/p>\n\n\n\n<p class=\"p1 wp-block-paragraph\">Fuentes locales indicaron que el robo ocurri\u00f3 la semana pasada, cuando la diputada y su equipo se detuvieron en una gasolinera sobre la misma carretera. En ese momento, los delincuentes aprovecharon para increpar a los escoltas, arrebatarles sus armas cortas y escapar a bordo de la camioneta oficial.<\/p>\n\n\n\n<p class=\"p1 wp-block-paragraph\">Hasta ahora, Anabet Franco no ha emitido declaraciones sobre lo sucedido. Su \u00faltima publicaci\u00f3n en redes sociales, del 27 de octubre, fue sobre la Ceremonia de los Reconocimientos Sentimientos de la Naci\u00f3n.<\/p>\n\n\n\n<p class=\"p1 wp-block-paragraph\">El hecho se registr\u00f3 en el mismo periodo en que el titular de la Secretar\u00eda de Seguridad y Protecci\u00f3n Ciudadana, Omar Garc\u00eda Harfuch, visit\u00f3 Michoac\u00e1n para reunirse con productores de lim\u00f3n, tras el asesinato de su dirigente Bernardo Bravo en Apatzing\u00e1n.<\/p>\n\n\n\n<p class=\"wp-block-paragraph\"><\/p>\n<div class=\"fb-background-color\">\n\t\t\t  <div \n\t\t\t  \tclass = \"fb-comments\" \n\t\t\t  \tdata-href = \"https:\/\/diarioavanzada.com.mx\/?p=104696\"\n\t\t\t  \tdata-numposts = \"10\"\n\t\t\t  \tdata-lazy = \"true\"\n\t\t\t\tdata-colorscheme = \"light\"\n\t\t\t\tdata-order-by = \"social\"\n\t\t\t\tdata-mobile=true>\n\t\t\t  <\/div><\/div>\n\t\t  <style>\n\t\t    .fb-background-color {\n\t\t\t\tbackground:  !important;\n\t\t\t}\n\t\t\t.fb_iframe_widget_fluid_desktop iframe {\n\t\t\t    width: 100% !important;\n\t\t\t}\n\t\t  <\/style>\n\t\t  ","protected":false},"excerpt":{"rendered":"<p>Un grupo armado despoj\u00f3 de su veh\u00edculo a la diputada local Anabet Franco Carrizales, as\u00ed como de sus armas a los escoltas que la acompa\u00f1aban, en un incidente ocurrido sobre la carretera P\u00e1tzcuaro-Morelia. Michoac\u00e1n, M\u00e9xico, Avanzada (30\/10\/2025).- La diputada de Morena en Michoac\u00e1n, Anabet Franco Carrizales, fue v\u00edctima de un asalto a mano armada cuando [&hellip;]<\/p>\n","protected":false},"author":7,"featured_media":104710,"comment_status":"closed","ping_status":"closed","sticky":false,"template":"","format":"standard","meta":{"_coblocks_attr":"","_coblocks_dimensions":"","_coblocks_responsive_height":"","_coblocks_accordion_ie_support":"","_crdt_document":"","advanced_seo_description":"","jetpack_seo_html_title":"","jetpack_seo_noindex":false,"_jetpack_memberships_contains_paid_content":false,"footnotes":""},"categories":[22,7,231],"tags":[210],"class_list":["post-104696","post","type-post","status-publish","format-standard","has-post-thumbnail","hentry","category-nacion","category-noticias","category-seguridad","tag-portada"],"jetpack_featured_media_url":"https:\/\/diarioavanzada.com.mx\/wp-content\/uploads\/2025\/10\/img_6108.png","jetpack-related-posts":[],"jetpack_sharing_enabled":true,"amp_enabled":true,"_links":{"self":[{"href":"https:\/\/diarioavanzada.com.mx\/index.php?rest_route=\/wp\/v2\/posts\/104696","targetHints":{"allow":["GET"]}}],"collection":[{"href":"https:\/\/diarioavanzada.com.mx\/index.php?rest_route=\/wp\/v2\/posts"}],"about":[{"href":"https:\/\/diarioavanzada.com.mx\/index.php?rest_route=\/wp\/v2\/types\/post"}],"author":[{"embeddable":true,"href":"https:\/\/diarioavanzada.com.mx\/index.php?rest_route=\/wp\/v2\/users\/7"}],"replies":[{"embeddable":true,"href":"https:\/\/diarioavanzada.com.mx\/index.php?rest_route=%2Fwp%2Fv2%2Fcomments&post=104696"}],"version-history":[{"count":1,"href":"https:\/\/diarioavanzada.com.mx\/index.php?rest_route=\/wp\/v2\/posts\/104696\/revisions"}],"predecessor-version":[{"id":104711,"href":"https:\/\/diarioavanzada.com.mx\/index.php?rest_route=\/wp\/v2\/posts\/104696\/revisions\/104711"}],"wp:featuredmedia":[{"embeddable":true,"href":"https:\/\/diarioavanzada.com.mx\/index.php?rest_route=\/wp\/v2\/media\/104710"}],"wp:attachment":[{"href":"https:\/\/diarioavanzada.com.mx\/index.php?rest_route=%2Fwp%2Fv2%2Fmedia&parent=104696"}],"wp:term":[{"taxonomy":"category","embeddable":true,"href":"https:\/\/diarioavanzada.com.mx\/index.php?rest_route=%2Fwp%2Fv2%2Fcategories&post=104696"},{"taxonomy":"post_tag","embeddable":true,"href":"https:\/\/diarioavanzada.com.mx\/index.php?rest_route=%2Fwp%2Fv2%2Ftags&post=104696"}],"curies":[{"name":"wp","href":"https:\/\/api.w.org\/{rel}","templated":true}]}}