{"id":104631,"date":"2025-10-29T18:20:52","date_gmt":"2025-10-30T00:20:52","guid":{"rendered":"https:\/\/diarioavanzada.com.mx\/?p=104631"},"modified":"2025-10-29T18:20:55","modified_gmt":"2025-10-30T00:20:55","slug":"universidad-de-colima-participa-en-la-consulta-estatal-sobre-el-t-mec","status":"publish","type":"post","link":"https:\/\/diarioavanzada.com.mx\/?p=104631","title":{"rendered":"Universidad de Colima participa en la consulta estatal sobre el T-MEC"},"content":{"rendered":"\n<p class=\"wp-block-paragraph\"><em>Proponen integrar grupos de expertos para fortalecer la representaci\u00f3n de Colima en la renegociaci\u00f3n del tratado.<\/em><\/p>\n\n\n\n<p class=\"wp-block-paragraph\">Colima, M\u00e9xico, Comunicado (29\/10\/2025).- Con el objetivo de fortalecer la participaci\u00f3n de Colima en las consultas estatales rumbo a la revisi\u00f3n del Tratado entre M\u00e9xico, Estados Unidos y Canad\u00e1 (T-MEC), se llev\u00f3 a cabo un encuentro que reuni\u00f3 a autoridades federales, estatales y personal acad\u00e9mico.<\/p>\n\n\n\n<p class=\"wp-block-paragraph\">En representaci\u00f3n del rector, Dr. Christian Jorge Torres Ortiz Zerme\u00f1o, asisti\u00f3 el Dr. \u00d3scar Javier Solorio P\u00e9rez, coordinador general de Vinculaci\u00f3n de la Universidad de Colima, quien destac\u00f3 la relevancia de mantener una colaboraci\u00f3n activa entre el sector productivo, acad\u00e9mico y gubernamental, para construir una postura s\u00f3lida del estado frente a la pr\u00f3xima revisi\u00f3n del tratado.<\/p>\n\n\n\n<p class=\"wp-block-paragraph\">Durante su intervenci\u00f3n, el Dr. Solorio propuso crear grupos de trabajo integrados por especialistas y representantes de la industria, al estilo de lo que ya se ha implementado en entidades como Monterrey y Guadalajara, con el prop\u00f3sito de conformar lo que se conoce como un \u201ccuarto de junto\u201d.<\/p>\n\n\n\n<p class=\"wp-block-paragraph\">Estos grupos -explic\u00f3- tendr\u00edan la funci\u00f3n de acompa\u00f1ar a los negociadores del tratado, aportando conocimiento t\u00e9cnico y estrat\u00e9gico que permita alinear las decisiones comerciales con los intereses reales de las industrias locales y nacionales.<\/p>\n\n\n\n<p class=\"wp-block-paragraph\">El funcionario subray\u00f3 que esta estrategia cobra especial relevancia en el caso de Colima, debido a la posici\u00f3n estrat\u00e9gica del puerto de Manzanillo, considerado el m\u00e1s importante del pa\u00eds y el segundo de Latinoam\u00e9rica en movimiento de carga. Por ello, dijo, \u201ces fundamental que los negociadores del T-MEC cuenten con el respaldo de expertos que comprendan las din\u00e1micas log\u00edsticas, industriales y comerciales que se desarrollan desde el puerto, para garantizar que las condiciones que se pacten favorezcan la competitividad del estado y de M\u00e9xico\u201d.<\/p>\n\n\n\n<p class=\"wp-block-paragraph\">El evento cont\u00f3 con la participaci\u00f3n del Lic. Alberto Uribe Camacho, coordinador regional Pac\u00edfico de la Secretar\u00eda de Econom\u00eda del Gobierno de M\u00e9xico, quien transmiti\u00f3 el mensaje de la dependencia federal y reafirm\u00f3 el compromiso del gobierno con la integraci\u00f3n de las voces locales al proceso nacional de consulta.<\/p>\n\n\n\n<p class=\"wp-block-paragraph\">Asimismo, el Mtro. Francisco Javier Rodr\u00edguez Garc\u00eda, secretario de Desarrollo Econ\u00f3mico del Gobierno del Estado, present\u00f3 los resultados del cuestionario de consulta T-MEC en Colima, que recab\u00f3 opiniones y propuestas del sector productivo sobre las fortalezas, retos y \u00e1reas de oportunidad del acuerdo.<\/p>\n\n\n\n<p class=\"wp-block-paragraph\">Como parte del programa, la Dra. Mayr\u00e9n Polanco Gayt\u00e1n, responsable del Cuerpo Acad\u00e9mico de Estudios en Ciencias Econ\u00f3micas y Financieras Aplicadas de la Facultad de Econom\u00eda de la Universidad de Colima, imparti\u00f3 la conferencia \u201cRetos y oportunidades en la renegociaci\u00f3n del T-MEC\u201d, en la que reflexion\u00f3 sobre la necesidad de fortalecer la innovaci\u00f3n, la productividad y la formaci\u00f3n de capital humano para aprovechar los beneficios del tratado comercial.<\/p>\n\n\n\n<p class=\"wp-block-paragraph\">De acuerdo con la Secretar\u00eda de Econom\u00eda, entre el 6 y 10 de octubre se realizaron mesas de trabajo con sectores productivos y gobiernos estatales como parte del proceso nacional de consulta del T-MEC. En Colima, el Gobierno estatal convoc\u00f3 al Foro Regional de Consulta con la participaci\u00f3n de c\u00e1maras empresariales, academia y sociedad civil.<\/p>\n\n\n\n<p class=\"wp-block-paragraph\">Con estas aportaciones, la Universidad de Colima reafirma su compromiso con el desarrollo econ\u00f3mico y social del estado, aportando propuestas que fortalecen la competitividad regional y la participaci\u00f3n de M\u00e9xico en los acuerdos internacionales.<\/p>\n\n\n\n<figure class=\"wp-block-image size-large\"><img loading=\"lazy\" decoding=\"async\" width=\"1024\" height=\"683\" src=\"https:\/\/diarioavanzada.com.mx\/wp-content\/uploads\/2025\/10\/Universidad-de-Colima-participa-en-la-consulta-estatal-sobre-el-T-MEC_a-1024x683.jpg\" alt=\"\" class=\"wp-image-104634\" srcset=\"https:\/\/diarioavanzada.com.mx\/wp-content\/uploads\/2025\/10\/Universidad-de-Colima-participa-en-la-consulta-estatal-sobre-el-T-MEC_a-1024x683.jpg 1024w, https:\/\/diarioavanzada.com.mx\/wp-content\/uploads\/2025\/10\/Universidad-de-Colima-participa-en-la-consulta-estatal-sobre-el-T-MEC_a-300x200.jpg 300w, https:\/\/diarioavanzada.com.mx\/wp-content\/uploads\/2025\/10\/Universidad-de-Colima-participa-en-la-consulta-estatal-sobre-el-T-MEC_a-768x512.jpg 768w, https:\/\/diarioavanzada.com.mx\/wp-content\/uploads\/2025\/10\/Universidad-de-Colima-participa-en-la-consulta-estatal-sobre-el-T-MEC_a-1536x1024.jpg 1536w, https:\/\/diarioavanzada.com.mx\/wp-content\/uploads\/2025\/10\/Universidad-de-Colima-participa-en-la-consulta-estatal-sobre-el-T-MEC_a-2048x1365.jpg 2048w, https:\/\/diarioavanzada.com.mx\/wp-content\/uploads\/2025\/10\/Universidad-de-Colima-participa-en-la-consulta-estatal-sobre-el-T-MEC_a-1200x800.jpg 1200w\" sizes=\"auto, (max-width: 1024px) 100vw, 1024px\" \/><\/figure>\n\n\n\n<figure class=\"wp-block-image size-large\"><img loading=\"lazy\" decoding=\"async\" width=\"1024\" height=\"683\" src=\"https:\/\/diarioavanzada.com.mx\/wp-content\/uploads\/2025\/10\/Universidad-de-Colima-participa-en-la-consulta-estatal-sobre-el-T-MEC-1024x683.jpg\" alt=\"\" class=\"wp-image-104635\" srcset=\"https:\/\/diarioavanzada.com.mx\/wp-content\/uploads\/2025\/10\/Universidad-de-Colima-participa-en-la-consulta-estatal-sobre-el-T-MEC-1024x683.jpg 1024w, https:\/\/diarioavanzada.com.mx\/wp-content\/uploads\/2025\/10\/Universidad-de-Colima-participa-en-la-consulta-estatal-sobre-el-T-MEC-300x200.jpg 300w, https:\/\/diarioavanzada.com.mx\/wp-content\/uploads\/2025\/10\/Universidad-de-Colima-participa-en-la-consulta-estatal-sobre-el-T-MEC-768x512.jpg 768w, https:\/\/diarioavanzada.com.mx\/wp-content\/uploads\/2025\/10\/Universidad-de-Colima-participa-en-la-consulta-estatal-sobre-el-T-MEC-1536x1024.jpg 1536w, https:\/\/diarioavanzada.com.mx\/wp-content\/uploads\/2025\/10\/Universidad-de-Colima-participa-en-la-consulta-estatal-sobre-el-T-MEC-2048x1365.jpg 2048w, https:\/\/diarioavanzada.com.mx\/wp-content\/uploads\/2025\/10\/Universidad-de-Colima-participa-en-la-consulta-estatal-sobre-el-T-MEC-1200x800.jpg 1200w\" sizes=\"auto, (max-width: 1024px) 100vw, 1024px\" \/><\/figure>\n\n\n\n<figure class=\"wp-block-image size-large\"><img loading=\"lazy\" decoding=\"async\" width=\"1024\" height=\"683\" src=\"https:\/\/diarioavanzada.com.mx\/wp-content\/uploads\/2025\/10\/Universidad-de-Colima-participa-en-la-consulta-estatal-sobre-el-T-MEC_b-1024x683.jpg\" alt=\"\" class=\"wp-image-104636\" srcset=\"https:\/\/diarioavanzada.com.mx\/wp-content\/uploads\/2025\/10\/Universidad-de-Colima-participa-en-la-consulta-estatal-sobre-el-T-MEC_b-1024x683.jpg 1024w, https:\/\/diarioavanzada.com.mx\/wp-content\/uploads\/2025\/10\/Universidad-de-Colima-participa-en-la-consulta-estatal-sobre-el-T-MEC_b-300x200.jpg 300w, https:\/\/diarioavanzada.com.mx\/wp-content\/uploads\/2025\/10\/Universidad-de-Colima-participa-en-la-consulta-estatal-sobre-el-T-MEC_b-768x512.jpg 768w, https:\/\/diarioavanzada.com.mx\/wp-content\/uploads\/2025\/10\/Universidad-de-Colima-participa-en-la-consulta-estatal-sobre-el-T-MEC_b-1536x1024.jpg 1536w, https:\/\/diarioavanzada.com.mx\/wp-content\/uploads\/2025\/10\/Universidad-de-Colima-participa-en-la-consulta-estatal-sobre-el-T-MEC_b-2048x1365.jpg 2048w, https:\/\/diarioavanzada.com.mx\/wp-content\/uploads\/2025\/10\/Universidad-de-Colima-participa-en-la-consulta-estatal-sobre-el-T-MEC_b-1200x800.jpg 1200w\" sizes=\"auto, (max-width: 1024px) 100vw, 1024px\" \/><\/figure>\n\n\n\n<figure class=\"wp-block-image size-large\"><img loading=\"lazy\" decoding=\"async\" width=\"1024\" height=\"683\" src=\"https:\/\/diarioavanzada.com.mx\/wp-content\/uploads\/2025\/10\/Universidad-de-Colima-participa-en-la-consulta-estatal-sobre-el-T-MEC_Mayren-1024x683.jpg\" alt=\"\" class=\"wp-image-104638\" srcset=\"https:\/\/diarioavanzada.com.mx\/wp-content\/uploads\/2025\/10\/Universidad-de-Colima-participa-en-la-consulta-estatal-sobre-el-T-MEC_Mayren-1024x683.jpg 1024w, https:\/\/diarioavanzada.com.mx\/wp-content\/uploads\/2025\/10\/Universidad-de-Colima-participa-en-la-consulta-estatal-sobre-el-T-MEC_Mayren-300x200.jpg 300w, https:\/\/diarioavanzada.com.mx\/wp-content\/uploads\/2025\/10\/Universidad-de-Colima-participa-en-la-consulta-estatal-sobre-el-T-MEC_Mayren-768x512.jpg 768w, https:\/\/diarioavanzada.com.mx\/wp-content\/uploads\/2025\/10\/Universidad-de-Colima-participa-en-la-consulta-estatal-sobre-el-T-MEC_Mayren-1536x1024.jpg 1536w, https:\/\/diarioavanzada.com.mx\/wp-content\/uploads\/2025\/10\/Universidad-de-Colima-participa-en-la-consulta-estatal-sobre-el-T-MEC_Mayren-2048x1365.jpg 2048w, https:\/\/diarioavanzada.com.mx\/wp-content\/uploads\/2025\/10\/Universidad-de-Colima-participa-en-la-consulta-estatal-sobre-el-T-MEC_Mayren-1200x800.jpg 1200w\" sizes=\"auto, (max-width: 1024px) 100vw, 1024px\" \/><\/figure>\n\n\n\n<p class=\"wp-block-paragraph\"><\/p>\n<div class=\"fb-background-color\">\n\t\t\t  <div \n\t\t\t  \tclass = \"fb-comments\" \n\t\t\t  \tdata-href = \"https:\/\/diarioavanzada.com.mx\/?p=104631\"\n\t\t\t  \tdata-numposts = \"10\"\n\t\t\t  \tdata-lazy = \"true\"\n\t\t\t\tdata-colorscheme = \"light\"\n\t\t\t\tdata-order-by = \"social\"\n\t\t\t\tdata-mobile=true>\n\t\t\t  <\/div><\/div>\n\t\t  <style>\n\t\t    .fb-background-color {\n\t\t\t\tbackground:  !important;\n\t\t\t}\n\t\t\t.fb_iframe_widget_fluid_desktop iframe {\n\t\t\t    width: 100% !important;\n\t\t\t}\n\t\t  <\/style>\n\t\t  ","protected":false},"excerpt":{"rendered":"<p>Proponen integrar grupos de expertos para fortalecer la representaci\u00f3n de Colima en la renegociaci\u00f3n del tratado. Colima, M\u00e9xico, Comunicado (29\/10\/2025).- Con el objetivo de fortalecer la participaci\u00f3n de Colima en las consultas estatales rumbo a la revisi\u00f3n del Tratado entre M\u00e9xico, Estados Unidos y Canad\u00e1 (T-MEC), se llev\u00f3 a cabo un encuentro que reuni\u00f3 a [&hellip;]<\/p>\n","protected":false},"author":7,"featured_media":104633,"comment_status":"closed","ping_status":"closed","sticky":false,"template":"","format":"standard","meta":{"_coblocks_attr":"","_coblocks_dimensions":"","_coblocks_responsive_height":"","_coblocks_accordion_ie_support":"","_crdt_document":"","advanced_seo_description":"","jetpack_seo_html_title":"","jetpack_seo_noindex":false,"_jetpack_memberships_contains_paid_content":false,"footnotes":""},"categories":[19,209,7],"tags":[],"class_list":["post-104631","post","type-post","status-publish","format-standard","has-post-thumbnail","hentry","category-colima","category-importantes","category-noticias"],"jetpack_featured_media_url":"https:\/\/diarioavanzada.com.mx\/wp-content\/uploads\/2025\/10\/Universidad-de-Colima-participa-en-la-consulta-estatal-sobre-el-T-MEC_Solorio_b.jpg","jetpack-related-posts":[],"jetpack_sharing_enabled":true,"amp_enabled":true,"_links":{"self":[{"href":"https:\/\/diarioavanzada.com.mx\/index.php?rest_route=\/wp\/v2\/posts\/104631","targetHints":{"allow":["GET"]}}],"collection":[{"href":"https:\/\/diarioavanzada.com.mx\/index.php?rest_route=\/wp\/v2\/posts"}],"about":[{"href":"https:\/\/diarioavanzada.com.mx\/index.php?rest_route=\/wp\/v2\/types\/post"}],"author":[{"embeddable":true,"href":"https:\/\/diarioavanzada.com.mx\/index.php?rest_route=\/wp\/v2\/users\/7"}],"replies":[{"embeddable":true,"href":"https:\/\/diarioavanzada.com.mx\/index.php?rest_route=%2Fwp%2Fv2%2Fcomments&post=104631"}],"version-history":[{"count":3,"href":"https:\/\/diarioavanzada.com.mx\/index.php?rest_route=\/wp\/v2\/posts\/104631\/revisions"}],"predecessor-version":[{"id":104639,"href":"https:\/\/diarioavanzada.com.mx\/index.php?rest_route=\/wp\/v2\/posts\/104631\/revisions\/104639"}],"wp:featuredmedia":[{"embeddable":true,"href":"https:\/\/diarioavanzada.com.mx\/index.php?rest_route=\/wp\/v2\/media\/104633"}],"wp:attachment":[{"href":"https:\/\/diarioavanzada.com.mx\/index.php?rest_route=%2Fwp%2Fv2%2Fmedia&parent=104631"}],"wp:term":[{"taxonomy":"category","embeddable":true,"href":"https:\/\/diarioavanzada.com.mx\/index.php?rest_route=%2Fwp%2Fv2%2Fcategories&post=104631"},{"taxonomy":"post_tag","embeddable":true,"href":"https:\/\/diarioavanzada.com.mx\/index.php?rest_route=%2Fwp%2Fv2%2Ftags&post=104631"}],"curies":[{"name":"wp","href":"https:\/\/api.w.org\/{rel}","templated":true}]}}