{"id":104590,"date":"2025-10-29T08:12:31","date_gmt":"2025-10-29T14:12:31","guid":{"rendered":"https:\/\/diarioavanzada.com.mx\/?p=104590"},"modified":"2025-10-31T07:07:56","modified_gmt":"2025-10-31T13:07:56","slug":"ayer-asesinaron-a-cinco-personas-en-colima-sin-detenidos","status":"publish","type":"post","link":"https:\/\/diarioavanzada.com.mx\/?p=104590","title":{"rendered":"Ayer asesinaron a cinco personas en Colima: sin detenidos"},"content":{"rendered":"\n<p class=\"p1 wp-block-paragraph\">Colima, M\u00e9xico, Avanzada (29\/10\/2025).- La violencia volvi\u00f3 a estremecer a Colima este martes, cuando distintos ataques armados dejaron un saldo de cinco personas asesinadas y un herido de gravedad. Los hechos ocurrieron en la capital del estado, as\u00ed como en los municipios de Armer\u00eda y Manzanillo, donde las v\u00edctimas fueron atacadas a balazos o localizadas con signos de tortura.<\/p>\n\n\n\n<p class=\"p1 wp-block-paragraph\">De acuerdo con los primeros reportes oficiales, tres de las v\u00edctimas fueron ejecutadas al oriente de la ciudad de Colima, una m\u00e1s fue encontrada sin vida en la autopista Colima-Manzanillo \u2014en el tramo correspondiente a Armer\u00eda\u2014 y otra en el puerto de Manzanillo. En uno de los hechos, adem\u00e1s, un hombre result\u00f3 herido de gravedad y fue trasladado a recibir atenci\u00f3n m\u00e9dica.<\/p>\n\n\n\n<p class=\"p1 wp-block-paragraph\">El primer hecho ocurri\u00f3 en la colonia Francisco Villa, en la ciudad de Colima, donde tres hombres fueron atacados a balazos sobre la calle General Juan Sarabia. En el lugar murieron dos de ellos y un tercero fue trasladado a un hospital en estado grave. Las autoridades acordonaron la zona y el Servicio M\u00e9dico Forense se hizo cargo del levantamiento de los cuerpos.<\/p>\n\n\n\n<p class=\"p1 wp-block-paragraph\">Horas m\u00e1s tarde, en la autopista Colima-Manzanillo, a la altura del puente Armer\u00eda II, fue localizado el cuerpo sin vida de un hombre con heridas de bala y visibles signos de violencia. Peritos y agentes de la Fiscal\u00eda General del Estado iniciaron las investigaciones para determinar las causas del homicidio.<\/p>\n\n\n\n<p class=\"p1 wp-block-paragraph\">En otro hecho ocurrido en el fraccionamiento La Joya I, en la zona de Santiago, Manzanillo, un hombre fue ejecutado a balazos mientras se encontraba en la banqueta de la calle Coral. Sujetos que viajaban en motocicleta lo atacaron y, a pesar del arribo de los servicios de emergencia, la v\u00edctima muri\u00f3 en el lugar.<\/p>\n\n\n\n<p class=\"p1 wp-block-paragraph\">Finalmente, en el barrio uno del Valle de las Garzas, tambi\u00e9n en Manzanillo, fue encontrado sin vida un hombre de aproximadamente 25 a\u00f1os en el andador seis, frente al edificio 30. El cuerpo presentaba m\u00faltiples impactos de bala y fue levantado por personal forense para la necropsia de ley.<\/p>\n\n\n\n<p class=\"p1 wp-block-paragraph\">En ninguno de los casos se reportaron personas detenidas. Los cuerpos fueron trasladados al Servicio M\u00e9dico Forense para la pr\u00e1ctica de las diligencias correspondientes y el inicio de las investigaciones.<\/p>\n\n\n\n<p class=\"p1 wp-block-paragraph\">Cinco asesinatos registrados en un solo d\u00eda en Colima revelan el repunte de la violencia criminal que azota a la entidad sin que las autoridades logren frenar los homicidios.<\/p>\n<div class=\"fb-background-color\">\n\t\t\t  <div \n\t\t\t  \tclass = \"fb-comments\" \n\t\t\t  \tdata-href = \"https:\/\/diarioavanzada.com.mx\/?p=104590\"\n\t\t\t  \tdata-numposts = \"10\"\n\t\t\t  \tdata-lazy = \"true\"\n\t\t\t\tdata-colorscheme = \"light\"\n\t\t\t\tdata-order-by = \"social\"\n\t\t\t\tdata-mobile=true>\n\t\t\t  <\/div><\/div>\n\t\t  <style>\n\t\t    .fb-background-color {\n\t\t\t\tbackground:  !important;\n\t\t\t}\n\t\t\t.fb_iframe_widget_fluid_desktop iframe {\n\t\t\t    width: 100% !important;\n\t\t\t}\n\t\t  <\/style>\n\t\t  ","protected":false},"excerpt":{"rendered":"<p>Colima, M\u00e9xico, Avanzada (29\/10\/2025).- La violencia volvi\u00f3 a estremecer a Colima este martes, cuando distintos ataques armados dejaron un saldo de cinco personas asesinadas y un herido de gravedad. Los hechos ocurrieron en la capital del estado, as\u00ed como en los municipios de Armer\u00eda y Manzanillo, donde las v\u00edctimas fueron atacadas a balazos o localizadas [&hellip;]<\/p>\n","protected":false},"author":7,"featured_media":104589,"comment_status":"closed","ping_status":"closed","sticky":false,"template":"","format":"standard","meta":{"_coblocks_attr":"","_coblocks_dimensions":"","_coblocks_responsive_height":"","_coblocks_accordion_ie_support":"","_crdt_document":"","advanced_seo_description":"","jetpack_seo_html_title":"","jetpack_seo_noindex":false,"_jetpack_memberships_contains_paid_content":false,"footnotes":""},"categories":[19,209,7,231],"tags":[210],"class_list":["post-104590","post","type-post","status-publish","format-standard","has-post-thumbnail","hentry","category-colima","category-importantes","category-noticias","category-seguridad","tag-portada"],"jetpack_featured_media_url":"https:\/\/diarioavanzada.com.mx\/wp-content\/uploads\/2025\/10\/img_3233.jpg","jetpack-related-posts":[],"jetpack_sharing_enabled":true,"amp_enabled":true,"_links":{"self":[{"href":"https:\/\/diarioavanzada.com.mx\/index.php?rest_route=\/wp\/v2\/posts\/104590","targetHints":{"allow":["GET"]}}],"collection":[{"href":"https:\/\/diarioavanzada.com.mx\/index.php?rest_route=\/wp\/v2\/posts"}],"about":[{"href":"https:\/\/diarioavanzada.com.mx\/index.php?rest_route=\/wp\/v2\/types\/post"}],"author":[{"embeddable":true,"href":"https:\/\/diarioavanzada.com.mx\/index.php?rest_route=\/wp\/v2\/users\/7"}],"replies":[{"embeddable":true,"href":"https:\/\/diarioavanzada.com.mx\/index.php?rest_route=%2Fwp%2Fv2%2Fcomments&post=104590"}],"version-history":[{"count":4,"href":"https:\/\/diarioavanzada.com.mx\/index.php?rest_route=\/wp\/v2\/posts\/104590\/revisions"}],"predecessor-version":[{"id":104790,"href":"https:\/\/diarioavanzada.com.mx\/index.php?rest_route=\/wp\/v2\/posts\/104590\/revisions\/104790"}],"wp:featuredmedia":[{"embeddable":true,"href":"https:\/\/diarioavanzada.com.mx\/index.php?rest_route=\/wp\/v2\/media\/104589"}],"wp:attachment":[{"href":"https:\/\/diarioavanzada.com.mx\/index.php?rest_route=%2Fwp%2Fv2%2Fmedia&parent=104590"}],"wp:term":[{"taxonomy":"category","embeddable":true,"href":"https:\/\/diarioavanzada.com.mx\/index.php?rest_route=%2Fwp%2Fv2%2Fcategories&post=104590"},{"taxonomy":"post_tag","embeddable":true,"href":"https:\/\/diarioavanzada.com.mx\/index.php?rest_route=%2Fwp%2Fv2%2Ftags&post=104590"}],"curies":[{"name":"wp","href":"https:\/\/api.w.org\/{rel}","templated":true}]}}