{"id":104371,"date":"2025-10-27T12:52:44","date_gmt":"2025-10-27T18:52:44","guid":{"rendered":"https:\/\/diarioavanzada.com.mx\/?p=104371"},"modified":"2025-10-27T13:03:05","modified_gmt":"2025-10-27T19:03:05","slug":"a-22-anos-se-desconoce-quien-dejo-tres-perros-ejecutados-en-el-congreso-de-colima","status":"publish","type":"post","link":"https:\/\/diarioavanzada.com.mx\/?p=104371","title":{"rendered":"A 22 a\u00f1os, se desconoce qui\u00e9n dej\u00f3 tres perros ejecutados en el Congreso de Colima"},"content":{"rendered":"\n<p class=\"p1 wp-block-paragraph\">Colima, M\u00e9xico, Avanzada (27\/10\/2025).- En una semana se cumplir\u00e1n 22 a\u00f1os de uno de los hechos m\u00e1s macabros y simb\u00f3licos ocurridos en la historia pol\u00edtica reciente de Colima: la aparici\u00f3n de tres perros ejecutados con disparos en la cabeza frente al Congreso del Estado, cuyos cuerpos llevaban pintados los nombres de tres figuras pol\u00edticas priistas: \u201cFernando\u201d, \u201cGustavo\u201d y \u201cSam\u201d.<\/p>\n\n\n\n<p class=\"p1 wp-block-paragraph\">El hallazgo ocurri\u00f3 la ma\u00f1ana del 4 de noviembre de 2003, cuando un trabajador del Congreso encontr\u00f3 los cuerpos semienvueltos en bolsas negras, cuidadosamente acomodados en uno de los accesos al edificio. Los nombres hac\u00edan alusi\u00f3n al exgobernador Fernando Moreno Pe\u00f1a, al entonces excandidato del PRI a la gubernatura, Gustavo V\u00e1zquez Montes, y al procurador de Justicia, Jes\u00fas Antonio Sam L\u00f3pez.<\/p>\n\n\n\n<p class=\"p1 wp-block-paragraph\">El hecho desat\u00f3 una fuerte conmoci\u00f3n pol\u00edtica en un contexto electoral tenso, tras la anulaci\u00f3n de los comicios de aquel a\u00f1o. Las autoridades estatales calificaron el acto como una \u201ccobard\u00eda\u201d y una \u201cbroma de mal gusto\u201d, mientras que los dirigentes de los partidos coincidieron en condenar el suceso y llamaron a no alterar el clima pol\u00edtico previo a la elecci\u00f3n extraordinaria.<\/p>\n\n\n\n<p class=\"wp-block-paragraph\">Al ser entrevistado sobre la inscripci\u00f3n de su nombre en uno de los perros, el Procurador de Justicia, Antonio Sam L\u00f3pez dijo: \u201cno me siento ofendido, porque si los humanos fu\u00e9ramos como los perros al menos en un uno por ciento, otra cosa ser\u00edamos\u201d. Adem\u00e1s, lanz\u00f3 un reto a los responsables: \u201cSi creen que me van a intimidar, se equivocan, y si se sienten tan hombres, nada m\u00e1s que me digan d\u00f3nde, c\u00f3mo y a qu\u00e9 horas\u2026 yo s\u00ed le entro El que me quiera buscar, aqu\u00ed estoy, yo s\u00ed los reto, pero deben dar la cara y nos entendemos a la hora que sea\u201d.<\/p>\n\n\n\n<p class=\"p1 wp-block-paragraph\">Pese a la indignaci\u00f3n que gener\u00f3 el crimen y a que la Procuradur\u00eda de Justicia asegur\u00f3 haber realizado peritajes bal\u00edsticos para rastrear el origen del arma utilizada, nunca se dio a conocer qui\u00e9n o qui\u00e9nes fueron los responsables.<\/p>\n\n\n\n<p class=\"p1 wp-block-paragraph\">A 22 a\u00f1os de distancia, el caso permanece sin esclarecerse y contin\u00faa siendo recordado como uno de los episodios m\u00e1s oscuros e impunes en la historia pol\u00edtica de Colima.<\/p>\n\n\n\n<p class=\"wp-block-paragraph\"><em>*Fotograf\u00eda tomada de la red social del H. Congreso del Estado de Colima.<\/em><\/p>\n<div class=\"fb-background-color\">\n\t\t\t  <div \n\t\t\t  \tclass = \"fb-comments\" \n\t\t\t  \tdata-href = \"https:\/\/diarioavanzada.com.mx\/?p=104371\"\n\t\t\t  \tdata-numposts = \"10\"\n\t\t\t  \tdata-lazy = \"true\"\n\t\t\t\tdata-colorscheme = \"light\"\n\t\t\t\tdata-order-by = \"social\"\n\t\t\t\tdata-mobile=true>\n\t\t\t  <\/div><\/div>\n\t\t  <style>\n\t\t    .fb-background-color {\n\t\t\t\tbackground:  !important;\n\t\t\t}\n\t\t\t.fb_iframe_widget_fluid_desktop iframe {\n\t\t\t    width: 100% !important;\n\t\t\t}\n\t\t  <\/style>\n\t\t  ","protected":false},"excerpt":{"rendered":"<p>Colima, M\u00e9xico, Avanzada (27\/10\/2025).- En una semana se cumplir\u00e1n 22 a\u00f1os de uno de los hechos m\u00e1s macabros y simb\u00f3licos ocurridos en la historia pol\u00edtica reciente de Colima: la aparici\u00f3n de tres perros ejecutados con disparos en la cabeza frente al Congreso del Estado, cuyos cuerpos llevaban pintados los nombres de tres figuras pol\u00edticas priistas: [&hellip;]<\/p>\n","protected":false},"author":7,"featured_media":104370,"comment_status":"closed","ping_status":"closed","sticky":false,"template":"","format":"standard","meta":{"_coblocks_attr":"","_coblocks_dimensions":"","_coblocks_responsive_height":"","_coblocks_accordion_ie_support":"","_crdt_document":"","advanced_seo_description":"","jetpack_seo_html_title":"","jetpack_seo_noindex":false,"_jetpack_memberships_contains_paid_content":false,"footnotes":""},"categories":[19,209,7,231],"tags":[210],"class_list":["post-104371","post","type-post","status-publish","format-standard","has-post-thumbnail","hentry","category-colima","category-importantes","category-noticias","category-seguridad","tag-portada"],"jetpack_featured_media_url":"https:\/\/diarioavanzada.com.mx\/wp-content\/uploads\/2025\/10\/img_6025.png","jetpack-related-posts":[],"jetpack_sharing_enabled":true,"amp_enabled":true,"_links":{"self":[{"href":"https:\/\/diarioavanzada.com.mx\/index.php?rest_route=\/wp\/v2\/posts\/104371","targetHints":{"allow":["GET"]}}],"collection":[{"href":"https:\/\/diarioavanzada.com.mx\/index.php?rest_route=\/wp\/v2\/posts"}],"about":[{"href":"https:\/\/diarioavanzada.com.mx\/index.php?rest_route=\/wp\/v2\/types\/post"}],"author":[{"embeddable":true,"href":"https:\/\/diarioavanzada.com.mx\/index.php?rest_route=\/wp\/v2\/users\/7"}],"replies":[{"embeddable":true,"href":"https:\/\/diarioavanzada.com.mx\/index.php?rest_route=%2Fwp%2Fv2%2Fcomments&post=104371"}],"version-history":[{"count":1,"href":"https:\/\/diarioavanzada.com.mx\/index.php?rest_route=\/wp\/v2\/posts\/104371\/revisions"}],"predecessor-version":[{"id":104372,"href":"https:\/\/diarioavanzada.com.mx\/index.php?rest_route=\/wp\/v2\/posts\/104371\/revisions\/104372"}],"wp:featuredmedia":[{"embeddable":true,"href":"https:\/\/diarioavanzada.com.mx\/index.php?rest_route=\/wp\/v2\/media\/104370"}],"wp:attachment":[{"href":"https:\/\/diarioavanzada.com.mx\/index.php?rest_route=%2Fwp%2Fv2%2Fmedia&parent=104371"}],"wp:term":[{"taxonomy":"category","embeddable":true,"href":"https:\/\/diarioavanzada.com.mx\/index.php?rest_route=%2Fwp%2Fv2%2Fcategories&post=104371"},{"taxonomy":"post_tag","embeddable":true,"href":"https:\/\/diarioavanzada.com.mx\/index.php?rest_route=%2Fwp%2Fv2%2Ftags&post=104371"}],"curies":[{"name":"wp","href":"https:\/\/api.w.org\/{rel}","templated":true}]}}