{"id":104294,"date":"2025-10-26T10:55:27","date_gmt":"2025-10-26T16:55:27","guid":{"rendered":"https:\/\/diarioavanzada.com.mx\/?p=104294"},"modified":"2025-10-26T10:55:27","modified_gmt":"2025-10-26T16:55:27","slug":"rescatan-con-vida-a-bebe-robada-en-durango","status":"publish","type":"post","link":"https:\/\/diarioavanzada.com.mx\/?p=104294","title":{"rendered":"Rescatan con vida a beb\u00e9 robada en Durango&nbsp;"},"content":{"rendered":"\n<p class=\"p1 wp-block-paragraph\"><em>La menor de un mes fue localizada envuelta en una s\u00e1bana en un \u00e1rea verde y ya se encuentra bajo atenci\u00f3n m\u00e9dica y con sus padres; la Fiscal\u00eda sigue tras la responsable.<\/em><\/p>\n\n\n\n<p class=\"p1 wp-block-paragraph\">Durango, M\u00e9xico, Avanzada (26\/10\/2025).- La angustia termin\u00f3 para la familia de la peque\u00f1a Judith Alejandra, la beb\u00e9 de un mes que fue sustra\u00edda del Hospital Materno Infantil de Durango la noche del jueves. La reci\u00e9n nacida fue encontrada con vida durante las primeras horas de este viernes, envuelta en una s\u00e1bana blanca y abandonada en una zona verde del Fraccionamiento Hacienda Las Flores.<\/p>\n\n\n\n<p class=\"p1 wp-block-paragraph\">Autoridades estatales confirmaron que la menor, quien naci\u00f3 prematura el pasado 20 de septiembre y se encontraba hospitalizada debido a su estado de salud delicado, present\u00f3 signos vitales al momento de su hallazgo. De inmediato, fue trasladada nuevamente a un hospital para recibir atenci\u00f3n m\u00e9dica especializada.<\/p>\n\n\n\n<p class=\"p1 wp-block-paragraph\">La Fiscal\u00eda General del Estado inform\u00f3 que la activaci\u00f3n de la Alerta Amber, el apoyo de corporaciones policiacas y la participaci\u00f3n ciudadana fueron clave para localizarla. Tras su valoraci\u00f3n, la beb\u00e9 fue entregada a sus padres, quienes agradecieron el apoyo recibido, aunque se\u00f1alaron que su recuperaci\u00f3n requiere cuidados m\u00e9dicos estrictos.<\/p>\n\n\n\n<p class=\"p1 wp-block-paragraph\">El rapto ocurri\u00f3 cuando una mujer vestida como enfermera ingres\u00f3 al nosocomio y sali\u00f3 cargando a la menor, hecho que qued\u00f3 registrado en c\u00e1maras de seguridad. La sospechosa fue descrita como una mujer de entre 35 y 45 a\u00f1os, complexi\u00f3n media, alrededor de 1.58 metros de estatura, rostro ovalado, ojos grandes, cejas delineadas y con marcas de acn\u00e9, adem\u00e1s de presentar manchas amarillas en los dientes frontales.<\/p>\n\n\n\n<p class=\"p1 wp-block-paragraph\">Los abuelos de la peque\u00f1a se dijeron aliviados por el hallazgo y pidieron que se garantice la salud de Judith. \u201cNaci\u00f3 prematura, necesita su medicamento\u2026 gracias a Dios la encontraron, pero queremos que est\u00e9 bien\u201d, expres\u00f3 la abuela.<\/p>\n\n\n\n<p class=\"p1 wp-block-paragraph\">La Fiscal\u00eda contin\u00faa con las investigaciones para dar con el paradero de la responsable y llevarla ante la justicia. Mientras tanto, la beb\u00e9 permanece bajo observaci\u00f3n m\u00e9dica.<\/p>\n<div class=\"fb-background-color\">\n\t\t\t  <div \n\t\t\t  \tclass = \"fb-comments\" \n\t\t\t  \tdata-href = \"https:\/\/diarioavanzada.com.mx\/?p=104294\"\n\t\t\t  \tdata-numposts = \"10\"\n\t\t\t  \tdata-lazy = \"true\"\n\t\t\t\tdata-colorscheme = \"light\"\n\t\t\t\tdata-order-by = \"social\"\n\t\t\t\tdata-mobile=true>\n\t\t\t  <\/div><\/div>\n\t\t  <style>\n\t\t    .fb-background-color {\n\t\t\t\tbackground:  !important;\n\t\t\t}\n\t\t\t.fb_iframe_widget_fluid_desktop iframe {\n\t\t\t    width: 100% !important;\n\t\t\t}\n\t\t  <\/style>\n\t\t  ","protected":false},"excerpt":{"rendered":"<p>La menor de un mes fue localizada envuelta en una s\u00e1bana en un \u00e1rea verde y ya se encuentra bajo atenci\u00f3n m\u00e9dica y con sus padres; la Fiscal\u00eda sigue tras la responsable. Durango, M\u00e9xico, Avanzada (26\/10\/2025).- La angustia termin\u00f3 para la familia de la peque\u00f1a Judith Alejandra, la beb\u00e9 de un mes que fue sustra\u00edda [&hellip;]<\/p>\n","protected":false},"author":7,"featured_media":104293,"comment_status":"closed","ping_status":"closed","sticky":false,"template":"","format":"standard","meta":{"_coblocks_attr":"","_coblocks_dimensions":"","_coblocks_responsive_height":"","_coblocks_accordion_ie_support":"","_crdt_document":"","advanced_seo_description":"","jetpack_seo_html_title":"","jetpack_seo_noindex":false,"_jetpack_memberships_contains_paid_content":false,"footnotes":""},"categories":[22,7,231],"tags":[],"class_list":["post-104294","post","type-post","status-publish","format-standard","has-post-thumbnail","hentry","category-nacion","category-noticias","category-seguridad"],"jetpack_featured_media_url":"https:\/\/diarioavanzada.com.mx\/wp-content\/uploads\/2025\/10\/img_7461.png","jetpack-related-posts":[],"jetpack_sharing_enabled":true,"amp_enabled":true,"_links":{"self":[{"href":"https:\/\/diarioavanzada.com.mx\/index.php?rest_route=\/wp\/v2\/posts\/104294","targetHints":{"allow":["GET"]}}],"collection":[{"href":"https:\/\/diarioavanzada.com.mx\/index.php?rest_route=\/wp\/v2\/posts"}],"about":[{"href":"https:\/\/diarioavanzada.com.mx\/index.php?rest_route=\/wp\/v2\/types\/post"}],"author":[{"embeddable":true,"href":"https:\/\/diarioavanzada.com.mx\/index.php?rest_route=\/wp\/v2\/users\/7"}],"replies":[{"embeddable":true,"href":"https:\/\/diarioavanzada.com.mx\/index.php?rest_route=%2Fwp%2Fv2%2Fcomments&post=104294"}],"version-history":[{"count":1,"href":"https:\/\/diarioavanzada.com.mx\/index.php?rest_route=\/wp\/v2\/posts\/104294\/revisions"}],"predecessor-version":[{"id":104295,"href":"https:\/\/diarioavanzada.com.mx\/index.php?rest_route=\/wp\/v2\/posts\/104294\/revisions\/104295"}],"wp:featuredmedia":[{"embeddable":true,"href":"https:\/\/diarioavanzada.com.mx\/index.php?rest_route=\/wp\/v2\/media\/104293"}],"wp:attachment":[{"href":"https:\/\/diarioavanzada.com.mx\/index.php?rest_route=%2Fwp%2Fv2%2Fmedia&parent=104294"}],"wp:term":[{"taxonomy":"category","embeddable":true,"href":"https:\/\/diarioavanzada.com.mx\/index.php?rest_route=%2Fwp%2Fv2%2Fcategories&post=104294"},{"taxonomy":"post_tag","embeddable":true,"href":"https:\/\/diarioavanzada.com.mx\/index.php?rest_route=%2Fwp%2Fv2%2Ftags&post=104294"}],"curies":[{"name":"wp","href":"https:\/\/api.w.org\/{rel}","templated":true}]}}