{"id":10429,"date":"2020-02-12T11:57:31","date_gmt":"2020-02-12T16:57:31","guid":{"rendered":"https:\/\/diarioavanzada.com.mx\/?p=10429"},"modified":"2020-02-12T12:16:24","modified_gmt":"2020-02-12T17:16:24","slug":"gobernador-debio-licitar-y-transparentar-adquisicion-de-inmueble-en-la-cdmx","status":"publish","type":"post","link":"https:\/\/diarioavanzada.com.mx\/?p=10429","title":{"rendered":"Gobernador debi\u00f3 licitar y transparentar adquisici\u00f3n de inmueble en la CDMX"},"content":{"rendered":"\n<p class=\"wp-block-paragraph\">Colima, M\u00e9xico, Avanzada (12\/02\/2020).- Para el diputado Francisco Rodr\u00edguez Garc\u00eda, el Gobierno del Estado debi\u00f3 emitir una licitaci\u00f3n p\u00fablica para comprar un inmueble en la ciudad de M\u00e9xico con un valor superior a los 16 millones de pesos, pero adem\u00e1s, tuvo que haber transparentado la adquisici\u00f3n.<\/p>\n\n\n\n<p class=\"wp-block-paragraph\">El legislador explic\u00f3 que por el monto de la operaci\u00f3n, la Ley establece la licitaci\u00f3n, sin embargo explic\u00f3 que existen algunas excepciones, \u201cpero para evitar que se sospeche de una posible operaci\u00f3n irregular, se tuvo que haber licitado o por lo menos, transparentado la compra\u201d.<\/p>\n\n\n\n<p class=\"wp-block-paragraph\">El diputado local afirm\u00f3 que es conocido el inter\u00e9s del mandatario colimense, Ignacio Peralta S\u00e1nchez en adquirir terrenos que no benefician a los colimenses, pero s\u00ed a algunos particulares.<\/p>\n\n\n\n<p class=\"wp-block-paragraph\">Indic\u00f3 que en el caso del inmueble que el gobierno adquiri\u00f3 el 6 de marzo de 2018 en la ciudad de M\u00e9xico, \u201ctendr\u00edan que conocerse las causas que motivaron la compra, las justificaciones, pero sobre todo, a qui\u00e9n se le compr\u00f3 y constatar si existe alg\u00fan sobreprecio, como se ha manejado\u201d.<\/p>\n\n\n\n<p class=\"wp-block-paragraph\">Rodr\u00edguez Garc\u00eda cuestion\u00f3 la opacidad con la que se maneja el Gobierno, al adquirir inmuebles con recursos p\u00fablicos, pero no informar sobre la adquisici\u00f3n de \u00e9stos, hasta que hay alg\u00fan se\u00f1alamiento por una compra sospechosa.<\/p>\n\n\n\n<p class=\"wp-block-paragraph\">\u201cEste asunto no es la excepci\u00f3n, as\u00ed que el gobierno tendr\u00eda que transparentar el expediente; hacer p\u00fablica la licitaci\u00f3n, las ofertas que recibi\u00f3 y sobre todo, las causas que justifican la adquisici\u00f3n de la casa\u201d.<\/p>\n\n\n\n<p class=\"wp-block-paragraph\">Rodr\u00edguez Garc\u00eda se\u00f1al\u00f3 que una representaci\u00f3n del gobierno de Colima en la ciudad de M\u00e9xico es necesaria, \u201cpero tendr\u00eda que conducirse con austeridad. Adem\u00e1s, es necesaria cuando de verdad funciona para gestionar, y darle seguimiento a los tr\u00e1mites que realiza el gobierno del Estado ante las dependencias, pero no vemos que esa sea la funci\u00f3n de dicha representaci\u00f3n; m\u00e1s bien se qued\u00f3 como un espacio para hacer cenas y algunas reuniones sin mayor trascendencia para el bienestar de Colima\u201d.<\/p>\n<div class=\"fb-background-color\">\n\t\t\t  <div \n\t\t\t  \tclass = \"fb-comments\" \n\t\t\t  \tdata-href = \"https:\/\/diarioavanzada.com.mx\/?p=10429\"\n\t\t\t  \tdata-numposts = \"10\"\n\t\t\t  \tdata-lazy = \"true\"\n\t\t\t\tdata-colorscheme = \"light\"\n\t\t\t\tdata-order-by = \"social\"\n\t\t\t\tdata-mobile=true>\n\t\t\t  <\/div><\/div>\n\t\t  <style>\n\t\t    .fb-background-color {\n\t\t\t\tbackground:  !important;\n\t\t\t}\n\t\t\t.fb_iframe_widget_fluid_desktop iframe {\n\t\t\t    width: 100% !important;\n\t\t\t}\n\t\t  <\/style>\n\t\t  ","protected":false},"excerpt":{"rendered":"<p>Colima, M\u00e9xico, Avanzada (12\/02\/2020).- Para el diputado Francisco Rodr\u00edguez Garc\u00eda, el Gobierno del Estado debi\u00f3 emitir una licitaci\u00f3n p\u00fablica para comprar un inmueble en la ciudad de M\u00e9xico con un valor superior a los 16 millones de pesos, pero adem\u00e1s, tuvo que haber transparentado la adquisici\u00f3n. El legislador explic\u00f3 que por el monto de la [&hellip;]<\/p>\n","protected":false},"author":5,"featured_media":10430,"comment_status":"closed","ping_status":"closed","sticky":false,"template":"","format":"standard","meta":{"_coblocks_attr":"","_coblocks_dimensions":"","_coblocks_responsive_height":"","_coblocks_accordion_ie_support":"","_crdt_document":"","advanced_seo_description":"","jetpack_seo_html_title":"","jetpack_seo_noindex":false,"_jetpack_memberships_contains_paid_content":false,"footnotes":""},"categories":[19],"tags":[210],"class_list":["post-10429","post","type-post","status-publish","format-standard","has-post-thumbnail","hentry","category-colima","tag-portada"],"jetpack_featured_media_url":"https:\/\/diarioavanzada.com.mx\/wp-content\/uploads\/2020\/02\/1AD4C22E-DCBA-41AA-9C3C-0FE0D844D412.jpeg","jetpack-related-posts":[],"jetpack_sharing_enabled":true,"amp_enabled":true,"_links":{"self":[{"href":"https:\/\/diarioavanzada.com.mx\/index.php?rest_route=\/wp\/v2\/posts\/10429","targetHints":{"allow":["GET"]}}],"collection":[{"href":"https:\/\/diarioavanzada.com.mx\/index.php?rest_route=\/wp\/v2\/posts"}],"about":[{"href":"https:\/\/diarioavanzada.com.mx\/index.php?rest_route=\/wp\/v2\/types\/post"}],"author":[{"embeddable":true,"href":"https:\/\/diarioavanzada.com.mx\/index.php?rest_route=\/wp\/v2\/users\/5"}],"replies":[{"embeddable":true,"href":"https:\/\/diarioavanzada.com.mx\/index.php?rest_route=%2Fwp%2Fv2%2Fcomments&post=10429"}],"version-history":[{"count":0,"href":"https:\/\/diarioavanzada.com.mx\/index.php?rest_route=\/wp\/v2\/posts\/10429\/revisions"}],"wp:featuredmedia":[{"embeddable":true,"href":"https:\/\/diarioavanzada.com.mx\/index.php?rest_route=\/wp\/v2\/media\/10430"}],"wp:attachment":[{"href":"https:\/\/diarioavanzada.com.mx\/index.php?rest_route=%2Fwp%2Fv2%2Fmedia&parent=10429"}],"wp:term":[{"taxonomy":"category","embeddable":true,"href":"https:\/\/diarioavanzada.com.mx\/index.php?rest_route=%2Fwp%2Fv2%2Fcategories&post=10429"},{"taxonomy":"post_tag","embeddable":true,"href":"https:\/\/diarioavanzada.com.mx\/index.php?rest_route=%2Fwp%2Fv2%2Ftags&post=10429"}],"curies":[{"name":"wp","href":"https:\/\/api.w.org\/{rel}","templated":true}]}}