{"id":10427,"date":"2020-02-12T07:58:23","date_gmt":"2020-02-12T12:58:23","guid":{"rendered":"https:\/\/diarioavanzada.com.mx\/?p=10427"},"modified":"2020-02-12T07:58:25","modified_gmt":"2020-02-12T12:58:25","slug":"el-ocaso-de-un-partido-en-el-poder","status":"publish","type":"post","link":"https:\/\/diarioavanzada.com.mx\/?p=10427","title":{"rendered":"El ocaso de un partido en el poder"},"content":{"rendered":"\n<p class=\"wp-block-paragraph\">Colima, M\u00e9xico, Avanzada (11\/02\/2020).- En su elecci\u00f3n interna realizada en tres municipios, el PRI apenas logr\u00f3 juntar 2 mil votos de sus militantes para elegir a los nuevos dirigentes en Villa de \u00c1lvarez, Armer\u00eda e Ixtlahuac\u00e1n.<\/p>\n\n\n\n<p class=\"wp-block-paragraph\">Destaca el caso de Villa de \u00c1lvarez donde apenas 513 priistas participaron en dicho proceso; mientras que en Armer\u00eda, mil 95 militantes y en Ixtlahuac\u00e1n, 424 militantes.<\/p>\n\n\n\n<p class=\"wp-block-paragraph\">Actualmente el PRI es el partido en el Gobierno del Estado y durante m\u00e1s de 80 a\u00f1os, hab\u00edan mantenido la hegemon\u00eda pol\u00edtica en la entidad.<\/p>\n\n\n\n<p class=\"wp-block-paragraph\">La renovaci\u00f3n de las dirigencias municipales forma parte del trabajo interno del partido, rumbo a la elecci\u00f3n del pr\u00f3ximo a\u00f1o, donde, adem\u00e1s de la gubernatura se votar\u00e1 para elegir a los diputados locales y a los presidentes municipales.<\/p>\n\n\n\n<p class=\"wp-block-paragraph\">La propia dirigencia estatal del PRI reconoci\u00f3 que en Villa de \u00c1lvarez s\u00f3lo sali\u00f3 a votar el 10 por ciento del padr\u00f3n de militantes que tiene registrado ese instituto pol\u00edtico; mientras que en Armer\u00eda, la cifra fue del 50 por ciento.<\/p>\n\n\n\n<p class=\"wp-block-paragraph\">El presidente del PRI estatal, Enrique Rojas Orozco se\u00f1al\u00f3 que el partido tiene el reto de lograr que la militancia ratifique su compromiso con el PRI, a trav\u00e9s de las elecciones de las dirigencias municipales.<\/p>\n\n\n\n<p class=\"wp-block-paragraph\">En el resto de los municipios no hubo elecci\u00f3n interna porque se registraron planillas \u00fanicas.<\/p>\n\n\n\n<p class=\"wp-block-paragraph\">A nivel nacional, el PRI tiene un padr\u00f3n de 2 millones 300 mil afiliados hasta finales de 2019, cuando en el 2017, ten\u00eda seis millones 368 mil 763, es decir, que en dos a\u00f1os perdi\u00f3 m\u00e1s de cuatro millones de militantes.<\/p>\n\n\n\n<p class=\"wp-block-paragraph\">Aunque a nivel estatal, el PRI no ha revelado a cu\u00e1nto asciende su padr\u00f3n actualizado, la dirigencia estatal se\u00f1al\u00f3 que su militancia es de 21 mil militantes, cuando hace cinco a\u00f1os la misma dirigencia expon\u00eda que era de 100 mil afiliados. Es decir, en un lustro perdieron 79 mil adheridos en su padr\u00f3n.<\/p>\n<div class=\"fb-background-color\">\n\t\t\t  <div \n\t\t\t  \tclass = \"fb-comments\" \n\t\t\t  \tdata-href = \"https:\/\/diarioavanzada.com.mx\/?p=10427\"\n\t\t\t  \tdata-numposts = \"10\"\n\t\t\t  \tdata-lazy = \"true\"\n\t\t\t\tdata-colorscheme = \"light\"\n\t\t\t\tdata-order-by = \"social\"\n\t\t\t\tdata-mobile=true>\n\t\t\t  <\/div><\/div>\n\t\t  <style>\n\t\t    .fb-background-color {\n\t\t\t\tbackground:  !important;\n\t\t\t}\n\t\t\t.fb_iframe_widget_fluid_desktop iframe {\n\t\t\t    width: 100% !important;\n\t\t\t}\n\t\t  <\/style>\n\t\t  ","protected":false},"excerpt":{"rendered":"<p>Colima, M\u00e9xico, Avanzada (11\/02\/2020).- En su elecci\u00f3n interna realizada en tres municipios, el PRI apenas logr\u00f3 juntar 2 mil votos de sus militantes para elegir a los nuevos dirigentes en Villa de \u00c1lvarez, Armer\u00eda e Ixtlahuac\u00e1n. Destaca el caso de Villa de \u00c1lvarez donde apenas 513 priistas participaron en dicho proceso; mientras que en Armer\u00eda, [&hellip;]<\/p>\n","protected":false},"author":5,"featured_media":9726,"comment_status":"closed","ping_status":"closed","sticky":false,"template":"","format":"standard","meta":{"_coblocks_attr":"","_coblocks_dimensions":"","_coblocks_responsive_height":"","_coblocks_accordion_ie_support":"","_crdt_document":"","advanced_seo_description":"","jetpack_seo_html_title":"","jetpack_seo_noindex":false,"_jetpack_memberships_contains_paid_content":false,"footnotes":""},"categories":[19],"tags":[210],"class_list":["post-10427","post","type-post","status-publish","format-standard","has-post-thumbnail","hentry","category-colima","tag-portada"],"jetpack_featured_media_url":"https:\/\/diarioavanzada.com.mx\/wp-content\/uploads\/2020\/01\/NACHO-PRI-CRISIS.png","jetpack-related-posts":[],"jetpack_sharing_enabled":true,"amp_enabled":true,"_links":{"self":[{"href":"https:\/\/diarioavanzada.com.mx\/index.php?rest_route=\/wp\/v2\/posts\/10427","targetHints":{"allow":["GET"]}}],"collection":[{"href":"https:\/\/diarioavanzada.com.mx\/index.php?rest_route=\/wp\/v2\/posts"}],"about":[{"href":"https:\/\/diarioavanzada.com.mx\/index.php?rest_route=\/wp\/v2\/types\/post"}],"author":[{"embeddable":true,"href":"https:\/\/diarioavanzada.com.mx\/index.php?rest_route=\/wp\/v2\/users\/5"}],"replies":[{"embeddable":true,"href":"https:\/\/diarioavanzada.com.mx\/index.php?rest_route=%2Fwp%2Fv2%2Fcomments&post=10427"}],"version-history":[{"count":0,"href":"https:\/\/diarioavanzada.com.mx\/index.php?rest_route=\/wp\/v2\/posts\/10427\/revisions"}],"wp:featuredmedia":[{"embeddable":true,"href":"https:\/\/diarioavanzada.com.mx\/index.php?rest_route=\/wp\/v2\/media\/9726"}],"wp:attachment":[{"href":"https:\/\/diarioavanzada.com.mx\/index.php?rest_route=%2Fwp%2Fv2%2Fmedia&parent=10427"}],"wp:term":[{"taxonomy":"category","embeddable":true,"href":"https:\/\/diarioavanzada.com.mx\/index.php?rest_route=%2Fwp%2Fv2%2Fcategories&post=10427"},{"taxonomy":"post_tag","embeddable":true,"href":"https:\/\/diarioavanzada.com.mx\/index.php?rest_route=%2Fwp%2Fv2%2Ftags&post=10427"}],"curies":[{"name":"wp","href":"https:\/\/api.w.org\/{rel}","templated":true}]}}