{"id":104164,"date":"2025-10-24T14:29:00","date_gmt":"2025-10-24T20:29:00","guid":{"rendered":"https:\/\/diarioavanzada.com.mx\/?p=104164"},"modified":"2025-10-24T14:29:00","modified_gmt":"2025-10-24T20:29:00","slug":"ante-la-violencia-de-los-carteles-diputados-de-morena-hacen-mutis-critica-el-pan","status":"publish","type":"post","link":"https:\/\/diarioavanzada.com.mx\/?p=104164","title":{"rendered":"Ante la violencia de los c\u00e1rteles, diputados de Morena hacen mutis: critica el PAN"},"content":{"rendered":"\n<p class=\"wp-block-paragraph\">Colima, M\u00e9xico, Avanzada (24\/10\/2025).- El coordinador de la bancada del PAN en el Congreso del Estado, Alberto Partida, critic\u00f3 el silencio de los legisladores de Morena y sus aliados ante los hechos de violencia que afectan a Colima, particularmente los asesinatos de mujeres que, dijo, reflejan la gravedad de la situaci\u00f3n que enfrenta la entidad.<\/p>\n\n\n\n<p class=\"wp-block-paragraph\">\u201cNo podemos esconder la cabeza ante la situaci\u00f3n de violencia tan grave que se vive\u201d, expres\u00f3 el diputado panista durante la sesi\u00f3n del Congreso local, al pedir que el apoyo a las mujeres deje de ser un acto de demagogia y se traduzca en acciones reales.<\/p>\n\n\n\n<p class=\"wp-block-paragraph\">\u201cQue deje de ser el apoyo a la mujer un acto de discurso, y que sin reservas se apoye, se se\u00f1ale y se exija que esto cambie, porque no se puede ser feminista cuando nos conviene y cuando no, volteamos para otro lado. La realidad los aplasta\u201d, enfatiz\u00f3 Partida.<\/p>\n\n\n\n<p class=\"wp-block-paragraph\">El legislador reconoci\u00f3 que la violencia no surgi\u00f3 en el actual gobierno, pero reproch\u00f3 que los actuales funcionarios y legisladores, quienes dijeron saber c\u00f3mo resolver los problemas, no est\u00e9n dando resultados. \u201cYa se sabe que la violencia no es de este gobierno y que fue heredada de muchos a\u00f1os, eso lo tenemos claro; pero por eso ya no gobiernan los de antes, ahora gobiernan los que dec\u00edan saber c\u00f3mo hacer las cosas\u201d, apunt\u00f3.<\/p>\n\n\n\n<p class=\"wp-block-paragraph\">Partida lament\u00f3 que, ante los hechos recientes de homicidios y agresiones, la bancada mayoritaria de Morena no haya emitido pronunciamientos ni exigido medidas concretas para atender la crisis de seguridad, \u201cel silencio ante las atrocidades que estamos viviendo es inaceptable\u201d, sostuvo el coordinador panista, al urgir a que el Congreso del Estado asuma su responsabilidad y act\u00fae con firmeza ante la violencia que golpea a la poblaci\u00f3n colimense.<\/p>\n<div class=\"fb-background-color\">\n\t\t\t  <div \n\t\t\t  \tclass = \"fb-comments\" \n\t\t\t  \tdata-href = \"https:\/\/diarioavanzada.com.mx\/?p=104164\"\n\t\t\t  \tdata-numposts = \"10\"\n\t\t\t  \tdata-lazy = \"true\"\n\t\t\t\tdata-colorscheme = \"light\"\n\t\t\t\tdata-order-by = \"social\"\n\t\t\t\tdata-mobile=true>\n\t\t\t  <\/div><\/div>\n\t\t  <style>\n\t\t    .fb-background-color {\n\t\t\t\tbackground:  !important;\n\t\t\t}\n\t\t\t.fb_iframe_widget_fluid_desktop iframe {\n\t\t\t    width: 100% !important;\n\t\t\t}\n\t\t  <\/style>\n\t\t  ","protected":false},"excerpt":{"rendered":"<p>Colima, M\u00e9xico, Avanzada (24\/10\/2025).- El coordinador de la bancada del PAN en el Congreso del Estado, Alberto Partida, critic\u00f3 el silencio de los legisladores de Morena y sus aliados ante los hechos de violencia que afectan a Colima, particularmente los asesinatos de mujeres que, dijo, reflejan la gravedad de la situaci\u00f3n que enfrenta la entidad. [&hellip;]<\/p>\n","protected":false},"author":7,"featured_media":104163,"comment_status":"closed","ping_status":"closed","sticky":false,"template":"","format":"standard","meta":{"_coblocks_attr":"","_coblocks_dimensions":"","_coblocks_responsive_height":"","_coblocks_accordion_ie_support":"","_crdt_document":"","advanced_seo_description":"","jetpack_seo_html_title":"","jetpack_seo_noindex":false,"_jetpack_memberships_contains_paid_content":false,"footnotes":""},"categories":[19,209,7,231],"tags":[210],"class_list":["post-104164","post","type-post","status-publish","format-standard","has-post-thumbnail","hentry","category-colima","category-importantes","category-noticias","category-seguridad","tag-portada"],"jetpack_featured_media_url":"https:\/\/diarioavanzada.com.mx\/wp-content\/uploads\/2025\/10\/img_5963.png","jetpack-related-posts":[],"jetpack_sharing_enabled":true,"amp_enabled":true,"_links":{"self":[{"href":"https:\/\/diarioavanzada.com.mx\/index.php?rest_route=\/wp\/v2\/posts\/104164","targetHints":{"allow":["GET"]}}],"collection":[{"href":"https:\/\/diarioavanzada.com.mx\/index.php?rest_route=\/wp\/v2\/posts"}],"about":[{"href":"https:\/\/diarioavanzada.com.mx\/index.php?rest_route=\/wp\/v2\/types\/post"}],"author":[{"embeddable":true,"href":"https:\/\/diarioavanzada.com.mx\/index.php?rest_route=\/wp\/v2\/users\/7"}],"replies":[{"embeddable":true,"href":"https:\/\/diarioavanzada.com.mx\/index.php?rest_route=%2Fwp%2Fv2%2Fcomments&post=104164"}],"version-history":[{"count":0,"href":"https:\/\/diarioavanzada.com.mx\/index.php?rest_route=\/wp\/v2\/posts\/104164\/revisions"}],"wp:featuredmedia":[{"embeddable":true,"href":"https:\/\/diarioavanzada.com.mx\/index.php?rest_route=\/wp\/v2\/media\/104163"}],"wp:attachment":[{"href":"https:\/\/diarioavanzada.com.mx\/index.php?rest_route=%2Fwp%2Fv2%2Fmedia&parent=104164"}],"wp:term":[{"taxonomy":"category","embeddable":true,"href":"https:\/\/diarioavanzada.com.mx\/index.php?rest_route=%2Fwp%2Fv2%2Fcategories&post=104164"},{"taxonomy":"post_tag","embeddable":true,"href":"https:\/\/diarioavanzada.com.mx\/index.php?rest_route=%2Fwp%2Fv2%2Ftags&post=104164"}],"curies":[{"name":"wp","href":"https:\/\/api.w.org\/{rel}","templated":true}]}}