{"id":104106,"date":"2025-10-25T18:10:33","date_gmt":"2025-10-26T00:10:33","guid":{"rendered":"https:\/\/diarioavanzada.com.mx\/?p=104106"},"modified":"2025-10-25T18:10:33","modified_gmt":"2025-10-26T00:10:33","slug":"asesinan-a-empresario-citricola-en-alamo-temapache","status":"publish","type":"post","link":"https:\/\/diarioavanzada.com.mx\/?p=104106","title":{"rendered":"Asesinan a empresario citr\u00edcola en \u00c1lamo Temapache"},"content":{"rendered":"\n<p class=\"p1 wp-block-paragraph\"><em>Un hombre dedicado a la industria de los c\u00edtricos fue atacado a balazos en un ejido del norte de Veracruz; el hecho ha generado consternaci\u00f3n en una regi\u00f3n clave para la producci\u00f3n de naranja.<\/em><\/p>\n\n\n\n<p class=\"p1 wp-block-paragraph\">Veracruz, M\u00e9xico, Avanzada (25\/10\/2025).- Un empresario citr\u00edcola identificado como Javier Vargas Arias, de 43 a\u00f1os, perdi\u00f3 la vida tras ser atacado a tiros por un grupo armado en el municipio de \u00c1lamo Temapache, al norte de Veracruz.<\/p>\n\n\n\n<p class=\"p1 wp-block-paragraph\">De acuerdo con los primeros informes policiales, sujetos armados llegaron en un veh\u00edculo al ejido Jard\u00edn Nuevo, donde Vargas Arias se encontraba trabajando, y abrieron fuego en su contra. Tras el ataque, los agresores escaparon con rumbo desconocido.<\/p>\n\n\n\n<p class=\"p1 wp-block-paragraph\">La v\u00edctima fue trasladada de inmediato al Hospital General de \u00c1lamo Temapache, donde recibi\u00f3 atenci\u00f3n m\u00e9dica; sin embargo, los esfuerzos del personal de salud no fueron suficientes para salvarle la vida.<\/p>\n\n\n\n<p class=\"p1 wp-block-paragraph\">\u00c1lamo Temapache, conocido como la \u201ccapital mundial de la naranja\u201d por su alta producci\u00f3n de este c\u00edtrico a nivel nacional, ha sido una de las zonas m\u00e1s afectadas recientemente por las intensas lluvias que da\u00f1aron cultivos a principios de octubre, lo que ha generado preocupaci\u00f3n entre productores y comerciantes.<\/p>\n\n\n\n<p class=\"p1 wp-block-paragraph\">Elementos de la Secretar\u00eda de Seguridad P\u00fablica acudieron a la zona del ataque para acordonar el \u00e1rea y dar aviso a la Fiscal\u00eda General del Estado, que ya inici\u00f3 las investigaciones correspondientes.<\/p>\n\n\n\n<p class=\"p1 wp-block-paragraph\">Horas despu\u00e9s, el Gabinete de Seguridad estatal inform\u00f3 que se trabaja en coordinaci\u00f3n con autoridades locales para esclarecer el asesinato y capturar a los responsables, asegurando que el crimen no quedar\u00e1 impune.<\/p>\n\n\n\n<p class=\"p1 wp-block-paragraph\">Este homicidio ocurre apenas tres d\u00edas despu\u00e9s del asesinato de Bernardo Bravo Manr\u00edquez, presidente de citricultores en el Valle de Apatzing\u00e1n, Michoac\u00e1n, lo que ha encendido alertas en el sector productivo nacional.<\/p>\n<div class=\"fb-background-color\">\n\t\t\t  <div \n\t\t\t  \tclass = \"fb-comments\" \n\t\t\t  \tdata-href = \"https:\/\/diarioavanzada.com.mx\/?p=104106\"\n\t\t\t  \tdata-numposts = \"10\"\n\t\t\t  \tdata-lazy = \"true\"\n\t\t\t\tdata-colorscheme = \"light\"\n\t\t\t\tdata-order-by = \"social\"\n\t\t\t\tdata-mobile=true>\n\t\t\t  <\/div><\/div>\n\t\t  <style>\n\t\t    .fb-background-color {\n\t\t\t\tbackground:  !important;\n\t\t\t}\n\t\t\t.fb_iframe_widget_fluid_desktop iframe {\n\t\t\t    width: 100% !important;\n\t\t\t}\n\t\t  <\/style>\n\t\t  ","protected":false},"excerpt":{"rendered":"<p>Un hombre dedicado a la industria de los c\u00edtricos fue atacado a balazos en un ejido del norte de Veracruz; el hecho ha generado consternaci\u00f3n en una regi\u00f3n clave para la producci\u00f3n de naranja. Veracruz, M\u00e9xico, Avanzada (25\/10\/2025).- Un empresario citr\u00edcola identificado como Javier Vargas Arias, de 43 a\u00f1os, perdi\u00f3 la vida tras ser atacado [&hellip;]<\/p>\n","protected":false},"author":7,"featured_media":104105,"comment_status":"closed","ping_status":"closed","sticky":false,"template":"","format":"standard","meta":{"_coblocks_attr":"","_coblocks_dimensions":"","_coblocks_responsive_height":"","_coblocks_accordion_ie_support":"","_crdt_document":"","advanced_seo_description":"","jetpack_seo_html_title":"","jetpack_seo_noindex":false,"_jetpack_memberships_contains_paid_content":false,"footnotes":""},"categories":[22,7,231],"tags":[],"class_list":["post-104106","post","type-post","status-publish","format-standard","has-post-thumbnail","hentry","category-nacion","category-noticias","category-seguridad"],"jetpack_featured_media_url":"https:\/\/diarioavanzada.com.mx\/wp-content\/uploads\/2025\/10\/img_7435.jpg","jetpack-related-posts":[],"jetpack_sharing_enabled":true,"amp_enabled":true,"_links":{"self":[{"href":"https:\/\/diarioavanzada.com.mx\/index.php?rest_route=\/wp\/v2\/posts\/104106","targetHints":{"allow":["GET"]}}],"collection":[{"href":"https:\/\/diarioavanzada.com.mx\/index.php?rest_route=\/wp\/v2\/posts"}],"about":[{"href":"https:\/\/diarioavanzada.com.mx\/index.php?rest_route=\/wp\/v2\/types\/post"}],"author":[{"embeddable":true,"href":"https:\/\/diarioavanzada.com.mx\/index.php?rest_route=\/wp\/v2\/users\/7"}],"replies":[{"embeddable":true,"href":"https:\/\/diarioavanzada.com.mx\/index.php?rest_route=%2Fwp%2Fv2%2Fcomments&post=104106"}],"version-history":[{"count":1,"href":"https:\/\/diarioavanzada.com.mx\/index.php?rest_route=\/wp\/v2\/posts\/104106\/revisions"}],"predecessor-version":[{"id":104234,"href":"https:\/\/diarioavanzada.com.mx\/index.php?rest_route=\/wp\/v2\/posts\/104106\/revisions\/104234"}],"wp:featuredmedia":[{"embeddable":true,"href":"https:\/\/diarioavanzada.com.mx\/index.php?rest_route=\/wp\/v2\/media\/104105"}],"wp:attachment":[{"href":"https:\/\/diarioavanzada.com.mx\/index.php?rest_route=%2Fwp%2Fv2%2Fmedia&parent=104106"}],"wp:term":[{"taxonomy":"category","embeddable":true,"href":"https:\/\/diarioavanzada.com.mx\/index.php?rest_route=%2Fwp%2Fv2%2Fcategories&post=104106"},{"taxonomy":"post_tag","embeddable":true,"href":"https:\/\/diarioavanzada.com.mx\/index.php?rest_route=%2Fwp%2Fv2%2Ftags&post=104106"}],"curies":[{"name":"wp","href":"https:\/\/api.w.org\/{rel}","templated":true}]}}