{"id":103711,"date":"2025-10-20T15:42:34","date_gmt":"2025-10-20T21:42:34","guid":{"rendered":"https:\/\/diarioavanzada.com.mx\/?p=103711"},"modified":"2025-10-20T15:45:46","modified_gmt":"2025-10-20T21:45:46","slug":"secretario-de-desarrollo-en-colima-la-politica-economica-de-los-likes","status":"publish","type":"post","link":"https:\/\/diarioavanzada.com.mx\/?p=103711","title":{"rendered":"Secretario de Desarrollo en Colima: la pol\u00edtica econ\u00f3mica de los likes"},"content":{"rendered":"\n<p class=\"p1 wp-block-paragraph\">Colima, M\u00e9xico, Avanzada (20\/10\/2025).\u2013 El secretario de Desarrollo Econ\u00f3mico del Gobierno del Estado, Francisco Rodr\u00edguez Garc\u00eda, volvi\u00f3 a aparecer en la escena p\u00fablica, pero no por el impulso a la inversi\u00f3n o la recuperaci\u00f3n de negocios afectados por la violencia, sino por sus publicaciones en redes sociales que intentan simular actividad institucional en medio de un panorama econ\u00f3mico incierto y de creciente desconfianza empresarial.<\/p>\n\n\n\n<p class=\"p1 wp-block-paragraph\">Luego del posicionamiento p\u00fablico de la Junta Empresarial del Estado de Colima, que el pasado 17 de octubre exigi\u00f3 frenar la violencia y garantizar condiciones para el desarrollo econ\u00f3mico, el titular de la dependencia pareci\u00f3 reaccionar al escrutinio. Sin embargo, su respuesta se limit\u00f3 a publicar en Facebook mensajes de aliento al restaurante <em>El Atracadero<\/em>, sin presentar acciones concretas de apoyo o reactivaci\u00f3n econ\u00f3mica tras el incendio que consumi\u00f3 el emblem\u00e1tico negocio con m\u00e1s de cuatro d\u00e9cadas de historia.<\/p>\n\n\n\n<p class=\"p1 wp-block-paragraph\">En lugar de informar sobre un plan de apoyo o financiamiento, Rodr\u00edguez Garc\u00eda se convirti\u00f3 en una especie de \u201cporrista digital\u201d, limit\u00e1ndose a compartir dos mensajes donde elogia la \u201cresiliencia\u201d del negocio y llama a \u201capoyar el consumo local\u201d.<\/p>\n\n\n\n<p class=\"p1 wp-block-paragraph\">La actitud pasiva del funcionario contrasta con la presi\u00f3n que desde el sector empresarial se ha incrementado en los \u00faltimos meses, ante una ola de violencia que ha dejado negocios incendiados, cierres por extorsi\u00f3n y un clima de incertidumbre que golpea la econom\u00eda local.<\/p>\n\n\n\n<p class=\"p3 wp-block-paragraph\"><strong>Un historial de fracasos y simulaciones<\/strong><\/p>\n\n\n\n<p class=\"p1 wp-block-paragraph\">El pobre desempe\u00f1o del secretario no es nuevo. Su gesti\u00f3n se ha caracterizado por anuncios fallidos y promesas incumplidas, entre ellas la frustrada instalaci\u00f3n de la planta ensambladora <em>Elam Faw Trucks<\/em>, un proyecto que el propio Rodr\u00edguez calific\u00f3 como \u201cun hito para la econom\u00eda local\u201d, y que finalmente se concret\u00f3 en el estado de Hidalgo, donde las condiciones de seguridad y eficiencia administrativa resultaron determinantes para la empresa.<\/p>\n\n\n\n<p class=\"p1 wp-block-paragraph\">En su momento, el secretario asegur\u00f3 que el proyecto generar\u00eda una derrama de 84 millones de pesos anuales y miles de empleos. Sin embargo, la inversi\u00f3n multimillonaria se esfum\u00f3 sin explicaci\u00f3n oficial, dejando a la gobernadora Indira Vizca\u00edno con la \u201cprimera piedra\u201d simb\u00f3lica de un desarrollo que nunca lleg\u00f3.<\/p>\n\n\n\n<p class=\"p1 wp-block-paragraph\">Antes de eso, Rodr\u00edguez Garc\u00eda ya hab\u00eda minimizado la relevancia de la creaci\u00f3n de la Junta Empresarial \u2014que hoy le exige resultados\u2014 argumentando que \u201cya se hac\u00edan esas reuniones\u201d. Tambi\u00e9n en diciembre de 2023, al ser cuestionado sobre la ola de delitos contra empresarios, el funcionario admiti\u00f3 su preocupaci\u00f3n, pero se deslind\u00f3 de cualquier responsabilidad, se\u00f1alando que la seguridad correspond\u00eda a otra dependencia.<\/p>\n\n\n\n<p class=\"p3 wp-block-paragraph\"><strong>Un secretario a la defensiva<\/strong><\/p>\n\n\n\n<p class=\"p1 wp-block-paragraph\">Mientras Colima se mantiene entre las entidades con mayores \u00edndices de violencia por n\u00famero de habitantes, y los ataques a comercios contin\u00faan sin freno, la Secretar\u00eda de Desarrollo Econ\u00f3mico parece operar en una burbuja de autoelogios digitales, donde la gesti\u00f3n se reduce a publicaciones y discursos.<\/p>\n\n\n\n<p class=\"p1 wp-block-paragraph\">A casi tres a\u00f1os de gesti\u00f3n, Francisco Rodr\u00edguez acumula una cadena de tropiezos, entre ellos la p\u00e9rdida de inversiones estrat\u00e9gicas, la par\u00e1lisis del Tecnoparque y la falta de programas efectivos de apoyo a las empresas golpeadas por la violencia.<\/p>\n\n\n\n<p class=\"p1 wp-block-paragraph\">Mientras tanto, los incendios a negocios contin\u00faan, las extorsiones no cesan y el gobierno parece conformarse con likes y publicaciones de buena voluntad, en lugar de resultados tangibles.<\/p>\n\n\n\n<p class=\"p1 wp-block-paragraph\"><\/p>\n<div class=\"fb-background-color\">\n\t\t\t  <div \n\t\t\t  \tclass = \"fb-comments\" \n\t\t\t  \tdata-href = \"https:\/\/diarioavanzada.com.mx\/?p=103711\"\n\t\t\t  \tdata-numposts = \"10\"\n\t\t\t  \tdata-lazy = \"true\"\n\t\t\t\tdata-colorscheme = \"light\"\n\t\t\t\tdata-order-by = \"social\"\n\t\t\t\tdata-mobile=true>\n\t\t\t  <\/div><\/div>\n\t\t  <style>\n\t\t    .fb-background-color {\n\t\t\t\tbackground:  !important;\n\t\t\t}\n\t\t\t.fb_iframe_widget_fluid_desktop iframe {\n\t\t\t    width: 100% !important;\n\t\t\t}\n\t\t  <\/style>\n\t\t  ","protected":false},"excerpt":{"rendered":"<p>Colima, M\u00e9xico, Avanzada (20\/10\/2025).\u2013 El secretario de Desarrollo Econ\u00f3mico del Gobierno del Estado, Francisco Rodr\u00edguez Garc\u00eda, volvi\u00f3 a aparecer en la escena p\u00fablica, pero no por el impulso a la inversi\u00f3n o la recuperaci\u00f3n de negocios afectados por la violencia, sino por sus publicaciones en redes sociales que intentan simular actividad institucional en medio de [&hellip;]<\/p>\n","protected":false},"author":7,"featured_media":103710,"comment_status":"closed","ping_status":"closed","sticky":false,"template":"","format":"standard","meta":{"_coblocks_attr":"","_coblocks_dimensions":"","_coblocks_responsive_height":"","_coblocks_accordion_ie_support":"","_crdt_document":"","advanced_seo_description":"","jetpack_seo_html_title":"","jetpack_seo_noindex":false,"_jetpack_memberships_contains_paid_content":false,"footnotes":""},"categories":[19,1,209,7,29],"tags":[210],"class_list":["post-103711","post","type-post","status-publish","format-standard","has-post-thumbnail","hentry","category-colima","category-general","category-importantes","category-noticias","category-sociedad","tag-portada"],"jetpack_featured_media_url":"https:\/\/diarioavanzada.com.mx\/wp-content\/uploads\/2025\/10\/img_5868.jpg","jetpack-related-posts":[],"jetpack_sharing_enabled":true,"amp_enabled":true,"_links":{"self":[{"href":"https:\/\/diarioavanzada.com.mx\/index.php?rest_route=\/wp\/v2\/posts\/103711","targetHints":{"allow":["GET"]}}],"collection":[{"href":"https:\/\/diarioavanzada.com.mx\/index.php?rest_route=\/wp\/v2\/posts"}],"about":[{"href":"https:\/\/diarioavanzada.com.mx\/index.php?rest_route=\/wp\/v2\/types\/post"}],"author":[{"embeddable":true,"href":"https:\/\/diarioavanzada.com.mx\/index.php?rest_route=\/wp\/v2\/users\/7"}],"replies":[{"embeddable":true,"href":"https:\/\/diarioavanzada.com.mx\/index.php?rest_route=%2Fwp%2Fv2%2Fcomments&post=103711"}],"version-history":[{"count":1,"href":"https:\/\/diarioavanzada.com.mx\/index.php?rest_route=\/wp\/v2\/posts\/103711\/revisions"}],"predecessor-version":[{"id":103712,"href":"https:\/\/diarioavanzada.com.mx\/index.php?rest_route=\/wp\/v2\/posts\/103711\/revisions\/103712"}],"wp:featuredmedia":[{"embeddable":true,"href":"https:\/\/diarioavanzada.com.mx\/index.php?rest_route=\/wp\/v2\/media\/103710"}],"wp:attachment":[{"href":"https:\/\/diarioavanzada.com.mx\/index.php?rest_route=%2Fwp%2Fv2%2Fmedia&parent=103711"}],"wp:term":[{"taxonomy":"category","embeddable":true,"href":"https:\/\/diarioavanzada.com.mx\/index.php?rest_route=%2Fwp%2Fv2%2Fcategories&post=103711"},{"taxonomy":"post_tag","embeddable":true,"href":"https:\/\/diarioavanzada.com.mx\/index.php?rest_route=%2Fwp%2Fv2%2Ftags&post=103711"}],"curies":[{"name":"wp","href":"https:\/\/api.w.org\/{rel}","templated":true}]}}