{"id":103588,"date":"2025-10-19T10:40:13","date_gmt":"2025-10-19T16:40:13","guid":{"rendered":"https:\/\/diarioavanzada.com.mx\/?p=103588"},"modified":"2025-10-19T11:00:55","modified_gmt":"2025-10-19T17:00:55","slug":"dos-dias-despues-de-filtrarse-a-la-prensa-fiscalia-confirma-detencion-en-el-caso-de-gabriela-mejia","status":"publish","type":"post","link":"https:\/\/diarioavanzada.com.mx\/?p=103588","title":{"rendered":"Dos d\u00edas despu\u00e9s de filtrarse a la prensa, Fiscal\u00eda confirma detenci\u00f3n en el caso de Gabriela Mej\u00eda"},"content":{"rendered":"\n<p class=\"p1 wp-block-paragraph\">Colima, M\u00e9xico, Avanzada (19\/10\/2025).- Dos d\u00edas despu\u00e9s de que la informaci\u00f3n circulara de forma extraoficial en medios de comunicaci\u00f3n locales, la Fiscal\u00eda General del Estado (FGE) confirm\u00f3 este domingo la detenci\u00f3n de uno de los presuntos motosicarios que participaron en el asesinato de la expresidenta municipal de Cuauht\u00e9moc, Gabriela Mej\u00eda Mart\u00ednez.<\/p>\n\n\n\n<p class=\"p1 wp-block-paragraph\">La dependencia inform\u00f3 que se cumpliment\u00f3 una orden de aprehensi\u00f3n en contra de Felipe de Jes\u00fas \u201cN\u201d, por su probable responsabilidad en el delito de homicidio calificado cometido en agravio de la exalcaldesa, quien fue atacada a balazos el pasado martes 14 de octubre en la colonia El Cari\u00f1o, cuando se encontraba en la v\u00eda p\u00fablica. En la agresi\u00f3n, perpetrada por sujetos que viajaban en una motocicleta, un hombre m\u00e1s result\u00f3 lesionado.<\/p>\n\n\n\n<p class=\"p1 wp-block-paragraph\">De acuerdo con la Fiscal\u00eda, el resultado se obtuvo tras un trabajo coordinado entre la Polic\u00eda de Investigaci\u00f3n y corporaciones estatales y federales. En las indagatorias se recabaron testimonios, evidencia f\u00edsica, material videogr\u00e1fico y el an\u00e1lisis de im\u00e1genes captadas por el sistema de videovigilancia del C5i, lo que permiti\u00f3 identificar y ubicar al presunto responsable.<\/p>\n\n\n\n<p class=\"p1 wp-block-paragraph\">El detenido fue puesto a disposici\u00f3n del juez que lo requiere, mientras que el Ministerio P\u00fablico continuar\u00e1 con las diligencias correspondientes para esclarecer totalmente el crimen y determinar la situaci\u00f3n jur\u00eddica del imputado.<\/p>\n\n\n\n<p class=\"p1 wp-block-paragraph\">La confirmaci\u00f3n oficial de la captura ocurre luego de que desde el pasado 17 de octubre diversos medios en Colima difundieran versiones sobre la detenci\u00f3n de uno de los implicados en el asesinato de la exfuncionaria.<\/p>\n<div class=\"fb-background-color\">\n\t\t\t  <div \n\t\t\t  \tclass = \"fb-comments\" \n\t\t\t  \tdata-href = \"https:\/\/diarioavanzada.com.mx\/?p=103588\"\n\t\t\t  \tdata-numposts = \"10\"\n\t\t\t  \tdata-lazy = \"true\"\n\t\t\t\tdata-colorscheme = \"light\"\n\t\t\t\tdata-order-by = \"social\"\n\t\t\t\tdata-mobile=true>\n\t\t\t  <\/div><\/div>\n\t\t  <style>\n\t\t    .fb-background-color {\n\t\t\t\tbackground:  !important;\n\t\t\t}\n\t\t\t.fb_iframe_widget_fluid_desktop iframe {\n\t\t\t    width: 100% !important;\n\t\t\t}\n\t\t  <\/style>\n\t\t  ","protected":false},"excerpt":{"rendered":"<p>Colima, M\u00e9xico, Avanzada (19\/10\/2025).- Dos d\u00edas despu\u00e9s de que la informaci\u00f3n circulara de forma extraoficial en medios de comunicaci\u00f3n locales, la Fiscal\u00eda General del Estado (FGE) confirm\u00f3 este domingo la detenci\u00f3n de uno de los presuntos motosicarios que participaron en el asesinato de la expresidenta municipal de Cuauht\u00e9moc, Gabriela Mej\u00eda Mart\u00ednez. La dependencia inform\u00f3 que [&hellip;]<\/p>\n","protected":false},"author":7,"featured_media":103587,"comment_status":"closed","ping_status":"closed","sticky":false,"template":"","format":"standard","meta":{"_coblocks_attr":"","_coblocks_dimensions":"","_coblocks_responsive_height":"","_coblocks_accordion_ie_support":"","_crdt_document":"","advanced_seo_description":"","jetpack_seo_html_title":"","jetpack_seo_noindex":false,"_jetpack_memberships_contains_paid_content":false,"footnotes":""},"categories":[19,209,7,231],"tags":[210],"class_list":["post-103588","post","type-post","status-publish","format-standard","has-post-thumbnail","hentry","category-colima","category-importantes","category-noticias","category-seguridad","tag-portada"],"jetpack_featured_media_url":"https:\/\/diarioavanzada.com.mx\/wp-content\/uploads\/2025\/10\/img_5847.jpg","jetpack-related-posts":[],"jetpack_sharing_enabled":true,"amp_enabled":true,"_links":{"self":[{"href":"https:\/\/diarioavanzada.com.mx\/index.php?rest_route=\/wp\/v2\/posts\/103588","targetHints":{"allow":["GET"]}}],"collection":[{"href":"https:\/\/diarioavanzada.com.mx\/index.php?rest_route=\/wp\/v2\/posts"}],"about":[{"href":"https:\/\/diarioavanzada.com.mx\/index.php?rest_route=\/wp\/v2\/types\/post"}],"author":[{"embeddable":true,"href":"https:\/\/diarioavanzada.com.mx\/index.php?rest_route=\/wp\/v2\/users\/7"}],"replies":[{"embeddable":true,"href":"https:\/\/diarioavanzada.com.mx\/index.php?rest_route=%2Fwp%2Fv2%2Fcomments&post=103588"}],"version-history":[{"count":1,"href":"https:\/\/diarioavanzada.com.mx\/index.php?rest_route=\/wp\/v2\/posts\/103588\/revisions"}],"predecessor-version":[{"id":103591,"href":"https:\/\/diarioavanzada.com.mx\/index.php?rest_route=\/wp\/v2\/posts\/103588\/revisions\/103591"}],"wp:featuredmedia":[{"embeddable":true,"href":"https:\/\/diarioavanzada.com.mx\/index.php?rest_route=\/wp\/v2\/media\/103587"}],"wp:attachment":[{"href":"https:\/\/diarioavanzada.com.mx\/index.php?rest_route=%2Fwp%2Fv2%2Fmedia&parent=103588"}],"wp:term":[{"taxonomy":"category","embeddable":true,"href":"https:\/\/diarioavanzada.com.mx\/index.php?rest_route=%2Fwp%2Fv2%2Fcategories&post=103588"},{"taxonomy":"post_tag","embeddable":true,"href":"https:\/\/diarioavanzada.com.mx\/index.php?rest_route=%2Fwp%2Fv2%2Ftags&post=103588"}],"curies":[{"name":"wp","href":"https:\/\/api.w.org\/{rel}","templated":true}]}}