{"id":103538,"date":"2025-10-18T14:24:35","date_gmt":"2025-10-18T20:24:35","guid":{"rendered":"https:\/\/diarioavanzada.com.mx\/?p=103538"},"modified":"2025-10-18T14:24:35","modified_gmt":"2025-10-18T20:24:35","slug":"se-registro-un-incendio-en-un-local-comercial-abandonado-en-el-centro-de-colima","status":"publish","type":"post","link":"https:\/\/diarioavanzada.com.mx\/?p=103538","title":{"rendered":"Se registr\u00f3 un incendio en un local comercial abandonado en el centro de Colima"},"content":{"rendered":"\n<p class=\"p1 wp-block-paragraph\">Colima, M\u00e9xico, Avanzada (18\/10\/2025).- La ma\u00f1ana de este s\u00e1bado se registr\u00f3 un incendio en un local comercial abandonado ubicado en el centro de la capital colimense, sobre la calle Nigromante, esquina con Maclovio Herrera.<\/p>\n\n\n\n<p class=\"p1 wp-block-paragraph\">De acuerdo con los primeros reportes, el fuego se propag\u00f3 en el interior del inmueble, lo que gener\u00f3 la movilizaci\u00f3n de cuerpos de emergencia y bomberos, quienes lograron controlar el siniestro sin que se reportaran personas lesionadas.<\/p>\n\n\n\n<p class=\"p1 wp-block-paragraph\">Hasta el momento, las autoridades no han emitido informaci\u00f3n oficial sobre las posibles causas del incendio ni los da\u00f1os materiales ocasionados.<\/p>\n\n\n\n<p class=\"p1 wp-block-paragraph\"><\/p>\n\n\n\n<p class=\"p1 wp-block-paragraph\"><\/p>\n<div class=\"fb-background-color\">\n\t\t\t  <div \n\t\t\t  \tclass = \"fb-comments\" \n\t\t\t  \tdata-href = \"https:\/\/diarioavanzada.com.mx\/?p=103538\"\n\t\t\t  \tdata-numposts = \"10\"\n\t\t\t  \tdata-lazy = \"true\"\n\t\t\t\tdata-colorscheme = \"light\"\n\t\t\t\tdata-order-by = \"social\"\n\t\t\t\tdata-mobile=true>\n\t\t\t  <\/div><\/div>\n\t\t  <style>\n\t\t    .fb-background-color {\n\t\t\t\tbackground:  !important;\n\t\t\t}\n\t\t\t.fb_iframe_widget_fluid_desktop iframe {\n\t\t\t    width: 100% !important;\n\t\t\t}\n\t\t  <\/style>\n\t\t  ","protected":false},"excerpt":{"rendered":"<p>Colima, M\u00e9xico, Avanzada (18\/10\/2025).- La ma\u00f1ana de este s\u00e1bado se registr\u00f3 un incendio en un local comercial abandonado ubicado en el centro de la capital colimense, sobre la calle Nigromante, esquina con Maclovio Herrera. De acuerdo con los primeros reportes, el fuego se propag\u00f3 en el interior del inmueble, lo que gener\u00f3 la movilizaci\u00f3n de [&hellip;]<\/p>\n","protected":false},"author":7,"featured_media":103537,"comment_status":"closed","ping_status":"closed","sticky":false,"template":"","format":"standard","meta":{"_coblocks_attr":"","_coblocks_dimensions":"","_coblocks_responsive_height":"","_coblocks_accordion_ie_support":"","_crdt_document":"","advanced_seo_description":"","jetpack_seo_html_title":"","jetpack_seo_noindex":false,"_jetpack_memberships_contains_paid_content":false,"footnotes":""},"categories":[19,209,7,231],"tags":[210],"class_list":["post-103538","post","type-post","status-publish","format-standard","has-post-thumbnail","hentry","category-colima","category-importantes","category-noticias","category-seguridad","tag-portada"],"jetpack_featured_media_url":"https:\/\/diarioavanzada.com.mx\/wp-content\/uploads\/2025\/10\/img_2646.jpg","jetpack-related-posts":[],"jetpack_sharing_enabled":true,"amp_enabled":true,"_links":{"self":[{"href":"https:\/\/diarioavanzada.com.mx\/index.php?rest_route=\/wp\/v2\/posts\/103538","targetHints":{"allow":["GET"]}}],"collection":[{"href":"https:\/\/diarioavanzada.com.mx\/index.php?rest_route=\/wp\/v2\/posts"}],"about":[{"href":"https:\/\/diarioavanzada.com.mx\/index.php?rest_route=\/wp\/v2\/types\/post"}],"author":[{"embeddable":true,"href":"https:\/\/diarioavanzada.com.mx\/index.php?rest_route=\/wp\/v2\/users\/7"}],"replies":[{"embeddable":true,"href":"https:\/\/diarioavanzada.com.mx\/index.php?rest_route=%2Fwp%2Fv2%2Fcomments&post=103538"}],"version-history":[{"count":0,"href":"https:\/\/diarioavanzada.com.mx\/index.php?rest_route=\/wp\/v2\/posts\/103538\/revisions"}],"wp:featuredmedia":[{"embeddable":true,"href":"https:\/\/diarioavanzada.com.mx\/index.php?rest_route=\/wp\/v2\/media\/103537"}],"wp:attachment":[{"href":"https:\/\/diarioavanzada.com.mx\/index.php?rest_route=%2Fwp%2Fv2%2Fmedia&parent=103538"}],"wp:term":[{"taxonomy":"category","embeddable":true,"href":"https:\/\/diarioavanzada.com.mx\/index.php?rest_route=%2Fwp%2Fv2%2Fcategories&post=103538"},{"taxonomy":"post_tag","embeddable":true,"href":"https:\/\/diarioavanzada.com.mx\/index.php?rest_route=%2Fwp%2Fv2%2Ftags&post=103538"}],"curies":[{"name":"wp","href":"https:\/\/api.w.org\/{rel}","templated":true}]}}