{"id":103374,"date":"2025-10-17T14:49:13","date_gmt":"2025-10-17T20:49:13","guid":{"rendered":"https:\/\/diarioavanzada.com.mx\/?p=103374"},"modified":"2025-10-17T14:53:04","modified_gmt":"2025-10-17T20:53:04","slug":"el-pelao-camaron-anuncia-cierre-tras-incendio-dicen-que-reabriran-pronto","status":"publish","type":"post","link":"https:\/\/diarioavanzada.com.mx\/?p=103374","title":{"rendered":"\u201cEl Pelao Camar\u00f3n\u201d anuncia cierre tras incendio: dicen que reabrir\u00e1n pronto"},"content":{"rendered":"\n<p class=\"p1 wp-block-paragraph\">Colima, M\u00e9xico, Avanzada (17\/10\/2025).- El restaurante \u201cEl Pelao Camar\u00f3n\u201d inform\u00f3 que, debido a un incidente ocurrido en sus instalaciones durante la ma\u00f1ana de este mi\u00e9rcoles, permanecer\u00e1 sin servicio por tiempo indefinido.<\/p>\n\n\n\n<p class=\"p1 wp-block-paragraph\">A trav\u00e9s de un comunicado, el establecimiento se\u00f1al\u00f3 que, afortunadamente, todo su personal se encuentra bien y agradecido por la vida, aunque lament\u00f3 los da\u00f1os sufridos. \u201cEsta situaci\u00f3n nos duele, pero no nos quita las ganas ni la esperanza\u201d, expresaron.<\/p>\n\n\n\n<p class=\"p1 wp-block-paragraph\">El negocio, con m\u00e1s de una d\u00e9cada de trayectoria, manifest\u00f3 su compromiso de recuperarse y reanudar operaciones lo m\u00e1s pronto posible. \u201cEstamos trabajando para regresar con todo el sabor y el coraz\u00f3n que caracteriza a El Pelao Camar\u00f3n\u201d, se lee en el mensaje difundido.<\/p>\n\n\n\n<p class=\"p1 wp-block-paragraph\">Finalmente, agradecieron las muestras de apoyo y cari\u00f1o recibidas por parte de sus clientes, amigos y familiares, y aseguraron que volver\u00e1n pronto para continuar ofreciendo sus mariscos frescos y \u201clas chelas bien fr\u00edas\u201d.<\/p>\n\n\n\n<figure class=\"wp-block-embed is-type-wp-embed is-provider-diario-avanzada wp-block-embed-diario-avanzada\"><div class=\"wp-block-embed__wrapper\">\n<blockquote class=\"wp-embedded-content\" data-secret=\"mB5Fyy7AtZ\"><a href=\"https:\/\/diarioavanzada.com.mx\/?p=103329\">Otro incendio de restaurante en Colima: El \u201cCamar\u00f3n Pelao\u201d<\/a><\/blockquote><iframe loading=\"lazy\" class=\"wp-embedded-content\" sandbox=\"allow-scripts\" security=\"restricted\" style=\"position: absolute; visibility: hidden;\" title=\"&#8220;Otro incendio de restaurante en Colima: El \u201cCamar\u00f3n Pelao\u201d&#8221; &#8212; Diario Avanzada\" src=\"https:\/\/diarioavanzada.com.mx\/?p=103329&#038;embed=true#?secret=ZksoCgUUnX#?secret=mB5Fyy7AtZ\" data-secret=\"mB5Fyy7AtZ\" width=\"600\" height=\"338\" frameborder=\"0\" marginwidth=\"0\" marginheight=\"0\" scrolling=\"no\"><\/iframe>\n<\/div><\/figure>\n<div class=\"fb-background-color\">\n\t\t\t  <div \n\t\t\t  \tclass = \"fb-comments\" \n\t\t\t  \tdata-href = \"https:\/\/diarioavanzada.com.mx\/?p=103374\"\n\t\t\t  \tdata-numposts = \"10\"\n\t\t\t  \tdata-lazy = \"true\"\n\t\t\t\tdata-colorscheme = \"light\"\n\t\t\t\tdata-order-by = \"social\"\n\t\t\t\tdata-mobile=true>\n\t\t\t  <\/div><\/div>\n\t\t  <style>\n\t\t    .fb-background-color {\n\t\t\t\tbackground:  !important;\n\t\t\t}\n\t\t\t.fb_iframe_widget_fluid_desktop iframe {\n\t\t\t    width: 100% !important;\n\t\t\t}\n\t\t  <\/style>\n\t\t  ","protected":false},"excerpt":{"rendered":"<p>Colima, M\u00e9xico, Avanzada (17\/10\/2025).- El restaurante \u201cEl Pelao Camar\u00f3n\u201d inform\u00f3 que, debido a un incidente ocurrido en sus instalaciones durante la ma\u00f1ana de este mi\u00e9rcoles, permanecer\u00e1 sin servicio por tiempo indefinido. A trav\u00e9s de un comunicado, el establecimiento se\u00f1al\u00f3 que, afortunadamente, todo su personal se encuentra bien y agradecido por la vida, aunque lament\u00f3 los [&hellip;]<\/p>\n","protected":false},"author":7,"featured_media":103375,"comment_status":"closed","ping_status":"closed","sticky":false,"template":"","format":"standard","meta":{"_coblocks_attr":"","_coblocks_dimensions":"","_coblocks_responsive_height":"","_coblocks_accordion_ie_support":"","_crdt_document":"","advanced_seo_description":"","jetpack_seo_html_title":"","jetpack_seo_noindex":false,"_jetpack_memberships_contains_paid_content":false,"footnotes":""},"categories":[19,209,7,231],"tags":[210],"class_list":["post-103374","post","type-post","status-publish","format-standard","has-post-thumbnail","hentry","category-colima","category-importantes","category-noticias","category-seguridad","tag-portada"],"jetpack_featured_media_url":"https:\/\/diarioavanzada.com.mx\/wp-content\/uploads\/2025\/10\/d6f1b2d4-95be-41ee-b803-a1f8b623b34c-1.jpg","jetpack-related-posts":[],"jetpack_sharing_enabled":true,"amp_enabled":true,"_links":{"self":[{"href":"https:\/\/diarioavanzada.com.mx\/index.php?rest_route=\/wp\/v2\/posts\/103374","targetHints":{"allow":["GET"]}}],"collection":[{"href":"https:\/\/diarioavanzada.com.mx\/index.php?rest_route=\/wp\/v2\/posts"}],"about":[{"href":"https:\/\/diarioavanzada.com.mx\/index.php?rest_route=\/wp\/v2\/types\/post"}],"author":[{"embeddable":true,"href":"https:\/\/diarioavanzada.com.mx\/index.php?rest_route=\/wp\/v2\/users\/7"}],"replies":[{"embeddable":true,"href":"https:\/\/diarioavanzada.com.mx\/index.php?rest_route=%2Fwp%2Fv2%2Fcomments&post=103374"}],"version-history":[{"count":2,"href":"https:\/\/diarioavanzada.com.mx\/index.php?rest_route=\/wp\/v2\/posts\/103374\/revisions"}],"predecessor-version":[{"id":103377,"href":"https:\/\/diarioavanzada.com.mx\/index.php?rest_route=\/wp\/v2\/posts\/103374\/revisions\/103377"}],"wp:featuredmedia":[{"embeddable":true,"href":"https:\/\/diarioavanzada.com.mx\/index.php?rest_route=\/wp\/v2\/media\/103375"}],"wp:attachment":[{"href":"https:\/\/diarioavanzada.com.mx\/index.php?rest_route=%2Fwp%2Fv2%2Fmedia&parent=103374"}],"wp:term":[{"taxonomy":"category","embeddable":true,"href":"https:\/\/diarioavanzada.com.mx\/index.php?rest_route=%2Fwp%2Fv2%2Fcategories&post=103374"},{"taxonomy":"post_tag","embeddable":true,"href":"https:\/\/diarioavanzada.com.mx\/index.php?rest_route=%2Fwp%2Fv2%2Ftags&post=103374"}],"curies":[{"name":"wp","href":"https:\/\/api.w.org\/{rel}","templated":true}]}}