{"id":103201,"date":"2025-10-16T08:12:46","date_gmt":"2025-10-16T14:12:46","guid":{"rendered":"https:\/\/diarioavanzada.com.mx\/?p=103201"},"modified":"2025-10-16T08:12:46","modified_gmt":"2025-10-16T14:12:46","slug":"velan-a-exalcaldesa-de-cuauhtemoc","status":"publish","type":"post","link":"https:\/\/diarioavanzada.com.mx\/?p=103201","title":{"rendered":"Velan a exalcaldesa de Cuauht\u00e9moc"},"content":{"rendered":"\n<p class=\"MsoNormal wp-block-paragraph\">Colima, M\u00e9xico, Avanzada (16\/10\/2025).- Desde este mi\u00e9rcoles comenzaron las honras f\u00fanebres de la exalcaldesa de Cuauht\u00e9moc, Gabriela Mej\u00eda Mart\u00ednez, asesinada el martes en ese mismo municipio. La misa de cuerpo presente se realizar\u00e1 este jueves al mediod\u00eda en el templo de San Rafael, en la cabecera municipal, donde resid\u00eda junto con su familia.<\/p>\n\n\n\n<p class=\"MsoNormal wp-block-paragraph\">El cuerpo de la exmandataria fue velado en el domicilio de su madre, hasta donde acudieron cientos de personas para despedirla, entre ellas integrantes de la clase pol\u00edtica local, exfuncionarios y vecinos que lamentaron el crimen.<\/p>\n\n\n\n<p class=\"MsoNormal wp-block-paragraph\">A m\u00e1s de 24 horas del crimen, la Fiscal\u00eda del Estado no ha revelado las&nbsp; l\u00edneas de investigaci\u00f3n que est\u00e1 llevando a cabo para esclarecer el asesinato de Mej\u00eda, quien apenas el 29 de septiembre se convirti\u00f3 en madre por segunda ocasi\u00f3n.<\/p>\n\n\n\n<p class=\"MsoNormal wp-block-paragraph\">Durante la jornada, el Ayuntamiento de Cuauht\u00e9moc anunci\u00f3 la suspensi\u00f3n de todas las actividades relacionadas con las fiestas patronales programadas para este jueves, y precis\u00f3 que \u00fanicamente se mantendr\u00e1n las celebraciones religiosas en honor a San Rafael Arc\u00e1ngel.<\/p>\n\n\n\n<p class=\"MsoNormal wp-block-paragraph\">Tambi\u00e9n se suspendieron las actividades festivas el martes por la tarde, despu\u00e9s de que se confirm\u00f3 el asesinato de Mej\u00eda y el mi\u00e9rcoles. El Ayuntamiento no ha informado si cancelar\u00e1 los festejos de los pr\u00f3ximos d\u00edas o continuar\u00e1n una vez que pasen las honras f\u00fanebres de la exalcaldesa.<\/p>\n\n\n\n<p class=\"MsoNormal wp-block-paragraph\">La familia de Mej\u00eda Mart\u00ednez agradeci\u00f3 las muestras de apoyo y solidaridad recibidas tras el tr\u00e1gico hecho.&nbsp;<\/p>\n<div class=\"fb-background-color\">\n\t\t\t  <div \n\t\t\t  \tclass = \"fb-comments\" \n\t\t\t  \tdata-href = \"https:\/\/diarioavanzada.com.mx\/?p=103201\"\n\t\t\t  \tdata-numposts = \"10\"\n\t\t\t  \tdata-lazy = \"true\"\n\t\t\t\tdata-colorscheme = \"light\"\n\t\t\t\tdata-order-by = \"social\"\n\t\t\t\tdata-mobile=true>\n\t\t\t  <\/div><\/div>\n\t\t  <style>\n\t\t    .fb-background-color {\n\t\t\t\tbackground:  !important;\n\t\t\t}\n\t\t\t.fb_iframe_widget_fluid_desktop iframe {\n\t\t\t    width: 100% !important;\n\t\t\t}\n\t\t  <\/style>\n\t\t  ","protected":false},"excerpt":{"rendered":"<p>Colima, M\u00e9xico, Avanzada (16\/10\/2025).- Desde este mi\u00e9rcoles comenzaron las honras f\u00fanebres de la exalcaldesa de Cuauht\u00e9moc, Gabriela Mej\u00eda Mart\u00ednez, asesinada el martes en ese mismo municipio. La misa de cuerpo presente se realizar\u00e1 este jueves al mediod\u00eda en el templo de San Rafael, en la cabecera municipal, donde resid\u00eda junto con su familia. El cuerpo [&hellip;]<\/p>\n","protected":false},"author":7,"featured_media":103200,"comment_status":"closed","ping_status":"closed","sticky":false,"template":"","format":"standard","meta":{"_coblocks_attr":"","_coblocks_dimensions":"","_coblocks_responsive_height":"","_coblocks_accordion_ie_support":"","_crdt_document":"","advanced_seo_description":"","jetpack_seo_html_title":"","jetpack_seo_noindex":false,"_jetpack_memberships_contains_paid_content":false,"footnotes":""},"categories":[19,209,7,231],"tags":[210],"class_list":["post-103201","post","type-post","status-publish","format-standard","has-post-thumbnail","hentry","category-colima","category-importantes","category-noticias","category-seguridad","tag-portada"],"jetpack_featured_media_url":"https:\/\/diarioavanzada.com.mx\/wp-content\/uploads\/2025\/10\/dfe51c57-ffaf-485f-94a0-e9a6a915f5e6.jpg","jetpack-related-posts":[],"jetpack_sharing_enabled":true,"amp_enabled":true,"_links":{"self":[{"href":"https:\/\/diarioavanzada.com.mx\/index.php?rest_route=\/wp\/v2\/posts\/103201","targetHints":{"allow":["GET"]}}],"collection":[{"href":"https:\/\/diarioavanzada.com.mx\/index.php?rest_route=\/wp\/v2\/posts"}],"about":[{"href":"https:\/\/diarioavanzada.com.mx\/index.php?rest_route=\/wp\/v2\/types\/post"}],"author":[{"embeddable":true,"href":"https:\/\/diarioavanzada.com.mx\/index.php?rest_route=\/wp\/v2\/users\/7"}],"replies":[{"embeddable":true,"href":"https:\/\/diarioavanzada.com.mx\/index.php?rest_route=%2Fwp%2Fv2%2Fcomments&post=103201"}],"version-history":[{"count":0,"href":"https:\/\/diarioavanzada.com.mx\/index.php?rest_route=\/wp\/v2\/posts\/103201\/revisions"}],"wp:featuredmedia":[{"embeddable":true,"href":"https:\/\/diarioavanzada.com.mx\/index.php?rest_route=\/wp\/v2\/media\/103200"}],"wp:attachment":[{"href":"https:\/\/diarioavanzada.com.mx\/index.php?rest_route=%2Fwp%2Fv2%2Fmedia&parent=103201"}],"wp:term":[{"taxonomy":"category","embeddable":true,"href":"https:\/\/diarioavanzada.com.mx\/index.php?rest_route=%2Fwp%2Fv2%2Fcategories&post=103201"},{"taxonomy":"post_tag","embeddable":true,"href":"https:\/\/diarioavanzada.com.mx\/index.php?rest_route=%2Fwp%2Fv2%2Ftags&post=103201"}],"curies":[{"name":"wp","href":"https:\/\/api.w.org\/{rel}","templated":true}]}}