{"id":103077,"date":"2025-10-15T12:20:41","date_gmt":"2025-10-15T18:20:41","guid":{"rendered":"https:\/\/diarioavanzada.com.mx\/?p=103077"},"modified":"2025-10-15T12:42:57","modified_gmt":"2025-10-15T18:42:57","slug":"coparmex-lamenta-rechaza-y-preocupa-el-asesinato-de-exalcaldesa-exige-al-fiscal-esclarecer-el-crimen","status":"publish","type":"post","link":"https:\/\/diarioavanzada.com.mx\/?p=103077","title":{"rendered":"Coparmex lamenta, rechaza y preocupa el asesinato de exalcaldesa; exige al Fiscal esclarecer el crimen"},"content":{"rendered":"\n<p class=\"p2 wp-block-paragraph\">Colima, M\u00e9xico, Avanzada (15\/10\/2025).\u2013 La Confederaci\u00f3n Patronal de la Rep\u00fablica Mexicana (Coparmex) en Colima lament\u00f3 profundamente el asesinato de la exalcaldesa de Cuauht\u00e9moc, Gabriela Mej\u00eda Mart\u00ednez, al que calific\u00f3 como una p\u00e9rdida irreparable para su familia y la comunidad colimense, adem\u00e1s de un grave atentado contra los valores democr\u00e1ticos y el Estado de Derecho.<\/p>\n\n\n\n<p class=\"p1 wp-block-paragraph\">A trav\u00e9s de un comunicado, el organismo empresarial rechaz\u00f3 con vehemencia el contexto de creciente violencia que afecta al estado, expresando su preocupaci\u00f3n por la seguridad de las familias, las comunidades y las empresas. Advirti\u00f3 que la ola de inseguridad amenaza el tejido social y el desarrollo de Colima, por lo que urgi\u00f3 a redoblar esfuerzos para alcanzar una convivencia pac\u00edfica y digna.<\/p>\n\n\n\n<p class=\"p1 wp-block-paragraph\">Coparmex Colima exigi\u00f3 a las autoridades de los tres niveles de gobierno, y en particular a la Fiscal\u00eda General del Estado, un esclarecimiento inmediato y exhaustivo de los hechos, mediante una investigaci\u00f3n imparcial y con perspectiva de g\u00e9nero. \u201cNo puede haber impunidad en un estado que aspira a la paz y al progreso\u201d, se\u00f1al\u00f3 el organismo.<\/p>\n\n\n\n<p class=\"p1 wp-block-paragraph\">Asimismo, la Confederaci\u00f3n expres\u00f3 su profunda solidaridad y condolencias a la familia de Gabriela Mej\u00eda, a sus amigos y a la ciudadan\u00eda de Cuauht\u00e9moc, que la reconoci\u00f3 como una l\u00edder comprometida.<\/p>\n\n\n\n<p class=\"p1 wp-block-paragraph\">Finalmente, Coparmex Colima hizo un llamado en\u00e9rgico a la acci\u00f3n: \u201cPor el bien de Colima, \u00a1basta de violencia! Es hora de actuar con determinaci\u00f3n y responsabilidad compartida\u201d, concluy\u00f3 el comunicado.<\/p>\n\n\n\n<p class=\"p1 wp-block-paragraph\"><\/p>\n\n\n\n<figure class=\"wp-block-image size-large\"><img loading=\"lazy\" decoding=\"async\" width=\"724\" height=\"1024\" src=\"https:\/\/diarioavanzada.com.mx\/wp-content\/uploads\/2025\/10\/6e6adf4c-1a29-4ac5-9542-c45425e91841-724x1024.jpg\" alt=\"\" class=\"wp-image-103078\" srcset=\"https:\/\/diarioavanzada.com.mx\/wp-content\/uploads\/2025\/10\/6e6adf4c-1a29-4ac5-9542-c45425e91841-724x1024.jpg 724w, https:\/\/diarioavanzada.com.mx\/wp-content\/uploads\/2025\/10\/6e6adf4c-1a29-4ac5-9542-c45425e91841-212x300.jpg 212w, https:\/\/diarioavanzada.com.mx\/wp-content\/uploads\/2025\/10\/6e6adf4c-1a29-4ac5-9542-c45425e91841-768x1086.jpg 768w, https:\/\/diarioavanzada.com.mx\/wp-content\/uploads\/2025\/10\/6e6adf4c-1a29-4ac5-9542-c45425e91841-1087x1536.jpg 1087w, https:\/\/diarioavanzada.com.mx\/wp-content\/uploads\/2025\/10\/6e6adf4c-1a29-4ac5-9542-c45425e91841.jpg 1132w\" sizes=\"auto, (max-width: 724px) 100vw, 724px\" \/><\/figure>\n<div class=\"fb-background-color\">\n\t\t\t  <div \n\t\t\t  \tclass = \"fb-comments\" \n\t\t\t  \tdata-href = \"https:\/\/diarioavanzada.com.mx\/?p=103077\"\n\t\t\t  \tdata-numposts = \"10\"\n\t\t\t  \tdata-lazy = \"true\"\n\t\t\t\tdata-colorscheme = \"light\"\n\t\t\t\tdata-order-by = \"social\"\n\t\t\t\tdata-mobile=true>\n\t\t\t  <\/div><\/div>\n\t\t  <style>\n\t\t    .fb-background-color {\n\t\t\t\tbackground:  !important;\n\t\t\t}\n\t\t\t.fb_iframe_widget_fluid_desktop iframe {\n\t\t\t    width: 100% !important;\n\t\t\t}\n\t\t  <\/style>\n\t\t  ","protected":false},"excerpt":{"rendered":"<p>Colima, M\u00e9xico, Avanzada (15\/10\/2025).\u2013 La Confederaci\u00f3n Patronal de la Rep\u00fablica Mexicana (Coparmex) en Colima lament\u00f3 profundamente el asesinato de la exalcaldesa de Cuauht\u00e9moc, Gabriela Mej\u00eda Mart\u00ednez, al que calific\u00f3 como una p\u00e9rdida irreparable para su familia y la comunidad colimense, adem\u00e1s de un grave atentado contra los valores democr\u00e1ticos y el Estado de Derecho. A [&hellip;]<\/p>\n","protected":false},"author":7,"featured_media":103076,"comment_status":"closed","ping_status":"closed","sticky":false,"template":"","format":"standard","meta":{"_coblocks_attr":"","_coblocks_dimensions":"","_coblocks_responsive_height":"","_coblocks_accordion_ie_support":"","_crdt_document":"","advanced_seo_description":"","jetpack_seo_html_title":"","jetpack_seo_noindex":false,"_jetpack_memberships_contains_paid_content":false,"footnotes":""},"categories":[19,209,7,231],"tags":[210],"class_list":["post-103077","post","type-post","status-publish","format-standard","has-post-thumbnail","hentry","category-colima","category-importantes","category-noticias","category-seguridad","tag-portada"],"jetpack_featured_media_url":"https:\/\/diarioavanzada.com.mx\/wp-content\/uploads\/2025\/10\/img_9943.jpg","jetpack-related-posts":[],"jetpack_sharing_enabled":true,"amp_enabled":true,"_links":{"self":[{"href":"https:\/\/diarioavanzada.com.mx\/index.php?rest_route=\/wp\/v2\/posts\/103077","targetHints":{"allow":["GET"]}}],"collection":[{"href":"https:\/\/diarioavanzada.com.mx\/index.php?rest_route=\/wp\/v2\/posts"}],"about":[{"href":"https:\/\/diarioavanzada.com.mx\/index.php?rest_route=\/wp\/v2\/types\/post"}],"author":[{"embeddable":true,"href":"https:\/\/diarioavanzada.com.mx\/index.php?rest_route=\/wp\/v2\/users\/7"}],"replies":[{"embeddable":true,"href":"https:\/\/diarioavanzada.com.mx\/index.php?rest_route=%2Fwp%2Fv2%2Fcomments&post=103077"}],"version-history":[{"count":2,"href":"https:\/\/diarioavanzada.com.mx\/index.php?rest_route=\/wp\/v2\/posts\/103077\/revisions"}],"predecessor-version":[{"id":103080,"href":"https:\/\/diarioavanzada.com.mx\/index.php?rest_route=\/wp\/v2\/posts\/103077\/revisions\/103080"}],"wp:featuredmedia":[{"embeddable":true,"href":"https:\/\/diarioavanzada.com.mx\/index.php?rest_route=\/wp\/v2\/media\/103076"}],"wp:attachment":[{"href":"https:\/\/diarioavanzada.com.mx\/index.php?rest_route=%2Fwp%2Fv2%2Fmedia&parent=103077"}],"wp:term":[{"taxonomy":"category","embeddable":true,"href":"https:\/\/diarioavanzada.com.mx\/index.php?rest_route=%2Fwp%2Fv2%2Fcategories&post=103077"},{"taxonomy":"post_tag","embeddable":true,"href":"https:\/\/diarioavanzada.com.mx\/index.php?rest_route=%2Fwp%2Fv2%2Ftags&post=103077"}],"curies":[{"name":"wp","href":"https:\/\/api.w.org\/{rel}","templated":true}]}}