{"id":103059,"date":"2025-10-15T10:58:27","date_gmt":"2025-10-15T16:58:27","guid":{"rendered":"https:\/\/diarioavanzada.com.mx\/?p=103059"},"modified":"2025-10-15T10:58:27","modified_gmt":"2025-10-15T16:58:27","slug":"atacan-con-drones-y-fusiles-la-presidencia-municipal-de-zinapecuaro","status":"publish","type":"post","link":"https:\/\/diarioavanzada.com.mx\/?p=103059","title":{"rendered":"Atacan con drones y fusiles la presidencia municipal de Zinap\u00e9cuaro"},"content":{"rendered":"\n<p class=\"p1 wp-block-paragraph\"><em>Durante la madrugada de este martes, un grupo armado atac\u00f3 la presidencia municipal de Zinap\u00e9cuaro, Michoac\u00e1n, con r\u00e1fagas de fusil y explosivos lanzados desde drones. El ataque dej\u00f3 da\u00f1os en viviendas, infraestructura p\u00fablica y una persona lesionada.<\/em><\/p>\n\n\n\n<p class=\"p1 wp-block-paragraph\">Michoac\u00e1n, M\u00e9xico, Avanzada (15\/10\/2025).- La madrugada de este martes, el municipio de Zinap\u00e9cuaro vivi\u00f3 m\u00e1s de 20 minutos de violencia luego de que un grupo de delincuentes fuertemente armados atac\u00f3 la presidencia municipal con r\u00e1fagas de fusil y explosivos lanzados desde drones.<\/p>\n\n\n\n<p class=\"p1 wp-block-paragraph\">El violento ataque, que comenz\u00f3 alrededor de las 3:00 de la ma\u00f1ana, provoc\u00f3 da\u00f1os en la fachada del edificio p\u00fablico, en al menos tres viviendas cercanas y en un poste con c\u00e1maras de videovigilancia del sistema C5.<\/p>\n\n\n\n<p class=\"p1 wp-block-paragraph\">De acuerdo con reportes policiales, una mujer result\u00f3 lesionada en una mano a causa de los vidrios rotos de una ventana alcanzada por los disparos.<\/p>\n\n\n\n<p class=\"p1 wp-block-paragraph\">El Gobierno Municipal de Zinap\u00e9cuaro emiti\u00f3 un comunicado en el que conden\u00f3 los hechos y expres\u00f3 su \u201cprofunda preocupaci\u00f3n ante la violencia que altera la tranquilidad de las familias\u201d, al tiempo que reconoci\u00f3 que estos ataques forman parte de \u201cuna coyuntura nacional de la que no estamos exentos\u201d.<\/p>\n\n\n\n<p class=\"p1 wp-block-paragraph\">Las autoridades locales informaron que solicitaron apoyo inmediato a las fuerzas estatales y federales para recuperar el orden y garantizar la seguridad de la poblaci\u00f3n. Adem\u00e1s, exhortaron a la ciudadan\u00eda a mantenerse informada \u00fanicamente a trav\u00e9s de los canales oficiales para evitar la difusi\u00f3n de rumores mientras avanzan las investigaciones.<\/p>\n\n\n\n<p class=\"p1 wp-block-paragraph\">Hasta el momento no se ha reportado la detenci\u00f3n de los responsables, y las autoridades contin\u00faan con los trabajos de b\u00fasqueda y patrullaje en la regi\u00f3n.<\/p>\n\n\n\n<figure class=\"wp-block-image size-large\"><img loading=\"lazy\" decoding=\"async\" width=\"845\" height=\"1024\" src=\"https:\/\/diarioavanzada.com.mx\/wp-content\/uploads\/2025\/10\/img_7126-845x1024.jpg\" alt=\"\" class=\"wp-image-103056\" srcset=\"https:\/\/diarioavanzada.com.mx\/wp-content\/uploads\/2025\/10\/img_7126-845x1024.jpg 845w, https:\/\/diarioavanzada.com.mx\/wp-content\/uploads\/2025\/10\/img_7126-248x300.jpg 248w, https:\/\/diarioavanzada.com.mx\/wp-content\/uploads\/2025\/10\/img_7126-768x930.jpg 768w, https:\/\/diarioavanzada.com.mx\/wp-content\/uploads\/2025\/10\/img_7126.jpg 1268w\" sizes=\"auto, (max-width: 845px) 100vw, 845px\" \/><\/figure>\n\n\n\n<figure class=\"wp-block-video\"><div class=\"wp-block-embed__wrapper\">\n<iframe title=\"VideoPress Video Player\" aria-label='VideoPress Video Player' width='740' height='403' src='https:\/\/videopress.com\/embed\/zKbmrQuV?cover=1&amp;preloadContent=metadata&amp;useAverageColor=1&amp;hd=0' frameborder='0' allowfullscreen data-resize-to-parent=\"true\" allow='clipboard-write'><\/iframe><script src='https:\/\/v0.wordpress.com\/js\/next\/videopress-iframe.js?m=1739540970'><\/script>\n<\/div><\/figure>\n<div class=\"fb-background-color\">\n\t\t\t  <div \n\t\t\t  \tclass = \"fb-comments\" \n\t\t\t  \tdata-href = \"https:\/\/diarioavanzada.com.mx\/?p=103059\"\n\t\t\t  \tdata-numposts = \"10\"\n\t\t\t  \tdata-lazy = \"true\"\n\t\t\t\tdata-colorscheme = \"light\"\n\t\t\t\tdata-order-by = \"social\"\n\t\t\t\tdata-mobile=true>\n\t\t\t  <\/div><\/div>\n\t\t  <style>\n\t\t    .fb-background-color {\n\t\t\t\tbackground:  !important;\n\t\t\t}\n\t\t\t.fb_iframe_widget_fluid_desktop iframe {\n\t\t\t    width: 100% !important;\n\t\t\t}\n\t\t  <\/style>\n\t\t  ","protected":false},"excerpt":{"rendered":"<p>Durante la madrugada de este martes, un grupo armado atac\u00f3 la presidencia municipal de Zinap\u00e9cuaro, Michoac\u00e1n, con r\u00e1fagas de fusil y explosivos lanzados desde drones. El ataque dej\u00f3 da\u00f1os en viviendas, infraestructura p\u00fablica y una persona lesionada. Michoac\u00e1n, M\u00e9xico, Avanzada (15\/10\/2025).- La madrugada de este martes, el municipio de Zinap\u00e9cuaro vivi\u00f3 m\u00e1s de 20 minutos [&hellip;]<\/p>\n","protected":false},"author":7,"featured_media":103058,"comment_status":"closed","ping_status":"closed","sticky":false,"template":"","format":"standard","meta":{"_coblocks_attr":"","_coblocks_dimensions":"","_coblocks_responsive_height":"","_coblocks_accordion_ie_support":"","_crdt_document":"","advanced_seo_description":"","jetpack_seo_html_title":"","jetpack_seo_noindex":false,"_jetpack_memberships_contains_paid_content":false,"footnotes":""},"categories":[22,7,231],"tags":[210],"class_list":["post-103059","post","type-post","status-publish","format-standard","has-post-thumbnail","hentry","category-nacion","category-noticias","category-seguridad","tag-portada"],"jetpack_featured_media_url":"https:\/\/diarioavanzada.com.mx\/wp-content\/uploads\/2025\/10\/img_7131.jpg","jetpack-related-posts":[],"jetpack_sharing_enabled":true,"amp_enabled":true,"_links":{"self":[{"href":"https:\/\/diarioavanzada.com.mx\/index.php?rest_route=\/wp\/v2\/posts\/103059","targetHints":{"allow":["GET"]}}],"collection":[{"href":"https:\/\/diarioavanzada.com.mx\/index.php?rest_route=\/wp\/v2\/posts"}],"about":[{"href":"https:\/\/diarioavanzada.com.mx\/index.php?rest_route=\/wp\/v2\/types\/post"}],"author":[{"embeddable":true,"href":"https:\/\/diarioavanzada.com.mx\/index.php?rest_route=\/wp\/v2\/users\/7"}],"replies":[{"embeddable":true,"href":"https:\/\/diarioavanzada.com.mx\/index.php?rest_route=%2Fwp%2Fv2%2Fcomments&post=103059"}],"version-history":[{"count":2,"href":"https:\/\/diarioavanzada.com.mx\/index.php?rest_route=\/wp\/v2\/posts\/103059\/revisions"}],"predecessor-version":[{"id":103074,"href":"https:\/\/diarioavanzada.com.mx\/index.php?rest_route=\/wp\/v2\/posts\/103059\/revisions\/103074"}],"wp:featuredmedia":[{"embeddable":true,"href":"https:\/\/diarioavanzada.com.mx\/index.php?rest_route=\/wp\/v2\/media\/103058"}],"wp:attachment":[{"href":"https:\/\/diarioavanzada.com.mx\/index.php?rest_route=%2Fwp%2Fv2%2Fmedia&parent=103059"}],"wp:term":[{"taxonomy":"category","embeddable":true,"href":"https:\/\/diarioavanzada.com.mx\/index.php?rest_route=%2Fwp%2Fv2%2Fcategories&post=103059"},{"taxonomy":"post_tag","embeddable":true,"href":"https:\/\/diarioavanzada.com.mx\/index.php?rest_route=%2Fwp%2Fv2%2Ftags&post=103059"}],"curies":[{"name":"wp","href":"https:\/\/api.w.org\/{rel}","templated":true}]}}