{"id":10284,"date":"2020-02-08T08:04:41","date_gmt":"2020-02-08T13:04:41","guid":{"rendered":"https:\/\/diarioavanzada.com.mx\/?p=10284"},"modified":"2020-02-08T08:07:48","modified_gmt":"2020-02-08T13:07:48","slug":"incrementa-la-deuda-de-gobierno-con-el-instituto-de-pensiones-a-220-mdp","status":"publish","type":"post","link":"https:\/\/diarioavanzada.com.mx\/?p=10284","title":{"rendered":"Incrementa la deuda de Gobierno con el Instituto de Pensiones a 220 MDP"},"content":{"rendered":"\n<p class=\"wp-block-paragraph\">Colima, M\u00e9xico, Avanzada (07\/02\/2020).- Hasta la primera quincena de enero de este a\u00f1o, el Gobierno del Estado no ha entregado al Instituto de Pensiones (IPECOL), 220 millones 772 mil pesos de las cuotas que descuenta a los bur\u00f3cratas estatales como al magisterio adherido a la secci\u00f3n 39 del SNTE.<\/p>\n\n\n\n<p class=\"wp-block-paragraph\">Con esta cantidad, el Gobierno de Colima es el principal deudor del IPECOL, el cual comenz\u00f3 a operar el primero de enero de 2019, como parte de la reforma que se hizo a la Ley de Pensiones.<\/p>\n\n\n\n<p class=\"wp-block-paragraph\">La tarde de este jueves, los diputados locales se reunieron con el titular del Instituto de Pensiones del Estado, as\u00ed como el secretario de Administraci\u00f3n, Kristian Meiners Tovar y entre las cifras que presentaron, muestran que el gobierno ha incrementado su deuda.<\/p>\n\n\n\n<p class=\"wp-block-paragraph\">Por concepto de burocracia, el gobierno adeuda al IPECOL 134 millones 046 mil pesos, mientras que por cuotas retenidas a los trabajadores del SNTE 39, el pasivo es de 86 millones 666 mil pesos.<\/p>\n\n\n\n<p class=\"wp-block-paragraph\">En el encuentro, la diputada Blanca Livier Rodr\u00edguez Osorio cuestion\u00f3 al titular de Administraci\u00f3n, las causas por la cuales el secretario de Finanzas, Carlos Noriega Garc\u00eda no ha entregado las cuotas de los trabajadores al IPECOL, sin embargo Meiners se limit\u00f3 a responder que el gobernador, Ignacio Peralta S\u00e1nchez est\u00e1 enterado de los adeudos, \u201cy preocupado por la liquidez\u201d.<\/p>\n\n\n\n<p class=\"wp-block-paragraph\">Luego, dijo que se generar\u00e1n acciones para resarcir los recursos que hacen falta, sin embargo, no ofreci\u00f3 ninguna fecha para ello.<\/p>\n\n\n\n<p class=\"wp-block-paragraph\">Por su parte, el titular del IPECOL, \u00c9dgar Alejandro S\u00e1nchez respondi\u00f3 que desde octubre del a\u00f1o pasado propuso acciones legales para recuperar los recursos de los trabajadores, pero su acuerdo no fue aceptado por el Consejo del Instituto.<\/p>\n<div class=\"fb-background-color\">\n\t\t\t  <div \n\t\t\t  \tclass = \"fb-comments\" \n\t\t\t  \tdata-href = \"https:\/\/diarioavanzada.com.mx\/?p=10284\"\n\t\t\t  \tdata-numposts = \"10\"\n\t\t\t  \tdata-lazy = \"true\"\n\t\t\t\tdata-colorscheme = \"light\"\n\t\t\t\tdata-order-by = \"social\"\n\t\t\t\tdata-mobile=true>\n\t\t\t  <\/div><\/div>\n\t\t  <style>\n\t\t    .fb-background-color {\n\t\t\t\tbackground:  !important;\n\t\t\t}\n\t\t\t.fb_iframe_widget_fluid_desktop iframe {\n\t\t\t    width: 100% !important;\n\t\t\t}\n\t\t  <\/style>\n\t\t  ","protected":false},"excerpt":{"rendered":"<p>Colima, M\u00e9xico, Avanzada (07\/02\/2020).- Hasta la primera quincena de enero de este a\u00f1o, el Gobierno del Estado no ha entregado al Instituto de Pensiones (IPECOL), 220 millones 772 mil pesos de las cuotas que descuenta a los bur\u00f3cratas estatales como al magisterio adherido a la secci\u00f3n 39 del SNTE. Con esta cantidad, el Gobierno de [&hellip;]<\/p>\n","protected":false},"author":5,"featured_media":9391,"comment_status":"closed","ping_status":"closed","sticky":false,"template":"","format":"standard","meta":{"_coblocks_attr":"","_coblocks_dimensions":"","_coblocks_responsive_height":"","_coblocks_accordion_ie_support":"","_crdt_document":"","advanced_seo_description":"","jetpack_seo_html_title":"","jetpack_seo_noindex":false,"_jetpack_memberships_contains_paid_content":false,"footnotes":""},"categories":[19],"tags":[210],"class_list":["post-10284","post","type-post","status-publish","format-standard","has-post-thumbnail","hentry","category-colima","tag-portada"],"jetpack_featured_media_url":"https:\/\/diarioavanzada.com.mx\/wp-content\/uploads\/2020\/01\/Gobernador.png","jetpack-related-posts":[],"jetpack_sharing_enabled":true,"amp_enabled":true,"_links":{"self":[{"href":"https:\/\/diarioavanzada.com.mx\/index.php?rest_route=\/wp\/v2\/posts\/10284","targetHints":{"allow":["GET"]}}],"collection":[{"href":"https:\/\/diarioavanzada.com.mx\/index.php?rest_route=\/wp\/v2\/posts"}],"about":[{"href":"https:\/\/diarioavanzada.com.mx\/index.php?rest_route=\/wp\/v2\/types\/post"}],"author":[{"embeddable":true,"href":"https:\/\/diarioavanzada.com.mx\/index.php?rest_route=\/wp\/v2\/users\/5"}],"replies":[{"embeddable":true,"href":"https:\/\/diarioavanzada.com.mx\/index.php?rest_route=%2Fwp%2Fv2%2Fcomments&post=10284"}],"version-history":[{"count":0,"href":"https:\/\/diarioavanzada.com.mx\/index.php?rest_route=\/wp\/v2\/posts\/10284\/revisions"}],"wp:featuredmedia":[{"embeddable":true,"href":"https:\/\/diarioavanzada.com.mx\/index.php?rest_route=\/wp\/v2\/media\/9391"}],"wp:attachment":[{"href":"https:\/\/diarioavanzada.com.mx\/index.php?rest_route=%2Fwp%2Fv2%2Fmedia&parent=10284"}],"wp:term":[{"taxonomy":"category","embeddable":true,"href":"https:\/\/diarioavanzada.com.mx\/index.php?rest_route=%2Fwp%2Fv2%2Fcategories&post=10284"},{"taxonomy":"post_tag","embeddable":true,"href":"https:\/\/diarioavanzada.com.mx\/index.php?rest_route=%2Fwp%2Fv2%2Ftags&post=10284"}],"curies":[{"name":"wp","href":"https:\/\/api.w.org\/{rel}","templated":true}]}}