{"id":102800,"date":"2025-10-13T06:48:07","date_gmt":"2025-10-13T12:48:07","guid":{"rendered":"https:\/\/diarioavanzada.com.mx\/?p=102800"},"modified":"2025-10-13T06:48:07","modified_gmt":"2025-10-13T12:48:07","slug":"otro-restaurante-de-mariscos-se-incendia-en-menos-de-tres-horas-en-colima","status":"publish","type":"post","link":"https:\/\/diarioavanzada.com.mx\/?p=102800","title":{"rendered":"Otro restaurante de mariscos se incendia en menos de tres horas en Colima"},"content":{"rendered":"\n<p class=\"p1 wp-block-paragraph\">Colima, M\u00e9xico, Avanzada (13\/10\/2025).- En menos de tres horas, dos restaurantes dedicados a la venta de mariscos fueron consumidos por el fuego en distintos puntos del municipio de Colima y su zona conurbada, generando preocupaci\u00f3n entre los habitantes y las autoridades.<\/p>\n\n\n\n<p class=\"p1 wp-block-paragraph\">El segundo siniestro ocurri\u00f3 alrededor de la 1:00 de la madrugada de este lunes, en un establecimiento ubicado en la colonia El Yaqui, sobre la carretera Colima\u2013Coquimatl\u00e1n. Elementos del cuerpo de bomberos acudieron al sitio para sofocar las llamas, mientras personal de la Fiscal\u00eda General del Estado de Colima (FGE) abri\u00f3 una carpeta de investigaci\u00f3n para esclarecer las causas del incendio.<\/p>\n\n\n\n<p class=\"p1 wp-block-paragraph\">Horas antes, aproximadamente a las 22:00 del domingo, otro restaurante de mariscos \u2014El Atracadero, un negocio con m\u00e1s de 40 a\u00f1os de tradici\u00f3n\u2014 fue tambi\u00e9n consumido por el fuego en el municipio de Colima.<\/p>\n\n\n\n<p class=\"p1 wp-block-paragraph\">Hasta el momento, las autoridades no han informado si existe relaci\u00f3n entre ambos siniestros, aunque no se descarta ninguna l\u00ednea de investigaci\u00f3n.<\/p>\n\n\n\n<figure class=\"wp-block-video\"><div class=\"wp-block-embed__wrapper\">\n<iframe title=\"VideoPress Video Player\" aria-label='VideoPress Video Player' width='740' height='342' src='https:\/\/videopress.com\/embed\/dDtJBJHR?cover=1&amp;preloadContent=metadata&amp;useAverageColor=1&amp;hd=0' frameborder='0' allowfullscreen data-resize-to-parent=\"true\" allow='clipboard-write'><\/iframe><script src='https:\/\/v0.wordpress.com\/js\/next\/videopress-iframe.js?m=1739540970'><\/script>\n<\/div><\/figure>\n\n\n\n<p class=\"p1 wp-block-paragraph\"><\/p>\n<div class=\"fb-background-color\">\n\t\t\t  <div \n\t\t\t  \tclass = \"fb-comments\" \n\t\t\t  \tdata-href = \"https:\/\/diarioavanzada.com.mx\/?p=102800\"\n\t\t\t  \tdata-numposts = \"10\"\n\t\t\t  \tdata-lazy = \"true\"\n\t\t\t\tdata-colorscheme = \"light\"\n\t\t\t\tdata-order-by = \"social\"\n\t\t\t\tdata-mobile=true>\n\t\t\t  <\/div><\/div>\n\t\t  <style>\n\t\t    .fb-background-color {\n\t\t\t\tbackground:  !important;\n\t\t\t}\n\t\t\t.fb_iframe_widget_fluid_desktop iframe {\n\t\t\t    width: 100% !important;\n\t\t\t}\n\t\t  <\/style>\n\t\t  ","protected":false},"excerpt":{"rendered":"<p>Colima, M\u00e9xico, Avanzada (13\/10\/2025).- En menos de tres horas, dos restaurantes dedicados a la venta de mariscos fueron consumidos por el fuego en distintos puntos del municipio de Colima y su zona conurbada, generando preocupaci\u00f3n entre los habitantes y las autoridades. El segundo siniestro ocurri\u00f3 alrededor de la 1:00 de la madrugada de este lunes, [&hellip;]<\/p>\n","protected":false},"author":7,"featured_media":102798,"comment_status":"closed","ping_status":"closed","sticky":false,"template":"","format":"standard","meta":{"_coblocks_attr":"","_coblocks_dimensions":"","_coblocks_responsive_height":"","_coblocks_accordion_ie_support":"","_crdt_document":"","advanced_seo_description":"","jetpack_seo_html_title":"","jetpack_seo_noindex":false,"_jetpack_memberships_contains_paid_content":false,"footnotes":""},"categories":[19,209,7,231],"tags":[210],"class_list":["post-102800","post","type-post","status-publish","format-standard","has-post-thumbnail","hentry","category-colima","category-importantes","category-noticias","category-seguridad","tag-portada"],"jetpack_featured_media_url":"https:\/\/diarioavanzada.com.mx\/wp-content\/uploads\/2025\/10\/img_2331.jpg","jetpack-related-posts":[],"jetpack_sharing_enabled":true,"amp_enabled":true,"_links":{"self":[{"href":"https:\/\/diarioavanzada.com.mx\/index.php?rest_route=\/wp\/v2\/posts\/102800","targetHints":{"allow":["GET"]}}],"collection":[{"href":"https:\/\/diarioavanzada.com.mx\/index.php?rest_route=\/wp\/v2\/posts"}],"about":[{"href":"https:\/\/diarioavanzada.com.mx\/index.php?rest_route=\/wp\/v2\/types\/post"}],"author":[{"embeddable":true,"href":"https:\/\/diarioavanzada.com.mx\/index.php?rest_route=\/wp\/v2\/users\/7"}],"replies":[{"embeddable":true,"href":"https:\/\/diarioavanzada.com.mx\/index.php?rest_route=%2Fwp%2Fv2%2Fcomments&post=102800"}],"version-history":[{"count":0,"href":"https:\/\/diarioavanzada.com.mx\/index.php?rest_route=\/wp\/v2\/posts\/102800\/revisions"}],"wp:featuredmedia":[{"embeddable":true,"href":"https:\/\/diarioavanzada.com.mx\/index.php?rest_route=\/wp\/v2\/media\/102798"}],"wp:attachment":[{"href":"https:\/\/diarioavanzada.com.mx\/index.php?rest_route=%2Fwp%2Fv2%2Fmedia&parent=102800"}],"wp:term":[{"taxonomy":"category","embeddable":true,"href":"https:\/\/diarioavanzada.com.mx\/index.php?rest_route=%2Fwp%2Fv2%2Fcategories&post=102800"},{"taxonomy":"post_tag","embeddable":true,"href":"https:\/\/diarioavanzada.com.mx\/index.php?rest_route=%2Fwp%2Fv2%2Ftags&post=102800"}],"curies":[{"name":"wp","href":"https:\/\/api.w.org\/{rel}","templated":true}]}}