{"id":10251,"date":"2020-02-06T14:48:54","date_gmt":"2020-02-06T19:48:54","guid":{"rendered":"https:\/\/diarioavanzada.com.mx\/?p=10251"},"modified":"2020-02-06T14:48:56","modified_gmt":"2020-02-06T19:48:56","slug":"caeria-en-desacato-el-gobierno-de-colima-si-no-cobra-a-mam","status":"publish","type":"post","link":"https:\/\/diarioavanzada.com.mx\/?p=10251","title":{"rendered":"Caer\u00eda en desacato el Gobierno de Colima si no cobra a MAM"},"content":{"rendered":"\n<p class=\"wp-block-paragraph\">Colima, M\u00e9xico, Avanzada (06\/02\/2020).- El Gobierno del Estado ser\u00e1 el responsable de cobrar al ex gobernador, Mario Anguiano Moreno los 515 millones de pesos y de no hacerlo, \u201cpodr\u00eda recibir una sanci\u00f3n por desacatar la orden de un juez\u201d.<\/p>\n\n\n\n<p class=\"wp-block-paragraph\">Lo anterior fue se\u00f1alado por el integrante de la Comisi\u00f3n de Responsabilidades, el legislador, Francisco Rodr\u00edguez Garc\u00eda, quien se\u00f1al\u00f3 que el asunto del ex mandatario colimense est\u00e1 concluido en el Poder Legislativo, y ahora corresponde al Ejecutivo recuperar el recurso.<\/p>\n\n\n\n<p class=\"wp-block-paragraph\">El legislador indic\u00f3 que esta semana sesion\u00f3 la Comisi\u00f3n de Responsabilidades, para pedirle al gobierno del Estado que a trav\u00e9s de un cr\u00e9dito fiscal, le cobre los recursos a Anguiano, quien fue sancionado por los integrantes de la pasada legislatura, por haber solicitado un cr\u00e9dito por 638 millones de pesos.<br> \u201cSin embargo, el ex gobernador Mario Anguiano Moreno todav\u00eda tiene un recurso que es ampararse en contra de la resoluci\u00f3n, o el cobro, pero esa notificaci\u00f3n no tendr\u00eda que informarse al Congreso, sino directamente al Gobierno del estado pues son ellos a los que les corresponde concluir el proceso de cobro\u201d.<\/p>\n\n\n\n<p class=\"wp-block-paragraph\">Rodr\u00edguez Garc\u00eda afirm\u00f3 que el Congreso solicit\u00f3 a la secretar\u00eda de Finanzas, a cargo de Carlos Noriega Garc\u00eda, que informe en un plazo de 10 d\u00edas, las acciones que estar\u00e1 siguiendo para recuperar los 515 millones de pesos.<\/p>\n\n\n\n<p class=\"wp-block-paragraph\">El legislador se\u00f1al\u00f3 que en caso de que la administraci\u00f3n estatal no quiera ejecutar la decisi\u00f3n del juez, \u201cestar\u00eda incurriendo en un desacato, y por lo tanto, ser\u00eda acreedor a una sanci\u00f3n\u201d.<\/p>\n\n\n\n<p class=\"wp-block-paragraph\">El pasado 31 de enero, AVANZADA&nbsp; inform\u00f3 que la justicia federal neg\u00f3 el amparo que promovi\u00f3 el ex gobernador, Mario Anguiano Moreno para combatir las sanciones que le impuso el Congreso del Estado y por lo tanto, queda firme la inhabilitaci\u00f3n para ocupar cargos p\u00fablicos hasta por 14 a\u00f1os y la sanci\u00f3n econ\u00f3mica por 515 millones 174 mil 928 pesos.<\/p>\n\n\n\n<p class=\"wp-block-paragraph\">El Tribunal Colegiado del Trig\u00e9simo Segundo Circuito con sede en la entidad emiti\u00f3 la sentencia misma que fue publicada el pasado 27 de enero de este a\u00f1o, y en la cual determin\u00f3 negar la protecci\u00f3n de la justicia federal.<\/p>\n<div class=\"fb-background-color\">\n\t\t\t  <div \n\t\t\t  \tclass = \"fb-comments\" \n\t\t\t  \tdata-href = \"https:\/\/diarioavanzada.com.mx\/?p=10251\"\n\t\t\t  \tdata-numposts = \"10\"\n\t\t\t  \tdata-lazy = \"true\"\n\t\t\t\tdata-colorscheme = \"light\"\n\t\t\t\tdata-order-by = \"social\"\n\t\t\t\tdata-mobile=true>\n\t\t\t  <\/div><\/div>\n\t\t  <style>\n\t\t    .fb-background-color {\n\t\t\t\tbackground:  !important;\n\t\t\t}\n\t\t\t.fb_iframe_widget_fluid_desktop iframe {\n\t\t\t    width: 100% !important;\n\t\t\t}\n\t\t  <\/style>\n\t\t  ","protected":false},"excerpt":{"rendered":"<p>Colima, M\u00e9xico, Avanzada (06\/02\/2020).- El Gobierno del Estado ser\u00e1 el responsable de cobrar al ex gobernador, Mario Anguiano Moreno los 515 millones de pesos y de no hacerlo, \u201cpodr\u00eda recibir una sanci\u00f3n por desacatar la orden de un juez\u201d. Lo anterior fue se\u00f1alado por el integrante de la Comisi\u00f3n de Responsabilidades, el legislador, Francisco Rodr\u00edguez [&hellip;]<\/p>\n","protected":false},"author":5,"featured_media":7691,"comment_status":"closed","ping_status":"closed","sticky":false,"template":"","format":"standard","meta":{"_coblocks_attr":"","_coblocks_dimensions":"","_coblocks_responsive_height":"","_coblocks_accordion_ie_support":"","_crdt_document":"","advanced_seo_description":"","jetpack_seo_html_title":"","jetpack_seo_noindex":false,"_jetpack_memberships_contains_paid_content":false,"footnotes":""},"categories":[19],"tags":[210],"class_list":["post-10251","post","type-post","status-publish","format-standard","has-post-thumbnail","hentry","category-colima","tag-portada"],"jetpack_featured_media_url":"https:\/\/diarioavanzada.com.mx\/wp-content\/uploads\/2019\/09\/mam-y-nacho.jpg","jetpack-related-posts":[],"jetpack_sharing_enabled":true,"amp_enabled":true,"_links":{"self":[{"href":"https:\/\/diarioavanzada.com.mx\/index.php?rest_route=\/wp\/v2\/posts\/10251","targetHints":{"allow":["GET"]}}],"collection":[{"href":"https:\/\/diarioavanzada.com.mx\/index.php?rest_route=\/wp\/v2\/posts"}],"about":[{"href":"https:\/\/diarioavanzada.com.mx\/index.php?rest_route=\/wp\/v2\/types\/post"}],"author":[{"embeddable":true,"href":"https:\/\/diarioavanzada.com.mx\/index.php?rest_route=\/wp\/v2\/users\/5"}],"replies":[{"embeddable":true,"href":"https:\/\/diarioavanzada.com.mx\/index.php?rest_route=%2Fwp%2Fv2%2Fcomments&post=10251"}],"version-history":[{"count":0,"href":"https:\/\/diarioavanzada.com.mx\/index.php?rest_route=\/wp\/v2\/posts\/10251\/revisions"}],"wp:featuredmedia":[{"embeddable":true,"href":"https:\/\/diarioavanzada.com.mx\/index.php?rest_route=\/wp\/v2\/media\/7691"}],"wp:attachment":[{"href":"https:\/\/diarioavanzada.com.mx\/index.php?rest_route=%2Fwp%2Fv2%2Fmedia&parent=10251"}],"wp:term":[{"taxonomy":"category","embeddable":true,"href":"https:\/\/diarioavanzada.com.mx\/index.php?rest_route=%2Fwp%2Fv2%2Fcategories&post=10251"},{"taxonomy":"post_tag","embeddable":true,"href":"https:\/\/diarioavanzada.com.mx\/index.php?rest_route=%2Fwp%2Fv2%2Ftags&post=10251"}],"curies":[{"name":"wp","href":"https:\/\/api.w.org\/{rel}","templated":true}]}}