{"id":102460,"date":"2025-10-09T22:36:11","date_gmt":"2025-10-10T04:36:11","guid":{"rendered":"https:\/\/diarioavanzada.com.mx\/?p=102460"},"modified":"2025-10-09T22:46:38","modified_gmt":"2025-10-10T04:46:38","slug":"accidente-en-la-autopista-guadalajara-colima-un-adulto-mayor-resulto-lesionado","status":"publish","type":"post","link":"https:\/\/diarioavanzada.com.mx\/?p=102460","title":{"rendered":"Accidente en la autopista Guadalajara-Colima: adulto mayor result\u00f3 lesionado"},"content":{"rendered":"\n<p class=\"p1 wp-block-paragraph\"><em>Un adulto mayor de 85 a\u00f1os result\u00f3 lesionado tras un accidente por alcance registrado en la autopista Guadalajara-Colima, a la altura del municipio de Cuauht\u00e9moc. Personal de Protecci\u00f3n Civil y Bomberos atendi\u00f3 el reporte y brind\u00f3 asistencia en el lugar.<\/em><\/p>\n\n\n\n<p class=\"p1 wp-block-paragraph\">Colima, M\u00e9xico, Avanzada (09\/10\/2025).- Personal de Protecci\u00f3n Civil y Bomberos del municipio de Cuauht\u00e9moc atendi\u00f3 un accidente por alcance registrado en la autopista Guadalajara-Colima, a la altura del kil\u00f3metro 131+500, en direcci\u00f3n hacia Colima.<\/p>\n\n\n\n<p class=\"p1 wp-block-paragraph\">Al llegar al sitio, los elementos valoraron a un hombre de 85 a\u00f1os que result\u00f3 lesionado durante el percance. El adulto mayor fue atendido en el lugar sin requerir traslado a un hospital.<\/p>\n\n\n\n<p class=\"p1 wp-block-paragraph\">Las autoridades exhortaron a los automovilistas a extremar precauciones al circular por la zona, debido a la presencia de unidades de emergencia y posibles afectaciones en la vialidad.<\/p>\n\n\n\n<figure class=\"wp-block-image size-large\"><img loading=\"lazy\" decoding=\"async\" width=\"768\" height=\"1024\" src=\"https:\/\/diarioavanzada.com.mx\/wp-content\/uploads\/2025\/10\/img_6994-768x1024.jpg\" alt=\"\" class=\"wp-image-102457\" srcset=\"https:\/\/diarioavanzada.com.mx\/wp-content\/uploads\/2025\/10\/img_6994-768x1024.jpg 768w, https:\/\/diarioavanzada.com.mx\/wp-content\/uploads\/2025\/10\/img_6994-225x300.jpg 225w, https:\/\/diarioavanzada.com.mx\/wp-content\/uploads\/2025\/10\/img_6994-1152x1536.jpg 1152w, https:\/\/diarioavanzada.com.mx\/wp-content\/uploads\/2025\/10\/img_6994.jpg 1500w\" sizes=\"auto, (max-width: 768px) 100vw, 768px\" \/><\/figure>\n\n\n\n<figure class=\"wp-block-image size-large\"><img loading=\"lazy\" decoding=\"async\" width=\"768\" height=\"1024\" src=\"https:\/\/diarioavanzada.com.mx\/wp-content\/uploads\/2025\/10\/img_6992-768x1024.jpg\" alt=\"\" class=\"wp-image-102458\" srcset=\"https:\/\/diarioavanzada.com.mx\/wp-content\/uploads\/2025\/10\/img_6992-768x1024.jpg 768w, https:\/\/diarioavanzada.com.mx\/wp-content\/uploads\/2025\/10\/img_6992-225x300.jpg 225w, https:\/\/diarioavanzada.com.mx\/wp-content\/uploads\/2025\/10\/img_6992-1152x1536.jpg 1152w, https:\/\/diarioavanzada.com.mx\/wp-content\/uploads\/2025\/10\/img_6992.jpg 1500w\" sizes=\"auto, (max-width: 768px) 100vw, 768px\" \/><\/figure>\n<div class=\"fb-background-color\">\n\t\t\t  <div \n\t\t\t  \tclass = \"fb-comments\" \n\t\t\t  \tdata-href = \"https:\/\/diarioavanzada.com.mx\/?p=102460\"\n\t\t\t  \tdata-numposts = \"10\"\n\t\t\t  \tdata-lazy = \"true\"\n\t\t\t\tdata-colorscheme = \"light\"\n\t\t\t\tdata-order-by = \"social\"\n\t\t\t\tdata-mobile=true>\n\t\t\t  <\/div><\/div>\n\t\t  <style>\n\t\t    .fb-background-color {\n\t\t\t\tbackground:  !important;\n\t\t\t}\n\t\t\t.fb_iframe_widget_fluid_desktop iframe {\n\t\t\t    width: 100% !important;\n\t\t\t}\n\t\t  <\/style>\n\t\t  ","protected":false},"excerpt":{"rendered":"<p>Un adulto mayor de 85 a\u00f1os result\u00f3 lesionado tras un accidente por alcance registrado en la autopista Guadalajara-Colima, a la altura del municipio de Cuauht\u00e9moc. Personal de Protecci\u00f3n Civil y Bomberos atendi\u00f3 el reporte y brind\u00f3 asistencia en el lugar. Colima, M\u00e9xico, Avanzada (09\/10\/2025).- Personal de Protecci\u00f3n Civil y Bomberos del municipio de Cuauht\u00e9moc atendi\u00f3 [&hellip;]<\/p>\n","protected":false},"author":7,"featured_media":102459,"comment_status":"closed","ping_status":"closed","sticky":false,"template":"","format":"standard","meta":{"_coblocks_attr":"","_coblocks_dimensions":"","_coblocks_responsive_height":"","_coblocks_accordion_ie_support":"","_crdt_document":"","advanced_seo_description":"","jetpack_seo_html_title":"","jetpack_seo_noindex":false,"_jetpack_memberships_contains_paid_content":false,"footnotes":""},"categories":[19,209,7,231],"tags":[210],"class_list":["post-102460","post","type-post","status-publish","format-standard","has-post-thumbnail","hentry","category-colima","category-importantes","category-noticias","category-seguridad","tag-portada"],"jetpack_featured_media_url":"https:\/\/diarioavanzada.com.mx\/wp-content\/uploads\/2025\/10\/img_6993.jpg","jetpack-related-posts":[],"jetpack_sharing_enabled":true,"amp_enabled":true,"_links":{"self":[{"href":"https:\/\/diarioavanzada.com.mx\/index.php?rest_route=\/wp\/v2\/posts\/102460","targetHints":{"allow":["GET"]}}],"collection":[{"href":"https:\/\/diarioavanzada.com.mx\/index.php?rest_route=\/wp\/v2\/posts"}],"about":[{"href":"https:\/\/diarioavanzada.com.mx\/index.php?rest_route=\/wp\/v2\/types\/post"}],"author":[{"embeddable":true,"href":"https:\/\/diarioavanzada.com.mx\/index.php?rest_route=\/wp\/v2\/users\/7"}],"replies":[{"embeddable":true,"href":"https:\/\/diarioavanzada.com.mx\/index.php?rest_route=%2Fwp%2Fv2%2Fcomments&post=102460"}],"version-history":[{"count":1,"href":"https:\/\/diarioavanzada.com.mx\/index.php?rest_route=\/wp\/v2\/posts\/102460\/revisions"}],"predecessor-version":[{"id":102461,"href":"https:\/\/diarioavanzada.com.mx\/index.php?rest_route=\/wp\/v2\/posts\/102460\/revisions\/102461"}],"wp:featuredmedia":[{"embeddable":true,"href":"https:\/\/diarioavanzada.com.mx\/index.php?rest_route=\/wp\/v2\/media\/102459"}],"wp:attachment":[{"href":"https:\/\/diarioavanzada.com.mx\/index.php?rest_route=%2Fwp%2Fv2%2Fmedia&parent=102460"}],"wp:term":[{"taxonomy":"category","embeddable":true,"href":"https:\/\/diarioavanzada.com.mx\/index.php?rest_route=%2Fwp%2Fv2%2Fcategories&post=102460"},{"taxonomy":"post_tag","embeddable":true,"href":"https:\/\/diarioavanzada.com.mx\/index.php?rest_route=%2Fwp%2Fv2%2Ftags&post=102460"}],"curies":[{"name":"wp","href":"https:\/\/api.w.org\/{rel}","templated":true}]}}