{"id":102233,"date":"2025-10-08T10:38:23","date_gmt":"2025-10-08T16:38:23","guid":{"rendered":"https:\/\/diarioavanzada.com.mx\/?p=102233"},"modified":"2025-10-08T10:38:23","modified_gmt":"2025-10-08T16:38:23","slug":"ambulancia-del-imss-queda-varada-por-un-accidente-en-la-carretera-manzanillo-colima","status":"publish","type":"post","link":"https:\/\/diarioavanzada.com.mx\/?p=102233","title":{"rendered":"Ambulancia del IMSS queda varada por un accidente en la carretera Manzanillo-Colima"},"content":{"rendered":"\n<p class=\"p1 wp-block-paragraph\">Colima, M\u00e9xico, Avanzada (08\/10\/2025).- Una ambulancia del IMSS permaneci\u00f3 detenida por m\u00e1s de 15 minutos sin poder avanzar hacia Colima, luego de que un tr\u00e1iler se accidentara alrededor de las 6:30 de la ma\u00f1ana cerca de la comunidad de Los Asmoles, bloqueando completamente la vialidad en direcci\u00f3n a la capital del estado.<\/p>\n\n\n\n<p class=\"p1 wp-block-paragraph\">A pesar de los esfuerzos del conductor por abrirse paso entre los veh\u00edculos, el tr\u00e1nsito contin\u00faa paralizado, lo que complica el paso de unidades de emergencia y mantiene varados a decenas de automovilistas.<\/p>\n\n\n\n<figure class=\"wp-block-video\"><div class=\"wp-block-embed__wrapper\">\n<iframe title=\"VideoPress Video Player\" aria-label='VideoPress Video Player' width='698' height='1000' src='https:\/\/videopress.com\/embed\/mrPLfc5O?cover=1&amp;preloadContent=metadata&amp;useAverageColor=1&amp;hd=0' frameborder='0' allowfullscreen data-resize-to-parent=\"true\" allow='clipboard-write'><\/iframe><script src='https:\/\/v0.wordpress.com\/js\/next\/videopress-iframe.js?m=1739540970'><\/script>\n<\/div><\/figure>\n\n\n\n<p class=\"p1 wp-block-paragraph\"><\/p>\n<div class=\"fb-background-color\">\n\t\t\t  <div \n\t\t\t  \tclass = \"fb-comments\" \n\t\t\t  \tdata-href = \"https:\/\/diarioavanzada.com.mx\/?p=102233\"\n\t\t\t  \tdata-numposts = \"10\"\n\t\t\t  \tdata-lazy = \"true\"\n\t\t\t\tdata-colorscheme = \"light\"\n\t\t\t\tdata-order-by = \"social\"\n\t\t\t\tdata-mobile=true>\n\t\t\t  <\/div><\/div>\n\t\t  <style>\n\t\t    .fb-background-color {\n\t\t\t\tbackground:  !important;\n\t\t\t}\n\t\t\t.fb_iframe_widget_fluid_desktop iframe {\n\t\t\t    width: 100% !important;\n\t\t\t}\n\t\t  <\/style>\n\t\t  ","protected":false},"excerpt":{"rendered":"<p>Colima, M\u00e9xico, Avanzada (08\/10\/2025).- Una ambulancia del IMSS permaneci\u00f3 detenida por m\u00e1s de 15 minutos sin poder avanzar hacia Colima, luego de que un tr\u00e1iler se accidentara alrededor de las 6:30 de la ma\u00f1ana cerca de la comunidad de Los Asmoles, bloqueando completamente la vialidad en direcci\u00f3n a la capital del estado. A pesar de [&hellip;]<\/p>\n","protected":false},"author":7,"featured_media":102235,"comment_status":"closed","ping_status":"closed","sticky":false,"template":"","format":"standard","meta":{"_coblocks_attr":"","_coblocks_dimensions":"","_coblocks_responsive_height":"","_coblocks_accordion_ie_support":"","_crdt_document":"","advanced_seo_description":"","jetpack_seo_html_title":"","jetpack_seo_noindex":false,"_jetpack_memberships_contains_paid_content":false,"footnotes":""},"categories":[19,297,209,7,231],"tags":[210],"class_list":["post-102233","post","type-post","status-publish","format-standard","has-post-thumbnail","hentry","category-colima","category-fotonotas-y-videos","category-importantes","category-noticias","category-seguridad","tag-portada"],"jetpack_featured_media_url":"https:\/\/diarioavanzada.com.mx\/wp-content\/uploads\/2025\/10\/img_2037.jpg","jetpack-related-posts":[],"jetpack_sharing_enabled":true,"amp_enabled":true,"_links":{"self":[{"href":"https:\/\/diarioavanzada.com.mx\/index.php?rest_route=\/wp\/v2\/posts\/102233","targetHints":{"allow":["GET"]}}],"collection":[{"href":"https:\/\/diarioavanzada.com.mx\/index.php?rest_route=\/wp\/v2\/posts"}],"about":[{"href":"https:\/\/diarioavanzada.com.mx\/index.php?rest_route=\/wp\/v2\/types\/post"}],"author":[{"embeddable":true,"href":"https:\/\/diarioavanzada.com.mx\/index.php?rest_route=\/wp\/v2\/users\/7"}],"replies":[{"embeddable":true,"href":"https:\/\/diarioavanzada.com.mx\/index.php?rest_route=%2Fwp%2Fv2%2Fcomments&post=102233"}],"version-history":[{"count":1,"href":"https:\/\/diarioavanzada.com.mx\/index.php?rest_route=\/wp\/v2\/posts\/102233\/revisions"}],"predecessor-version":[{"id":102236,"href":"https:\/\/diarioavanzada.com.mx\/index.php?rest_route=\/wp\/v2\/posts\/102233\/revisions\/102236"}],"wp:featuredmedia":[{"embeddable":true,"href":"https:\/\/diarioavanzada.com.mx\/index.php?rest_route=\/wp\/v2\/media\/102235"}],"wp:attachment":[{"href":"https:\/\/diarioavanzada.com.mx\/index.php?rest_route=%2Fwp%2Fv2%2Fmedia&parent=102233"}],"wp:term":[{"taxonomy":"category","embeddable":true,"href":"https:\/\/diarioavanzada.com.mx\/index.php?rest_route=%2Fwp%2Fv2%2Fcategories&post=102233"},{"taxonomy":"post_tag","embeddable":true,"href":"https:\/\/diarioavanzada.com.mx\/index.php?rest_route=%2Fwp%2Fv2%2Ftags&post=102233"}],"curies":[{"name":"wp","href":"https:\/\/api.w.org\/{rel}","templated":true}]}}