{"id":101995,"date":"2025-10-06T10:19:46","date_gmt":"2025-10-06T16:19:46","guid":{"rendered":"https:\/\/diarioavanzada.com.mx\/?p=101995"},"modified":"2025-10-06T10:24:18","modified_gmt":"2025-10-06T16:24:18","slug":"colima-sangriento-matan-a-8-3-vehiculos-y-una-casa-incendiados-y-una-corona-funebre-como-amenaza","status":"publish","type":"post","link":"https:\/\/diarioavanzada.com.mx\/?p=101995","title":{"rendered":"Colima sangriento: matan a 8, una casa y 3 veh\u00edculos incendiados, y una corona f\u00fanebre como amenaza"},"content":{"rendered":"\n<p class=\"p1 wp-block-paragraph\">Colima, M\u00e9xico, Avanzada (06\/10\/2025).- Colima volvi\u00f3 a vivir una semana marcada por la violencia y el miedo. En apenas siete d\u00edas \u2014del 29 de septiembre al 5 de octubre\u2014 la entidad registr\u00f3 ocho homicidios, tres veh\u00edculos incendiados, una vivienda calcinada y hasta la aparici\u00f3n de una corona f\u00fanebre frente a una casa en Villa de \u00c1lvarez, en lo que se percibe como una nueva escalada del terror que desde hace a\u00f1os mantiene al estado entre los m\u00e1s violentos del pa\u00eds.<\/p>\n\n\n\n<p class=\"p1 wp-block-paragraph\">El clima de inseguridad que impera en Colima se refleja no solo en las cifras, sino en la cotidianidad de sus habitantes: calles vac\u00edas por las noches, negocios con miedo de abrir y un silencio social que contrasta con el estruendo de las balas y las sirenas. A pesar de los discursos oficiales que insisten en que \u201clas cosas van mejorando\u201d, los hechos narran una realidad distinta.<\/p>\n\n\n\n<p class=\"p1 wp-block-paragraph\"><strong>Recuento de la semana violenta<\/strong><\/p>\n\n\n\n<p class=\"p1 wp-block-paragraph\"><strong>29 de septiembre.<\/strong> Un veh\u00edculo fue incendiado sobre la avenida El Yaqui, en la capital colimense.<\/p>\n\n\n\n<p class=\"p1 wp-block-paragraph\"><strong>30 de septiembre.<\/strong> Una mujer fue asesinada en la delegaci\u00f3n de El Colomo, en Manzanillo, sobre la calle Ram\u00f3n Mor\u00e1n, colonia Marina Nacional.<\/p>\n\n\n\n<p class=\"p1 wp-block-paragraph\"><strong>1 de octubre.<\/strong> Fue localizado el cuerpo de una mujer junto a las v\u00edas del tren, en la colonia El T\u00edvoli, municipio de Colima. Ese mismo d\u00eda, otro cad\u00e1ver fue encontrado dentro de una bolsa sobre la calle Medell\u00edn, en el centro de la capital.<\/p>\n\n\n\n<p class=\"p1 wp-block-paragraph\"><strong>2 de octubre.<\/strong> Un hombre y una mujer fueron ejecutados cerca del mercado Obreg\u00f3n, tambi\u00e9n en Colima. Horas despu\u00e9s, se registr\u00f3 un intento de homicidio en la colonia Villas del R\u00edo, en Villa de \u00c1lvarez.<\/p>\n\n\n\n<p class=\"p1 wp-block-paragraph\"><strong>3 de octubre.<\/strong> Se incendi\u00f3 un veh\u00edculo en la colonia Punta Diamante, en Villa de \u00c1lvarez, mientras que en la comunidad de Punta de Agua de Camotl\u00e1n, Manzanillo, fue localizado un cad\u00e1ver con visibles huellas de violencia. Ese mismo d\u00eda, vecinos del Nuevo Naranjal, en Villa de \u00c1lvarez, reportaron que una corona f\u00fanebre fue dejada frente a una vivienda, interpretada como una amenaza directa.<\/p>\n\n\n\n<p class=\"p1 wp-block-paragraph\"><strong>4 de octubre.<\/strong> Un hombre fue ejecutado sobre la calle J. Jes\u00fas Ventura, en la zona lim\u00edtrofe entre Colima y Villa de \u00c1lvarez.<\/p>\n\n\n\n<p class=\"p1 wp-block-paragraph\"><strong>5 de octubre.<\/strong> Dos incendios fueron reportados en la capital: uno en una vivienda de la colonia Mirador de la Cumbre II, y otro en un auto estacionado en la calle Mar\u00eda Guadalupe Vizcarra, en Jardines de la Estancia. Ese mismo d\u00eda, un hombre fue herido de bala en la colonia F\u00e1tima.<\/p>\n\n\n\n<p class=\"p1 wp-block-paragraph\">Colima atraviesa una crisis de violencia que no cede. Los cr\u00edmenes se suceden sin que las autoridades logren frenar la espiral de asesinatos, incendios y amenazas. La vida cotidiana de los colimenses transcurre entre la normalizaci\u00f3n del horror y la ausencia de resultados contundentes frente al crimen organizado. Mientras tanto, la impunidad sigue siendo el lenguaje dominante de la calle.<\/p>\n\n\n\n<p class=\"p1 wp-block-paragraph\"><\/p>\n\n\n\n<p class=\"p1 wp-block-paragraph\"><\/p>\n<div class=\"fb-background-color\">\n\t\t\t  <div \n\t\t\t  \tclass = \"fb-comments\" \n\t\t\t  \tdata-href = \"https:\/\/diarioavanzada.com.mx\/?p=101995\"\n\t\t\t  \tdata-numposts = \"10\"\n\t\t\t  \tdata-lazy = \"true\"\n\t\t\t\tdata-colorscheme = \"light\"\n\t\t\t\tdata-order-by = \"social\"\n\t\t\t\tdata-mobile=true>\n\t\t\t  <\/div><\/div>\n\t\t  <style>\n\t\t    .fb-background-color {\n\t\t\t\tbackground:  !important;\n\t\t\t}\n\t\t\t.fb_iframe_widget_fluid_desktop iframe {\n\t\t\t    width: 100% !important;\n\t\t\t}\n\t\t  <\/style>\n\t\t  ","protected":false},"excerpt":{"rendered":"<p>Colima, M\u00e9xico, Avanzada (06\/10\/2025).- Colima volvi\u00f3 a vivir una semana marcada por la violencia y el miedo. En apenas siete d\u00edas \u2014del 29 de septiembre al 5 de octubre\u2014 la entidad registr\u00f3 ocho homicidios, tres veh\u00edculos incendiados, una vivienda calcinada y hasta la aparici\u00f3n de una corona f\u00fanebre frente a una casa en Villa de [&hellip;]<\/p>\n","protected":false},"author":7,"featured_media":101994,"comment_status":"closed","ping_status":"closed","sticky":false,"template":"","format":"standard","meta":{"_coblocks_attr":"","_coblocks_dimensions":"","_coblocks_responsive_height":"","_coblocks_accordion_ie_support":"","_crdt_document":"","advanced_seo_description":"","jetpack_seo_html_title":"","jetpack_seo_noindex":false,"_jetpack_memberships_contains_paid_content":false,"footnotes":""},"categories":[19,209,7,231],"tags":[210],"class_list":["post-101995","post","type-post","status-publish","format-standard","has-post-thumbnail","hentry","category-colima","category-importantes","category-noticias","category-seguridad","tag-portada"],"jetpack_featured_media_url":"https:\/\/diarioavanzada.com.mx\/wp-content\/uploads\/2025\/10\/img_5453.jpg","jetpack-related-posts":[],"jetpack_sharing_enabled":true,"amp_enabled":true,"_links":{"self":[{"href":"https:\/\/diarioavanzada.com.mx\/index.php?rest_route=\/wp\/v2\/posts\/101995","targetHints":{"allow":["GET"]}}],"collection":[{"href":"https:\/\/diarioavanzada.com.mx\/index.php?rest_route=\/wp\/v2\/posts"}],"about":[{"href":"https:\/\/diarioavanzada.com.mx\/index.php?rest_route=\/wp\/v2\/types\/post"}],"author":[{"embeddable":true,"href":"https:\/\/diarioavanzada.com.mx\/index.php?rest_route=\/wp\/v2\/users\/7"}],"replies":[{"embeddable":true,"href":"https:\/\/diarioavanzada.com.mx\/index.php?rest_route=%2Fwp%2Fv2%2Fcomments&post=101995"}],"version-history":[{"count":3,"href":"https:\/\/diarioavanzada.com.mx\/index.php?rest_route=\/wp\/v2\/posts\/101995\/revisions"}],"predecessor-version":[{"id":101998,"href":"https:\/\/diarioavanzada.com.mx\/index.php?rest_route=\/wp\/v2\/posts\/101995\/revisions\/101998"}],"wp:featuredmedia":[{"embeddable":true,"href":"https:\/\/diarioavanzada.com.mx\/index.php?rest_route=\/wp\/v2\/media\/101994"}],"wp:attachment":[{"href":"https:\/\/diarioavanzada.com.mx\/index.php?rest_route=%2Fwp%2Fv2%2Fmedia&parent=101995"}],"wp:term":[{"taxonomy":"category","embeddable":true,"href":"https:\/\/diarioavanzada.com.mx\/index.php?rest_route=%2Fwp%2Fv2%2Fcategories&post=101995"},{"taxonomy":"post_tag","embeddable":true,"href":"https:\/\/diarioavanzada.com.mx\/index.php?rest_route=%2Fwp%2Fv2%2Ftags&post=101995"}],"curies":[{"name":"wp","href":"https:\/\/api.w.org\/{rel}","templated":true}]}}