{"id":101895,"date":"2025-10-05T02:36:05","date_gmt":"2025-10-05T08:36:05","guid":{"rendered":"https:\/\/diarioavanzada.com.mx\/?p=101895"},"modified":"2025-10-05T02:36:05","modified_gmt":"2025-10-05T08:36:05","slug":"activan-alerta-amber-en-colima-por-la-desaparicion-del-nino-estadounidense-aaron-benjamin-hilton","status":"publish","type":"post","link":"https:\/\/diarioavanzada.com.mx\/?p=101895","title":{"rendered":"Activan Alerta Amber en Colima por la desaparici\u00f3n del ni\u00f1o estadounidense Aaron Benjam\u00edn Hilton"},"content":{"rendered":"\n<p class=\"p1 wp-block-paragraph\">Colima, M\u00e9xico, Avanzada (05\/10\/2025).- La Fiscal\u00eda General del Estado de Colima activ\u00f3 la Alerta Amber para localizar a Aaron Benjam\u00edn Hilton, un ni\u00f1o de seis a\u00f1os de nacionalidad estadounidense, quien fue visto por \u00faltima vez el 4 de octubre de 2025 en la colonia L\u00e1zaro C\u00e1rdenas, en la ciudad de Colima.<\/p>\n\n\n\n<p class=\"p1 wp-block-paragraph\">De acuerdo con el reporte AACOL-COLDESAPARECIDOS1-166-2025, el menor desapareci\u00f3 alrededor de las 10:30 horas, en el domicilio ubicado en Bugambilia n\u00famero 1482, en compa\u00f1\u00eda de su madre, identificada como Am\u00e9rica Fabiola Jim\u00e9nez de Lara Valverde.<\/p>\n\n\n\n<p class=\"p1 wp-block-paragraph\">Aaron Benjam\u00edn tiene complexi\u00f3n delgada, tez morena, cabello rizado y largo, as\u00ed como cejas pobladas, nariz ancha, boca grande y dentadura irregular. Sus ojos son caf\u00e9 oscuro medianos.<\/p>\n\n\n\n<p class=\"p1 wp-block-paragraph\">Hasta el momento se desconoce su paradero y las autoridades consideran que la integridad del menor podr\u00eda encontrarse en riesgo, por lo que no se descarta que sea v\u00edctima de la comisi\u00f3n de un delito.<\/p>\n\n\n\n<p class=\"p1 wp-block-paragraph\">La Fiscal\u00eda de Colima exhorta a la poblaci\u00f3n a aportar cualquier informaci\u00f3n que ayude a ubicar al ni\u00f1o. Las denuncias pueden realizarse al n\u00famero 312-31-27910, al 800-00-85400 o al correo alertaambercolima@fgecolima.mx.<\/p>\n\n\n\n<p class=\"p1 wp-block-paragraph\"><\/p>\n\n\n\n<figure class=\"wp-block-image size-large\"><img loading=\"lazy\" decoding=\"async\" width=\"641\" height=\"865\" src=\"https:\/\/diarioavanzada.com.mx\/wp-content\/uploads\/2025\/10\/img_9912.jpg\" class=\"wp-image-101893\" srcset=\"https:\/\/diarioavanzada.com.mx\/wp-content\/uploads\/2025\/10\/img_9912.jpg 641w, https:\/\/diarioavanzada.com.mx\/wp-content\/uploads\/2025\/10\/img_9912-222x300.jpg 222w\" sizes=\"auto, (max-width: 641px) 100vw, 641px\" \/><\/figure>\n<div class=\"fb-background-color\">\n\t\t\t  <div \n\t\t\t  \tclass = \"fb-comments\" \n\t\t\t  \tdata-href = \"https:\/\/diarioavanzada.com.mx\/?p=101895\"\n\t\t\t  \tdata-numposts = \"10\"\n\t\t\t  \tdata-lazy = \"true\"\n\t\t\t\tdata-colorscheme = \"light\"\n\t\t\t\tdata-order-by = \"social\"\n\t\t\t\tdata-mobile=true>\n\t\t\t  <\/div><\/div>\n\t\t  <style>\n\t\t    .fb-background-color {\n\t\t\t\tbackground:  !important;\n\t\t\t}\n\t\t\t.fb_iframe_widget_fluid_desktop iframe {\n\t\t\t    width: 100% !important;\n\t\t\t}\n\t\t  <\/style>\n\t\t  ","protected":false},"excerpt":{"rendered":"<p>Colima, M\u00e9xico, Avanzada (05\/10\/2025).- La Fiscal\u00eda General del Estado de Colima activ\u00f3 la Alerta Amber para localizar a Aaron Benjam\u00edn Hilton, un ni\u00f1o de seis a\u00f1os de nacionalidad estadounidense, quien fue visto por \u00faltima vez el 4 de octubre de 2025 en la colonia L\u00e1zaro C\u00e1rdenas, en la ciudad de Colima. De acuerdo con el [&hellip;]<\/p>\n","protected":false},"author":7,"featured_media":101894,"comment_status":"closed","ping_status":"closed","sticky":false,"template":"","format":"standard","meta":{"_coblocks_attr":"","_coblocks_dimensions":"","_coblocks_responsive_height":"","_coblocks_accordion_ie_support":"","_crdt_document":"","advanced_seo_description":"","jetpack_seo_html_title":"","jetpack_seo_noindex":false,"_jetpack_memberships_contains_paid_content":false,"footnotes":""},"categories":[19,209,7,231],"tags":[210],"class_list":["post-101895","post","type-post","status-publish","format-standard","has-post-thumbnail","hentry","category-colima","category-importantes","category-noticias","category-seguridad","tag-portada"],"jetpack_featured_media_url":"https:\/\/diarioavanzada.com.mx\/wp-content\/uploads\/2025\/10\/img_9912-1.jpg","jetpack-related-posts":[],"jetpack_sharing_enabled":true,"amp_enabled":true,"_links":{"self":[{"href":"https:\/\/diarioavanzada.com.mx\/index.php?rest_route=\/wp\/v2\/posts\/101895","targetHints":{"allow":["GET"]}}],"collection":[{"href":"https:\/\/diarioavanzada.com.mx\/index.php?rest_route=\/wp\/v2\/posts"}],"about":[{"href":"https:\/\/diarioavanzada.com.mx\/index.php?rest_route=\/wp\/v2\/types\/post"}],"author":[{"embeddable":true,"href":"https:\/\/diarioavanzada.com.mx\/index.php?rest_route=\/wp\/v2\/users\/7"}],"replies":[{"embeddable":true,"href":"https:\/\/diarioavanzada.com.mx\/index.php?rest_route=%2Fwp%2Fv2%2Fcomments&post=101895"}],"version-history":[{"count":0,"href":"https:\/\/diarioavanzada.com.mx\/index.php?rest_route=\/wp\/v2\/posts\/101895\/revisions"}],"wp:featuredmedia":[{"embeddable":true,"href":"https:\/\/diarioavanzada.com.mx\/index.php?rest_route=\/wp\/v2\/media\/101894"}],"wp:attachment":[{"href":"https:\/\/diarioavanzada.com.mx\/index.php?rest_route=%2Fwp%2Fv2%2Fmedia&parent=101895"}],"wp:term":[{"taxonomy":"category","embeddable":true,"href":"https:\/\/diarioavanzada.com.mx\/index.php?rest_route=%2Fwp%2Fv2%2Fcategories&post=101895"},{"taxonomy":"post_tag","embeddable":true,"href":"https:\/\/diarioavanzada.com.mx\/index.php?rest_route=%2Fwp%2Fv2%2Ftags&post=101895"}],"curies":[{"name":"wp","href":"https:\/\/api.w.org\/{rel}","templated":true}]}}