{"id":10183,"date":"2020-02-04T10:32:02","date_gmt":"2020-02-04T15:32:02","guid":{"rendered":"https:\/\/diarioavanzada.com.mx\/?p=10183"},"modified":"2020-02-04T10:32:03","modified_gmt":"2020-02-04T15:32:03","slug":"indira-protegida-por-el-poder","status":"publish","type":"post","link":"https:\/\/diarioavanzada.com.mx\/?p=10183","title":{"rendered":"Indira, protegida por el poder"},"content":{"rendered":"\n<p class=\"wp-block-paragraph\">EDITORIAL&nbsp;<\/p>\n\n\n\n<p class=\"wp-block-paragraph\">En su reciente visita a Colima, el titular de la Unidad de Inteligencia Financiera de la Secretar\u00eda de Hacienda y Cr\u00e9dito P\u00fablico, Santiago Nieto Castillo, dijo que no prosper\u00f3 la denuncia presentada en la instituci\u00f3n a su cargo contra la superdelegada de programas sociales del gobierno federal, Indira Vizca\u00edno Silva.<\/p>\n\n\n\n<p class=\"wp-block-paragraph\">Interrogado por un reportero al respecto durante la rueda de prensa ofrecida en el Museo Regional de Historia, el funcionario del gobierno federal \u2014con Vizca\u00edno a su lado izquierdo\u2014 dijo escuetamente al respecto:<\/p>\n\n\n\n<p class=\"wp-block-paragraph\">\u201cSe present\u00f3 un escrito ante la Unidad de Inteligencia Financiera, sin embargo no existe ning\u00fan tema relevante para nosotros\u201d.<\/p>\n\n\n\n<p class=\"wp-block-paragraph\">Esa respuesta, sin embargo, pareci\u00f3 esconder la intenci\u00f3n real del funcionario federal por encubrir y proteger a la expresidenta municipal de Cuauht\u00e9moc de las serias denuncias de presunta corrupci\u00f3n que se han enfocado en su contra a lo largo de su carrera pol\u00edtica, precisamente a partir de que fungi\u00f3 como alcaldesa.<\/p>\n\n\n\n<p class=\"wp-block-paragraph\">En suma, la trayectoria de Indira se ha visto manchada por diversas anomal\u00edas, entre ellas actos de presunta corrupci\u00f3n, traiciones partidistas, alianzas con el PRI y, ahora, el presunto uso electorero de su puesto como delegada del gobierno federal para tratar de obtener simpat\u00edas que hagan viable su aspiraci\u00f3n por la gubernatura.<\/p>\n\n\n\n<p class=\"wp-block-paragraph\">Pero entre todos los aspectos cuestionables de su conducta como servidora p\u00fablica, no hay que olvidar que el caso Altozano realmente no ha sido investigado a fondo y mucho menos se encuentra concluido, a pesar de tratarse de un asunto antiguo, de cuando Indira Vizca\u00edno fue alcaldesa de Cuauht\u00e9moc, en el trienio 2012-2015.<\/p>\n\n\n\n<p class=\"wp-block-paragraph\">A pesar de que la propia se\u00f1alada como presunta responsable ha ofrecido explicaciones al respecto, en realidad, ese asunto en el que presuntamente se habr\u00edan quebrantado las finanzas municipales no ha sido aclarado a cabalidad ni ha sido procesado por un juez, como deber\u00eda ser.<\/p>\n\n\n\n<p class=\"wp-block-paragraph\">Hasta el momento ha sido evidente que los filtros del Poder Ejecutivo (antes Procuradur\u00eda de Justicia, ahora Fiscal\u00eda), han protegido a Indira Vizca\u00edno, sin consignar la carpeta de investigaci\u00f3n para que \u00e9sta pase a manos de un juez y sea \u00e9ste quien resuelva sobre la situaci\u00f3n jur\u00eddica de la funcionaria federal.<\/p>\n\n\n\n<p class=\"wp-block-paragraph\">Esto saca a relucir el evidente contubernio y la complicidad de Indira Vizca\u00edno con el PRI y con el gobernador Jos\u00e9 Ignacio Peralta S\u00e1nchez, pues s\u00f3lo de esta manera se explica la impunidad de la que ha gozado.<\/p>\n\n\n\n<p class=\"wp-block-paragraph\">En un r\u00e9gimen realmente democr\u00e1tico, deber\u00eda permitirse que se judicialice este tipo de casos, con el prop\u00f3sito de que sea un juez quien emita una resoluci\u00f3n al respecto, como ya ocurri\u00f3 con el caso del exgobernador Mario Anguiano.<\/p>\n\n\n\n<p class=\"wp-block-paragraph\">De lo contrario, la postura encaminada como hasta ahora a mantener la situaci\u00f3n en la opacidad s\u00f3lo contribuir\u00e1 a hacer crecer la incertidumbre y la sospecha, adem\u00e1s del malestar popular, porque los ciudadanos tienen derecho a saber lo que ocurre en torno a la conducta de sus servidores p\u00fablicos.<\/p>\n\n\n\n<p class=\"wp-block-paragraph\">Adem\u00e1s, si el caso se queda abierto e inconcluso, en lo sucesivo seguramente Indira podr\u00eda continuar enfrentando situaciones como la airada protesta de ciudadanos en cualquier acto p\u00fablico donde se presente, como ocurri\u00f3 durante la conferencia magistral de Santiago Nieto.<\/p>\n<div class=\"fb-background-color\">\n\t\t\t  <div \n\t\t\t  \tclass = \"fb-comments\" \n\t\t\t  \tdata-href = \"https:\/\/diarioavanzada.com.mx\/?p=10183\"\n\t\t\t  \tdata-numposts = \"10\"\n\t\t\t  \tdata-lazy = \"true\"\n\t\t\t\tdata-colorscheme = \"light\"\n\t\t\t\tdata-order-by = \"social\"\n\t\t\t\tdata-mobile=true>\n\t\t\t  <\/div><\/div>\n\t\t  <style>\n\t\t    .fb-background-color {\n\t\t\t\tbackground:  !important;\n\t\t\t}\n\t\t\t.fb_iframe_widget_fluid_desktop iframe {\n\t\t\t    width: 100% !important;\n\t\t\t}\n\t\t  <\/style>\n\t\t  ","protected":false},"excerpt":{"rendered":"<p>EDITORIAL&nbsp; En su reciente visita a Colima, el titular de la Unidad de Inteligencia Financiera de la Secretar\u00eda de Hacienda y Cr\u00e9dito P\u00fablico, Santiago Nieto Castillo, dijo que no prosper\u00f3 la denuncia presentada en la instituci\u00f3n a su cargo contra la superdelegada de programas sociales del gobierno federal, Indira Vizca\u00edno Silva. Interrogado por un reportero [&hellip;]<\/p>\n","protected":false},"author":7,"featured_media":8678,"comment_status":"closed","ping_status":"closed","sticky":false,"template":"","format":"standard","meta":{"_coblocks_attr":"","_coblocks_dimensions":"","_coblocks_responsive_height":"","_coblocks_accordion_ie_support":"","_crdt_document":"","advanced_seo_description":"","jetpack_seo_html_title":"","jetpack_seo_noindex":false,"_jetpack_memberships_contains_paid_content":false,"footnotes":""},"categories":[19],"tags":[210],"class_list":["post-10183","post","type-post","status-publish","format-standard","has-post-thumbnail","hentry","category-colima","tag-portada"],"jetpack_featured_media_url":"https:\/\/diarioavanzada.com.mx\/wp-content\/uploads\/2019\/11\/INDILOVERS.jpg","jetpack-related-posts":[],"jetpack_sharing_enabled":true,"amp_enabled":true,"_links":{"self":[{"href":"https:\/\/diarioavanzada.com.mx\/index.php?rest_route=\/wp\/v2\/posts\/10183","targetHints":{"allow":["GET"]}}],"collection":[{"href":"https:\/\/diarioavanzada.com.mx\/index.php?rest_route=\/wp\/v2\/posts"}],"about":[{"href":"https:\/\/diarioavanzada.com.mx\/index.php?rest_route=\/wp\/v2\/types\/post"}],"author":[{"embeddable":true,"href":"https:\/\/diarioavanzada.com.mx\/index.php?rest_route=\/wp\/v2\/users\/7"}],"replies":[{"embeddable":true,"href":"https:\/\/diarioavanzada.com.mx\/index.php?rest_route=%2Fwp%2Fv2%2Fcomments&post=10183"}],"version-history":[{"count":0,"href":"https:\/\/diarioavanzada.com.mx\/index.php?rest_route=\/wp\/v2\/posts\/10183\/revisions"}],"wp:featuredmedia":[{"embeddable":true,"href":"https:\/\/diarioavanzada.com.mx\/index.php?rest_route=\/wp\/v2\/media\/8678"}],"wp:attachment":[{"href":"https:\/\/diarioavanzada.com.mx\/index.php?rest_route=%2Fwp%2Fv2%2Fmedia&parent=10183"}],"wp:term":[{"taxonomy":"category","embeddable":true,"href":"https:\/\/diarioavanzada.com.mx\/index.php?rest_route=%2Fwp%2Fv2%2Fcategories&post=10183"},{"taxonomy":"post_tag","embeddable":true,"href":"https:\/\/diarioavanzada.com.mx\/index.php?rest_route=%2Fwp%2Fv2%2Ftags&post=10183"}],"curies":[{"name":"wp","href":"https:\/\/api.w.org\/{rel}","templated":true}]}}