{"id":101776,"date":"2025-10-03T21:07:02","date_gmt":"2025-10-04T03:07:02","guid":{"rendered":"https:\/\/diarioavanzada.com.mx\/?p=101776"},"modified":"2025-10-03T21:07:02","modified_gmt":"2025-10-04T03:07:02","slug":"derrumbe-obliga-al-cierre-de-la-carretera-comala-san-antonio-en-colima","status":"publish","type":"post","link":"https:\/\/diarioavanzada.com.mx\/?p=101776","title":{"rendered":"Derrumbe obliga al cierre de la carretera Comala\u2013San Antonio en Colima"},"content":{"rendered":"\n<p class=\"p1 wp-block-paragraph\"><em>Derrumbe en el km 19 de la carretera Comala\u2013San Antonio mantiene cerrado el paso en ambos carriles; autoridades trabajan para restablecer la circulaci\u00f3n.&nbsp;<\/em><\/p>\n\n\n\n<p class=\"p1 wp-block-paragraph\">Comala, Colima, Avanzada (03\/10\/2025).- La Unidad Estatal de Protecci\u00f3n Civil (UEPC) del Gobierno del Estado de Colima inform\u00f3 que la carretera Comala\u2013San Antonio permanece cerrada a la circulaci\u00f3n debido a un derrumbe registrado en el kil\u00f3metro 19, ocasionado por las intensas lluvias de las \u00faltimas horas.<\/p>\n\n\n\n<p class=\"p1 wp-block-paragraph\">El deslizamiento de tierra bloque\u00f3 por completo ambos carriles, por lo que de manera inmediata se despleg\u00f3 personal con maquinaria para iniciar los trabajos de remoci\u00f3n y despeje de la v\u00eda.<\/p>\n\n\n\n<p class=\"p1 wp-block-paragraph\">Las autoridades exhortaron a la poblaci\u00f3n a evitar la zona, seguir las indicaciones oficiales y utilizar rutas alternas mientras se restablece el tr\u00e1nsito en su totalidad.<\/p>\n\n\n\n<p class=\"p1 wp-block-paragraph\">Protecci\u00f3n Civil reiter\u00f3 el llamado a extremar precauciones, no exponerse a riesgos innecesarios y contribuir a salvaguardar la integridad propia y de otras personas.<\/p>\n\n\n\n<p class=\"wp-block-paragraph\"><\/p>\n<div class=\"fb-background-color\">\n\t\t\t  <div \n\t\t\t  \tclass = \"fb-comments\" \n\t\t\t  \tdata-href = \"https:\/\/diarioavanzada.com.mx\/?p=101776\"\n\t\t\t  \tdata-numposts = \"10\"\n\t\t\t  \tdata-lazy = \"true\"\n\t\t\t\tdata-colorscheme = \"light\"\n\t\t\t\tdata-order-by = \"social\"\n\t\t\t\tdata-mobile=true>\n\t\t\t  <\/div><\/div>\n\t\t  <style>\n\t\t    .fb-background-color {\n\t\t\t\tbackground:  !important;\n\t\t\t}\n\t\t\t.fb_iframe_widget_fluid_desktop iframe {\n\t\t\t    width: 100% !important;\n\t\t\t}\n\t\t  <\/style>\n\t\t  ","protected":false},"excerpt":{"rendered":"<p>Derrumbe en el km 19 de la carretera Comala\u2013San Antonio mantiene cerrado el paso en ambos carriles; autoridades trabajan para restablecer la circulaci\u00f3n.&nbsp; Comala, Colima, Avanzada (03\/10\/2025).- La Unidad Estatal de Protecci\u00f3n Civil (UEPC) del Gobierno del Estado de Colima inform\u00f3 que la carretera Comala\u2013San Antonio permanece cerrada a la circulaci\u00f3n debido a un derrumbe [&hellip;]<\/p>\n","protected":false},"author":7,"featured_media":101775,"comment_status":"closed","ping_status":"closed","sticky":false,"template":"","format":"standard","meta":{"_coblocks_attr":"","_coblocks_dimensions":"","_coblocks_responsive_height":"","_coblocks_accordion_ie_support":"","_crdt_document":"","advanced_seo_description":"","jetpack_seo_html_title":"","jetpack_seo_noindex":false,"_jetpack_memberships_contains_paid_content":false,"footnotes":""},"categories":[19,209,7,231],"tags":[210],"class_list":["post-101776","post","type-post","status-publish","format-standard","has-post-thumbnail","hentry","category-colima","category-importantes","category-noticias","category-seguridad","tag-portada"],"jetpack_featured_media_url":"https:\/\/diarioavanzada.com.mx\/wp-content\/uploads\/2025\/10\/img_6885.jpg","jetpack-related-posts":[],"jetpack_sharing_enabled":true,"amp_enabled":true,"_links":{"self":[{"href":"https:\/\/diarioavanzada.com.mx\/index.php?rest_route=\/wp\/v2\/posts\/101776","targetHints":{"allow":["GET"]}}],"collection":[{"href":"https:\/\/diarioavanzada.com.mx\/index.php?rest_route=\/wp\/v2\/posts"}],"about":[{"href":"https:\/\/diarioavanzada.com.mx\/index.php?rest_route=\/wp\/v2\/types\/post"}],"author":[{"embeddable":true,"href":"https:\/\/diarioavanzada.com.mx\/index.php?rest_route=\/wp\/v2\/users\/7"}],"replies":[{"embeddable":true,"href":"https:\/\/diarioavanzada.com.mx\/index.php?rest_route=%2Fwp%2Fv2%2Fcomments&post=101776"}],"version-history":[{"count":2,"href":"https:\/\/diarioavanzada.com.mx\/index.php?rest_route=\/wp\/v2\/posts\/101776\/revisions"}],"predecessor-version":[{"id":101778,"href":"https:\/\/diarioavanzada.com.mx\/index.php?rest_route=\/wp\/v2\/posts\/101776\/revisions\/101778"}],"wp:featuredmedia":[{"embeddable":true,"href":"https:\/\/diarioavanzada.com.mx\/index.php?rest_route=\/wp\/v2\/media\/101775"}],"wp:attachment":[{"href":"https:\/\/diarioavanzada.com.mx\/index.php?rest_route=%2Fwp%2Fv2%2Fmedia&parent=101776"}],"wp:term":[{"taxonomy":"category","embeddable":true,"href":"https:\/\/diarioavanzada.com.mx\/index.php?rest_route=%2Fwp%2Fv2%2Fcategories&post=101776"},{"taxonomy":"post_tag","embeddable":true,"href":"https:\/\/diarioavanzada.com.mx\/index.php?rest_route=%2Fwp%2Fv2%2Ftags&post=101776"}],"curies":[{"name":"wp","href":"https:\/\/api.w.org\/{rel}","templated":true}]}}