{"id":101701,"date":"2025-10-03T11:46:07","date_gmt":"2025-10-03T17:46:07","guid":{"rendered":"https:\/\/diarioavanzada.com.mx\/?p=101701"},"modified":"2025-10-03T12:29:48","modified_gmt":"2025-10-03T18:29:48","slug":"detienen-en-colima-a-el-rayo-presunto-jefe-de-plaza-del-cjng-en-la-zona-metropolitana","status":"publish","type":"post","link":"https:\/\/diarioavanzada.com.mx\/?p=101701","title":{"rendered":"Detienen a \u201cEl Rayo\u201d, presunto l\u00edder CJNG en la zona metropolitana de Colima-Villa de \u00c1lvarez"},"content":{"rendered":"\n<p class=\"p1 wp-block-paragraph\"><em>Fuerzas federales detuvieron en Villa de \u00c1lvarez a \u201cEl Rayo\u201d, presunto jefe de plaza del CJNG en Colima; durante el operativo se aseguraron armas, droga y veh\u00edculos.<\/em><\/p>\n\n\n\n<p class=\"p1 wp-block-paragraph\">Colima, M\u00e9xico, Avanzada (03\/10\/2025).- En un operativo conjunto, fuerzas federales detuvieron a un hombre identificado como \u201cEl Rayo\u201d, se\u00f1alado como presunto jefe de plaza del C\u00e1rtel Jalisco Nueva Generaci\u00f3n (CJNG) en la zona metropolitana Colima\u2013Villa de \u00c1lvarez.<\/p>\n\n\n\n<p class=\"p1 wp-block-paragraph\">De acuerdo con un comunicado emitido por el Gabinete de Seguridad, la acci\u00f3n se llev\u00f3 a cabo la tarde del jueves 2 de octubre en dos inmuebles ubicados en el municipio de Villa de \u00c1lvarez, donde participaron elementos de la Guardia Nacional, el Ej\u00e9rcito Mexicano y la Fiscal\u00eda General de la Rep\u00fablica (FGR).<\/p>\n\n\n\n<p class=\"p1 wp-block-paragraph\">Durante los cateos se asegur\u00f3 un arma de fuego corta, un cargador, 18 cartuchos \u00fatiles, diversas dosis de droga y tres veh\u00edculos. Todo lo incautado, as\u00ed como el detenido, fue puesto a disposici\u00f3n del Ministerio P\u00fablico Federal para continuar con las investigaciones y definir su situaci\u00f3n jur\u00eddica.<\/p>\n\n\n\n<p class=\"p1 wp-block-paragraph\">Las autoridades se\u00f1alaron que el operativo se realiz\u00f3 con estricto apego a la legalidad y forma parte de los trabajos de inteligencia encaminados a debilitar a la delincuencia organizada en la entidad.<\/p>\n\n\n\n<p class=\"p1 wp-block-paragraph\">Se prev\u00e9 que en las pr\u00f3ximas horas el Gabinete de Seguridad federal ampl\u00ede la informaci\u00f3n sobre este caso.<\/p>\n\n\n\n<figure class=\"wp-block-image size-large\"><img loading=\"lazy\" decoding=\"async\" width=\"960\" height=\"598\" src=\"https:\/\/diarioavanzada.com.mx\/wp-content\/uploads\/2025\/10\/img_6862.jpg\" alt=\"\" class=\"wp-image-101697\" srcset=\"https:\/\/diarioavanzada.com.mx\/wp-content\/uploads\/2025\/10\/img_6862.jpg 960w, https:\/\/diarioavanzada.com.mx\/wp-content\/uploads\/2025\/10\/img_6862-300x187.jpg 300w, https:\/\/diarioavanzada.com.mx\/wp-content\/uploads\/2025\/10\/img_6862-768x478.jpg 768w\" sizes=\"auto, (max-width: 960px) 100vw, 960px\" \/><\/figure>\n\n\n\n<figure class=\"wp-block-image size-large\"><img loading=\"lazy\" decoding=\"async\" width=\"900\" height=\"977\" src=\"https:\/\/diarioavanzada.com.mx\/wp-content\/uploads\/2025\/10\/img_6864.jpg\" alt=\"\" class=\"wp-image-101698\" srcset=\"https:\/\/diarioavanzada.com.mx\/wp-content\/uploads\/2025\/10\/img_6864.jpg 900w, https:\/\/diarioavanzada.com.mx\/wp-content\/uploads\/2025\/10\/img_6864-276x300.jpg 276w, https:\/\/diarioavanzada.com.mx\/wp-content\/uploads\/2025\/10\/img_6864-768x834.jpg 768w\" sizes=\"auto, (max-width: 900px) 100vw, 900px\" \/><\/figure>\n\n\n\n<figure class=\"wp-block-image size-large\"><img loading=\"lazy\" decoding=\"async\" width=\"900\" height=\"588\" src=\"https:\/\/diarioavanzada.com.mx\/wp-content\/uploads\/2025\/10\/img_6865.jpg\" alt=\"\" class=\"wp-image-101699\" srcset=\"https:\/\/diarioavanzada.com.mx\/wp-content\/uploads\/2025\/10\/img_6865.jpg 900w, https:\/\/diarioavanzada.com.mx\/wp-content\/uploads\/2025\/10\/img_6865-300x196.jpg 300w, https:\/\/diarioavanzada.com.mx\/wp-content\/uploads\/2025\/10\/img_6865-768x502.jpg 768w\" sizes=\"auto, (max-width: 900px) 100vw, 900px\" \/><\/figure>\n<div class=\"fb-background-color\">\n\t\t\t  <div \n\t\t\t  \tclass = \"fb-comments\" \n\t\t\t  \tdata-href = \"https:\/\/diarioavanzada.com.mx\/?p=101701\"\n\t\t\t  \tdata-numposts = \"10\"\n\t\t\t  \tdata-lazy = \"true\"\n\t\t\t\tdata-colorscheme = \"light\"\n\t\t\t\tdata-order-by = \"social\"\n\t\t\t\tdata-mobile=true>\n\t\t\t  <\/div><\/div>\n\t\t  <style>\n\t\t    .fb-background-color {\n\t\t\t\tbackground:  !important;\n\t\t\t}\n\t\t\t.fb_iframe_widget_fluid_desktop iframe {\n\t\t\t    width: 100% !important;\n\t\t\t}\n\t\t  <\/style>\n\t\t  ","protected":false},"excerpt":{"rendered":"<p>Fuerzas federales detuvieron en Villa de \u00c1lvarez a \u201cEl Rayo\u201d, presunto jefe de plaza del CJNG en Colima; durante el operativo se aseguraron armas, droga y veh\u00edculos. Colima, M\u00e9xico, Avanzada (03\/10\/2025).- En un operativo conjunto, fuerzas federales detuvieron a un hombre identificado como \u201cEl Rayo\u201d, se\u00f1alado como presunto jefe de plaza del C\u00e1rtel Jalisco Nueva [&hellip;]<\/p>\n","protected":false},"author":7,"featured_media":101703,"comment_status":"closed","ping_status":"closed","sticky":false,"template":"","format":"standard","meta":{"_coblocks_attr":"","_coblocks_dimensions":"","_coblocks_responsive_height":"","_coblocks_accordion_ie_support":"","_crdt_document":"","advanced_seo_description":"","jetpack_seo_html_title":"","jetpack_seo_noindex":false,"_jetpack_memberships_contains_paid_content":false,"footnotes":""},"categories":[19,209,7,231],"tags":[210],"class_list":["post-101701","post","type-post","status-publish","format-standard","has-post-thumbnail","hentry","category-colima","category-importantes","category-noticias","category-seguridad","tag-portada"],"jetpack_featured_media_url":"https:\/\/diarioavanzada.com.mx\/wp-content\/uploads\/2025\/10\/img_6866.png","jetpack-related-posts":[],"jetpack_sharing_enabled":true,"amp_enabled":true,"_links":{"self":[{"href":"https:\/\/diarioavanzada.com.mx\/index.php?rest_route=\/wp\/v2\/posts\/101701","targetHints":{"allow":["GET"]}}],"collection":[{"href":"https:\/\/diarioavanzada.com.mx\/index.php?rest_route=\/wp\/v2\/posts"}],"about":[{"href":"https:\/\/diarioavanzada.com.mx\/index.php?rest_route=\/wp\/v2\/types\/post"}],"author":[{"embeddable":true,"href":"https:\/\/diarioavanzada.com.mx\/index.php?rest_route=\/wp\/v2\/users\/7"}],"replies":[{"embeddable":true,"href":"https:\/\/diarioavanzada.com.mx\/index.php?rest_route=%2Fwp%2Fv2%2Fcomments&post=101701"}],"version-history":[{"count":2,"href":"https:\/\/diarioavanzada.com.mx\/index.php?rest_route=\/wp\/v2\/posts\/101701\/revisions"}],"predecessor-version":[{"id":101706,"href":"https:\/\/diarioavanzada.com.mx\/index.php?rest_route=\/wp\/v2\/posts\/101701\/revisions\/101706"}],"wp:featuredmedia":[{"embeddable":true,"href":"https:\/\/diarioavanzada.com.mx\/index.php?rest_route=\/wp\/v2\/media\/101703"}],"wp:attachment":[{"href":"https:\/\/diarioavanzada.com.mx\/index.php?rest_route=%2Fwp%2Fv2%2Fmedia&parent=101701"}],"wp:term":[{"taxonomy":"category","embeddable":true,"href":"https:\/\/diarioavanzada.com.mx\/index.php?rest_route=%2Fwp%2Fv2%2Fcategories&post=101701"},{"taxonomy":"post_tag","embeddable":true,"href":"https:\/\/diarioavanzada.com.mx\/index.php?rest_route=%2Fwp%2Fv2%2Ftags&post=101701"}],"curies":[{"name":"wp","href":"https:\/\/api.w.org\/{rel}","templated":true}]}}