{"id":10135,"date":"2020-02-01T10:51:21","date_gmt":"2020-02-01T15:51:21","guid":{"rendered":"https:\/\/diarioavanzada.com.mx\/?p=10135"},"modified":"2020-02-01T10:51:22","modified_gmt":"2020-02-01T15:51:22","slug":"colectivos-acusan-de-inoperante-a-la-comision-estatal-de-busqueda-de-personas","status":"publish","type":"post","link":"https:\/\/diarioavanzada.com.mx\/?p=10135","title":{"rendered":"Colectivos acusan de inoperante a la Comisi\u00f3n Estatal de B\u00fasqueda de Personas"},"content":{"rendered":"\n<p class=\"wp-block-paragraph\">Colima, M\u00e9xico, Avanzada (01\/02\/2020).-&nbsp;Integrantes del Colectivo de B\u00fasqueda de Personas Desaparecidas en el estado de Colima denunciaron la inoperancia de las comisiones de Atenci\u00f3n a V\u00edctimas y de B\u00fasqueda de personas y clamaron una reuni\u00f3n urgente con el secretario general de Gobierno, Arnoldo Ochoa Gonz\u00e1lez.<\/p>\n\n\n\n<p class=\"wp-block-paragraph\">En entrevista, Eva Verduzco \u2013 fundadora del Colectivo-&nbsp; se\u00f1al\u00f3 su frustraci\u00f3n por la forma en la que la autoridad en Colima minimiza el tema de los desaparecidos y la nula atenci\u00f3n para los familiares de las v\u00edctimas.<\/p>\n\n\n\n<p class=\"wp-block-paragraph\">Sostuvo que la Comisi\u00f3n de B\u00fasqueda de Personas&nbsp;a cargo, de Rosa Evelia P\u00e9rez Valdivia no ha hecho pr\u00e1cticamente nada, y para todas las acciones, requiere el apoyo del Colectivo.<\/p>\n\n\n\n<p class=\"wp-block-paragraph\">\u201cQuiere que nosotros metamos los oficios,&nbsp;y que andemos de un lado a otro, cuando esa es una de sus funciones. Nosotros estamos frustrados porque no vemos que avance nada. Desde que se fund\u00f3, no hay ning\u00fan cambio, ni en la b\u00fasqueda, ni en la atenci\u00f3n, ni en la informaci\u00f3n\u201d, dijo.<\/p>\n\n\n\n<p class=\"wp-block-paragraph\">Se\u00f1al\u00f3 que en la misma situaci\u00f3n se encuentra, la Comisi\u00f3n Ejecutiva Estatal de Atenci\u00f3n a V\u00edctimas, \u201cpese a que tiene un presupuesto para atender a las v\u00edctimas, nosotros no hemos recibido, ni poco apoyo, ni mucho apoyo, ni nada. No ha habido nada, y a pesar de que saben que muchos de los integrantes de los colectivos somos personas de escasos recursos, que no tenemos dinero para ir a otros estados a dejar nuestro ADN\u201d.<\/p>\n\n\n\n<p class=\"wp-block-paragraph\">Refiri\u00f3 que en Jalisco se han encontrado cuerpos, y partes humanas, \u201cpero a pesar de la cercan\u00eda, no hemos podido ir por falta de dinero. Es frustrante y desesperante nuestra situaci\u00f3n, y vemos con pesar c\u00f3mo las autoridades juegan con nosotros\u201d, explic\u00f3, Eva Verduzco.<\/p>\n\n\n\n<p class=\"wp-block-paragraph\">Sentenci\u00f3 que por ello es urgente una reuni\u00f3n con el Secretario General de Gobierno, Arnoldo Ochoa Gonz\u00e1lez, a quien le expondr\u00e1n la situaci\u00f3n en la que se encuentran y la inoperancia en la que se encuentran las comisiones que se crearon para apoyar a familiares de los desaparecidos y a las v\u00edctimas.<\/p>\n\n\n\n<p class=\"wp-block-paragraph\">Por otra parte, refiri\u00f3 que cada 15 d\u00edas realizan b\u00fasquedas con autoridades de la Fiscal\u00eda, \u201cha habido hallazgos, pero no me corresponde a m\u00ed informar sobre eso\u201d.<\/p>\n\n\n\n<p class=\"wp-block-paragraph\">Por \u00faltimo, dijo que la camioneta en la que se transportaban se descompuso y ahorita no hay forma de trasladarse, \u201ces lamentable la situaci\u00f3n en la que son tratados los desaparecidos y sus familiares\u201d, concluy\u00f3.&nbsp;<\/p>\n<div class=\"fb-background-color\">\n\t\t\t  <div \n\t\t\t  \tclass = \"fb-comments\" \n\t\t\t  \tdata-href = \"https:\/\/diarioavanzada.com.mx\/?p=10135\"\n\t\t\t  \tdata-numposts = \"10\"\n\t\t\t  \tdata-lazy = \"true\"\n\t\t\t\tdata-colorscheme = \"light\"\n\t\t\t\tdata-order-by = \"social\"\n\t\t\t\tdata-mobile=true>\n\t\t\t  <\/div><\/div>\n\t\t  <style>\n\t\t    .fb-background-color {\n\t\t\t\tbackground:  !important;\n\t\t\t}\n\t\t\t.fb_iframe_widget_fluid_desktop iframe {\n\t\t\t    width: 100% !important;\n\t\t\t}\n\t\t  <\/style>\n\t\t  ","protected":false},"excerpt":{"rendered":"<p>Colima, M\u00e9xico, Avanzada (01\/02\/2020).-&nbsp;Integrantes del Colectivo de B\u00fasqueda de Personas Desaparecidas en el estado de Colima denunciaron la inoperancia de las comisiones de Atenci\u00f3n a V\u00edctimas y de B\u00fasqueda de personas y clamaron una reuni\u00f3n urgente con el secretario general de Gobierno, Arnoldo Ochoa Gonz\u00e1lez. En entrevista, Eva Verduzco \u2013 fundadora del Colectivo-&nbsp; se\u00f1al\u00f3 su [&hellip;]<\/p>\n","protected":false},"author":5,"featured_media":10136,"comment_status":"closed","ping_status":"closed","sticky":false,"template":"","format":"standard","meta":{"_coblocks_attr":"","_coblocks_dimensions":"","_coblocks_responsive_height":"","_coblocks_accordion_ie_support":"","_crdt_document":"","advanced_seo_description":"","jetpack_seo_html_title":"","jetpack_seo_noindex":false,"_jetpack_memberships_contains_paid_content":false,"footnotes":""},"categories":[19],"tags":[275,210],"class_list":["post-10135","post","type-post","status-publish","format-standard","has-post-thumbnail","hentry","category-colima","tag-desaparecidos","tag-portada"],"jetpack_featured_media_url":"https:\/\/diarioavanzada.com.mx\/wp-content\/uploads\/2020\/02\/Rosa-Evelia.jpg","jetpack-related-posts":[],"jetpack_sharing_enabled":true,"amp_enabled":true,"_links":{"self":[{"href":"https:\/\/diarioavanzada.com.mx\/index.php?rest_route=\/wp\/v2\/posts\/10135","targetHints":{"allow":["GET"]}}],"collection":[{"href":"https:\/\/diarioavanzada.com.mx\/index.php?rest_route=\/wp\/v2\/posts"}],"about":[{"href":"https:\/\/diarioavanzada.com.mx\/index.php?rest_route=\/wp\/v2\/types\/post"}],"author":[{"embeddable":true,"href":"https:\/\/diarioavanzada.com.mx\/index.php?rest_route=\/wp\/v2\/users\/5"}],"replies":[{"embeddable":true,"href":"https:\/\/diarioavanzada.com.mx\/index.php?rest_route=%2Fwp%2Fv2%2Fcomments&post=10135"}],"version-history":[{"count":0,"href":"https:\/\/diarioavanzada.com.mx\/index.php?rest_route=\/wp\/v2\/posts\/10135\/revisions"}],"wp:featuredmedia":[{"embeddable":true,"href":"https:\/\/diarioavanzada.com.mx\/index.php?rest_route=\/wp\/v2\/media\/10136"}],"wp:attachment":[{"href":"https:\/\/diarioavanzada.com.mx\/index.php?rest_route=%2Fwp%2Fv2%2Fmedia&parent=10135"}],"wp:term":[{"taxonomy":"category","embeddable":true,"href":"https:\/\/diarioavanzada.com.mx\/index.php?rest_route=%2Fwp%2Fv2%2Fcategories&post=10135"},{"taxonomy":"post_tag","embeddable":true,"href":"https:\/\/diarioavanzada.com.mx\/index.php?rest_route=%2Fwp%2Fv2%2Ftags&post=10135"}],"curies":[{"name":"wp","href":"https:\/\/api.w.org\/{rel}","templated":true}]}}