{"id":101324,"date":"2025-09-30T04:48:31","date_gmt":"2025-09-30T10:48:31","guid":{"rendered":"https:\/\/diarioavanzada.com.mx\/?p=101324"},"modified":"2025-09-30T04:48:31","modified_gmt":"2025-09-30T10:48:31","slug":"tecoman-epicentro-de-entierros-ilegales-durante-el-sexenio-de-amlo","status":"publish","type":"post","link":"https:\/\/diarioavanzada.com.mx\/?p=101324","title":{"rendered":"Tecom\u00e1n, epicentro de entierros ilegales durante el sexenio de AMLO"},"content":{"rendered":"\n<p class=\"p1 wp-block-paragraph\">Colima, M\u00e9xico, Avanzada (30\/09\/2025).- El mapa interactivo sobre hallazgos de fosas clandestinas en M\u00e9xico revel\u00f3 que Tecom\u00e1n, en Colima, fue el municipio con m\u00e1s entierros ilegales localizados durante el sexenio del presidente Andr\u00e9s Manuel L\u00f3pez Obrador. La informaci\u00f3n, que evidenciaba la magnitud de la violencia en la zona costera, coloc\u00f3 a este municipio como el mayor cementerio clandestino del pa\u00eds.<\/p>\n\n\n\n<p class=\"p1 wp-block-paragraph\">Tan s\u00f3lo en 2023, Colima rompi\u00f3 r\u00e9cord con la mayor cifra anual de cuerpos recuperados: 128 v\u00edctimas sepultadas en 87 fosas, de acuerdo con datos de la Fiscal\u00eda General del Estado y del entonces vocero de la Mesa de Coordinaci\u00f3n Estatal para la Construcci\u00f3n de la Paz y la Seguridad, Francisco Javier Almaz\u00e1n Torres.<\/p>\n\n\n\n<p class=\"p1 wp-block-paragraph\">En diciembre de 2022, en la comunidad de Madrid, tambi\u00e9n en Tecom\u00e1n, fueron hallados restos de 22 personas en 20 fosas clandestinas, lo que elev\u00f3 ese a\u00f1o el total estatal a 117 cuerpos y 97 entierros ilegales. Estos hallazgos confirmaron la crisis humanitaria que vive Colima y la recurrencia con la que grupos criminales han utilizado este territorio como punto de inhumaci\u00f3n clandestina.<\/p>\n\n\n\n<p class=\"p1 wp-block-paragraph\">Sin embargo, a inicios de 2025, el gobierno federal deshabilit\u00f3 la plataforma que permit\u00eda a cualquier ciudadano conocer la ubicaci\u00f3n y n\u00famero de fosas descubiertas en todo el pa\u00eds. El mapa, nutrido con datos de la Comisi\u00f3n Nacional de B\u00fasqueda y de las fiscal\u00edas locales, ya no est\u00e1 disponible p\u00fablicamente.<\/p>\n\n\n\n<p class=\"p1 wp-block-paragraph\">En Colima, adem\u00e1s, se suspendieron de manera abrupta los informes semanales que ofrec\u00eda la Mesa de Seguridad, que complementaban los datos oficiales del Secretariado Ejecutivo del Sistema Nacional de Seguridad P\u00fablica. La decisi\u00f3n dej\u00f3 a la poblaci\u00f3n sin informaci\u00f3n m\u00e1s detallada sobre la din\u00e1mica delictiva en la entidad.<\/p>\n\n\n\n<p class=\"p1 wp-block-paragraph\">Ante la falta de transparencia, organizaciones civiles y medios internacionales como Deutsche Welle (DW) y el proyecto A d\u00f3nde van los desaparecidos han levantado sus propias bases de datos a partir de solicitudes de informaci\u00f3n y reportes de prensa, con el objetivo de documentar y visibilizar la crisis de desapariciones y violencia que atraviesa el pa\u00eds.<\/p>\n\n\n\n<p class=\"p1 wp-block-paragraph\">Hasta abril de 2023, antes de que el mapa fuera inhabilitado, se hab\u00edan contabilizado 5 mil 698 fosas clandestinas en M\u00e9xico. Los principales estados afectados eran Veracruz, Tamaulipas, Colima, Sinaloa, Guerrero y Chihuahua, entidades que concentran los mayores niveles de violencia asociada al crimen organizado.<\/p>\n\n\n\n<p class=\"p1 wp-block-paragraph\"><\/p>\n<div class=\"fb-background-color\">\n\t\t\t  <div \n\t\t\t  \tclass = \"fb-comments\" \n\t\t\t  \tdata-href = \"https:\/\/diarioavanzada.com.mx\/?p=101324\"\n\t\t\t  \tdata-numposts = \"10\"\n\t\t\t  \tdata-lazy = \"true\"\n\t\t\t\tdata-colorscheme = \"light\"\n\t\t\t\tdata-order-by = \"social\"\n\t\t\t\tdata-mobile=true>\n\t\t\t  <\/div><\/div>\n\t\t  <style>\n\t\t    .fb-background-color {\n\t\t\t\tbackground:  !important;\n\t\t\t}\n\t\t\t.fb_iframe_widget_fluid_desktop iframe {\n\t\t\t    width: 100% !important;\n\t\t\t}\n\t\t  <\/style>\n\t\t  ","protected":false},"excerpt":{"rendered":"<p>Colima, M\u00e9xico, Avanzada (30\/09\/2025).- El mapa interactivo sobre hallazgos de fosas clandestinas en M\u00e9xico revel\u00f3 que Tecom\u00e1n, en Colima, fue el municipio con m\u00e1s entierros ilegales localizados durante el sexenio del presidente Andr\u00e9s Manuel L\u00f3pez Obrador. La informaci\u00f3n, que evidenciaba la magnitud de la violencia en la zona costera, coloc\u00f3 a este municipio como el [&hellip;]<\/p>\n","protected":false},"author":5,"featured_media":101323,"comment_status":"closed","ping_status":"closed","sticky":false,"template":"","format":"standard","meta":{"_coblocks_attr":"","_coblocks_dimensions":"","_coblocks_responsive_height":"","_coblocks_accordion_ie_support":"","_crdt_document":"","advanced_seo_description":"","jetpack_seo_html_title":"","jetpack_seo_noindex":false,"_jetpack_memberships_contains_paid_content":false,"footnotes":""},"categories":[19,209,7,231],"tags":[210],"class_list":["post-101324","post","type-post","status-publish","format-standard","has-post-thumbnail","hentry","category-colima","category-importantes","category-noticias","category-seguridad","tag-portada"],"jetpack_featured_media_url":"https:\/\/diarioavanzada.com.mx\/wp-content\/uploads\/2025\/09\/img_1536.jpg","jetpack-related-posts":[],"jetpack_sharing_enabled":true,"amp_enabled":true,"_links":{"self":[{"href":"https:\/\/diarioavanzada.com.mx\/index.php?rest_route=\/wp\/v2\/posts\/101324","targetHints":{"allow":["GET"]}}],"collection":[{"href":"https:\/\/diarioavanzada.com.mx\/index.php?rest_route=\/wp\/v2\/posts"}],"about":[{"href":"https:\/\/diarioavanzada.com.mx\/index.php?rest_route=\/wp\/v2\/types\/post"}],"author":[{"embeddable":true,"href":"https:\/\/diarioavanzada.com.mx\/index.php?rest_route=\/wp\/v2\/users\/5"}],"replies":[{"embeddable":true,"href":"https:\/\/diarioavanzada.com.mx\/index.php?rest_route=%2Fwp%2Fv2%2Fcomments&post=101324"}],"version-history":[{"count":0,"href":"https:\/\/diarioavanzada.com.mx\/index.php?rest_route=\/wp\/v2\/posts\/101324\/revisions"}],"wp:featuredmedia":[{"embeddable":true,"href":"https:\/\/diarioavanzada.com.mx\/index.php?rest_route=\/wp\/v2\/media\/101323"}],"wp:attachment":[{"href":"https:\/\/diarioavanzada.com.mx\/index.php?rest_route=%2Fwp%2Fv2%2Fmedia&parent=101324"}],"wp:term":[{"taxonomy":"category","embeddable":true,"href":"https:\/\/diarioavanzada.com.mx\/index.php?rest_route=%2Fwp%2Fv2%2Fcategories&post=101324"},{"taxonomy":"post_tag","embeddable":true,"href":"https:\/\/diarioavanzada.com.mx\/index.php?rest_route=%2Fwp%2Fv2%2Ftags&post=101324"}],"curies":[{"name":"wp","href":"https:\/\/api.w.org\/{rel}","templated":true}]}}