{"id":101322,"date":"2025-09-29T22:00:28","date_gmt":"2025-09-30T04:00:28","guid":{"rendered":"https:\/\/diarioavanzada.com.mx\/?p=101322"},"modified":"2025-09-29T22:00:28","modified_gmt":"2025-09-30T04:00:28","slug":"uepc-atiende-choque-entre-trailer-y-camioneta-en-el-libramiento-ejercito-mexicano","status":"publish","type":"post","link":"https:\/\/diarioavanzada.com.mx\/?p=101322","title":{"rendered":"UEPC atiende choque entre tr\u00e1iler y camioneta en el Libramiento Ej\u00e9rcito Mexicano"},"content":{"rendered":"\n<p class=\"p1 wp-block-paragraph\">Colima, M\u00e9xico, Avanzada (29\/09\/2025).- La Unidad Estatal de Protecci\u00f3n Civil (UEPC) del Gobierno del Estado de Colima inform\u00f3 que la noche de este lunes se registr\u00f3 un accidente en el Libramiento Ej\u00e9rcito Mexicano, a pocos metros de la intersecci\u00f3n con el bulevar Carlos de la Madrid B\u00e9jar, en direcci\u00f3n de sur a norte.<\/p>\n\n\n\n<p class=\"p3 wp-block-paragraph\">En el percance estuvieron involucrados un tr\u00e1iler y una camioneta tipo pick up; sin embargo, ninguno de los conductores result\u00f3 con lesiones de gravedad, siendo valorados en el lugar por personal de auxilio.<\/p>\n\n\n\n<p class=\"p3 wp-block-paragraph\">De acuerdo con la dependencia, el hecho no afect\u00f3 la circulaci\u00f3n sobre la vialidad principal, aunque la incorporaci\u00f3n hacia el libramiento se vio comprometida de manera parcial. El tr\u00e1nsito vehicular se mantuvo fluido gracias al apoyo de elementos de seguridad y vialidad que acudieron al sitio.<\/p>\n\n\n\n<p class=\"p3 wp-block-paragraph\">La UEPC reiter\u00f3 el llamado a la poblaci\u00f3n a conducir con precauci\u00f3n, respetar los l\u00edmites de velocidad y atender las indicaciones de las autoridades para prevenir accidentes y proteger la integridad de quienes circulan en la red carretera estatal.<\/p>\n\n\n\n<figure class=\"wp-block-image\"><img loading=\"lazy\" decoding=\"async\" width=\"576\" height=\"1024\" src=\"https:\/\/diarioavanzada.com.mx\/wp-content\/uploads\/2025\/09\/72c4a0bc-2927-4b5c-bdc8-876b8cad5c70-70398-00000fd3978c7632_file-576x1024.jpg\" alt=\"\" class=\"wp-image-101319\" srcset=\"https:\/\/diarioavanzada.com.mx\/wp-content\/uploads\/2025\/09\/72c4a0bc-2927-4b5c-bdc8-876b8cad5c70-70398-00000fd3978c7632_file-576x1024.jpg 576w, https:\/\/diarioavanzada.com.mx\/wp-content\/uploads\/2025\/09\/72c4a0bc-2927-4b5c-bdc8-876b8cad5c70-70398-00000fd3978c7632_file-169x300.jpg 169w, https:\/\/diarioavanzada.com.mx\/wp-content\/uploads\/2025\/09\/72c4a0bc-2927-4b5c-bdc8-876b8cad5c70-70398-00000fd3978c7632_file-768x1365.jpg 768w, https:\/\/diarioavanzada.com.mx\/wp-content\/uploads\/2025\/09\/72c4a0bc-2927-4b5c-bdc8-876b8cad5c70-70398-00000fd3978c7632_file-864x1536.jpg 864w, https:\/\/diarioavanzada.com.mx\/wp-content\/uploads\/2025\/09\/72c4a0bc-2927-4b5c-bdc8-876b8cad5c70-70398-00000fd3978c7632_file.jpg 1125w\" sizes=\"auto, (max-width: 576px) 100vw, 576px\" \/><\/figure>\n\n\n\n<figure class=\"wp-block-image\"><img loading=\"lazy\" decoding=\"async\" width=\"576\" height=\"1024\" src=\"https:\/\/diarioavanzada.com.mx\/wp-content\/uploads\/2025\/09\/789f45b5-f18d-4e4c-ab52-eae7efa94627-70398-00000fd3979b016a_file-576x1024.jpg\" alt=\"\" class=\"wp-image-101320\" srcset=\"https:\/\/diarioavanzada.com.mx\/wp-content\/uploads\/2025\/09\/789f45b5-f18d-4e4c-ab52-eae7efa94627-70398-00000fd3979b016a_file-576x1024.jpg 576w, https:\/\/diarioavanzada.com.mx\/wp-content\/uploads\/2025\/09\/789f45b5-f18d-4e4c-ab52-eae7efa94627-70398-00000fd3979b016a_file-169x300.jpg 169w, https:\/\/diarioavanzada.com.mx\/wp-content\/uploads\/2025\/09\/789f45b5-f18d-4e4c-ab52-eae7efa94627-70398-00000fd3979b016a_file-768x1365.jpg 768w, https:\/\/diarioavanzada.com.mx\/wp-content\/uploads\/2025\/09\/789f45b5-f18d-4e4c-ab52-eae7efa94627-70398-00000fd3979b016a_file-864x1536.jpg 864w, https:\/\/diarioavanzada.com.mx\/wp-content\/uploads\/2025\/09\/789f45b5-f18d-4e4c-ab52-eae7efa94627-70398-00000fd3979b016a_file.jpg 1125w\" sizes=\"auto, (max-width: 576px) 100vw, 576px\" \/><\/figure>\n<div class=\"fb-background-color\">\n\t\t\t  <div \n\t\t\t  \tclass = \"fb-comments\" \n\t\t\t  \tdata-href = \"https:\/\/diarioavanzada.com.mx\/?p=101322\"\n\t\t\t  \tdata-numposts = \"10\"\n\t\t\t  \tdata-lazy = \"true\"\n\t\t\t\tdata-colorscheme = \"light\"\n\t\t\t\tdata-order-by = \"social\"\n\t\t\t\tdata-mobile=true>\n\t\t\t  <\/div><\/div>\n\t\t  <style>\n\t\t    .fb-background-color {\n\t\t\t\tbackground:  !important;\n\t\t\t}\n\t\t\t.fb_iframe_widget_fluid_desktop iframe {\n\t\t\t    width: 100% !important;\n\t\t\t}\n\t\t  <\/style>\n\t\t  ","protected":false},"excerpt":{"rendered":"<p>Colima, M\u00e9xico, Avanzada (29\/09\/2025).- La Unidad Estatal de Protecci\u00f3n Civil (UEPC) del Gobierno del Estado de Colima inform\u00f3 que la noche de este lunes se registr\u00f3 un accidente en el Libramiento Ej\u00e9rcito Mexicano, a pocos metros de la intersecci\u00f3n con el bulevar Carlos de la Madrid B\u00e9jar, en direcci\u00f3n de sur a norte. En el [&hellip;]<\/p>\n","protected":false},"author":7,"featured_media":101321,"comment_status":"closed","ping_status":"closed","sticky":false,"template":"","format":"standard","meta":{"_coblocks_attr":"","_coblocks_dimensions":"","_coblocks_responsive_height":"","_coblocks_accordion_ie_support":"","_crdt_document":"","advanced_seo_description":"","jetpack_seo_html_title":"","jetpack_seo_noindex":false,"_jetpack_memberships_contains_paid_content":false,"footnotes":""},"categories":[19,209,7,231],"tags":[210],"class_list":["post-101322","post","type-post","status-publish","format-standard","has-post-thumbnail","hentry","category-colima","category-importantes","category-noticias","category-seguridad","tag-portada"],"jetpack_featured_media_url":"https:\/\/diarioavanzada.com.mx\/wp-content\/uploads\/2025\/09\/a535d52a-467c-4cce-a1c2-fdca1686a535-70398-00000fd397a729c0_file.jpg","jetpack-related-posts":[],"jetpack_sharing_enabled":true,"amp_enabled":true,"_links":{"self":[{"href":"https:\/\/diarioavanzada.com.mx\/index.php?rest_route=\/wp\/v2\/posts\/101322","targetHints":{"allow":["GET"]}}],"collection":[{"href":"https:\/\/diarioavanzada.com.mx\/index.php?rest_route=\/wp\/v2\/posts"}],"about":[{"href":"https:\/\/diarioavanzada.com.mx\/index.php?rest_route=\/wp\/v2\/types\/post"}],"author":[{"embeddable":true,"href":"https:\/\/diarioavanzada.com.mx\/index.php?rest_route=\/wp\/v2\/users\/7"}],"replies":[{"embeddable":true,"href":"https:\/\/diarioavanzada.com.mx\/index.php?rest_route=%2Fwp%2Fv2%2Fcomments&post=101322"}],"version-history":[{"count":0,"href":"https:\/\/diarioavanzada.com.mx\/index.php?rest_route=\/wp\/v2\/posts\/101322\/revisions"}],"wp:featuredmedia":[{"embeddable":true,"href":"https:\/\/diarioavanzada.com.mx\/index.php?rest_route=\/wp\/v2\/media\/101321"}],"wp:attachment":[{"href":"https:\/\/diarioavanzada.com.mx\/index.php?rest_route=%2Fwp%2Fv2%2Fmedia&parent=101322"}],"wp:term":[{"taxonomy":"category","embeddable":true,"href":"https:\/\/diarioavanzada.com.mx\/index.php?rest_route=%2Fwp%2Fv2%2Fcategories&post=101322"},{"taxonomy":"post_tag","embeddable":true,"href":"https:\/\/diarioavanzada.com.mx\/index.php?rest_route=%2Fwp%2Fv2%2Ftags&post=101322"}],"curies":[{"name":"wp","href":"https:\/\/api.w.org\/{rel}","templated":true}]}}