{"id":101262,"date":"2025-09-29T14:33:08","date_gmt":"2025-09-29T20:33:08","guid":{"rendered":"https:\/\/diarioavanzada.com.mx\/?p=101262"},"modified":"2025-09-29T14:36:09","modified_gmt":"2025-09-29T20:36:09","slug":"vinculan-a-menor-de-edad-presunto-homicida-multiple-en-la-panaderia-el-pichon","status":"publish","type":"post","link":"https:\/\/diarioavanzada.com.mx\/?p=101262","title":{"rendered":"Vinculan a menor de edad: presunto homicida m\u00faltiple en la panader\u00eda \u201cEl Pich\u00f3n\u201d"},"content":{"rendered":"\n<p class=\"p1 wp-block-paragraph\">Colima, M\u00e9xico, Avanzada (29\/09\/2025).- La Fiscal\u00eda General del Estado (FGE) inform\u00f3 sobre la detenci\u00f3n y vinculaci\u00f3n a proceso de una segunda persona, en este caso menor de edad, se\u00f1alado como presunto responsable en el homicidio m\u00faltiple ocurrido el pasado 2 de septiembre dentro de la panader\u00eda \u201cEl Pich\u00f3n\u201d, en la ciudad de Colima.<\/p>\n\n\n\n<p class=\"p1 wp-block-paragraph\">El detenido fue identificado como Juan Manuel \u201cN\u201d, quien es acusado de su probable participaci\u00f3n en los delitos de homicidio calificado en agravio de cinco hombres y una mujer, as\u00ed como de homicidio calificado en grado de tentativa en perjuicio de dos personas m\u00e1s que resultaron lesionadas durante el ataque.<\/p>\n\n\n\n<p class=\"p1 wp-block-paragraph\">De acuerdo con la FGE, su detenci\u00f3n se concret\u00f3 gracias a labores de inteligencia e investigaci\u00f3n desarrolladas a ra\u00edz de los hechos que conmocionaron a la capital colimense.<\/p>\n\n\n\n<p class=\"p1 wp-block-paragraph\">En audiencia, un Juez de Control determin\u00f3 vincularlo a proceso e imponerle la medida cautelar de internamiento preventivo, en tanto contin\u00faan las investigaciones complementarias para esclarecer totalmente lo sucedido.<\/p>\n\n\n\n<p class=\"p1 wp-block-paragraph\">c: La Fiscal\u00eda de Colima confirm\u00f3 la detenci\u00f3n de un segundo menor de edad vinculado con el ataque en la panader\u00eda \u201cEl Pich\u00f3n\u201d, donde seis personas fueron asesinadas y dos m\u00e1s resultaron heridas.<\/p>\n<div class=\"fb-background-color\">\n\t\t\t  <div \n\t\t\t  \tclass = \"fb-comments\" \n\t\t\t  \tdata-href = \"https:\/\/diarioavanzada.com.mx\/?p=101262\"\n\t\t\t  \tdata-numposts = \"10\"\n\t\t\t  \tdata-lazy = \"true\"\n\t\t\t\tdata-colorscheme = \"light\"\n\t\t\t\tdata-order-by = \"social\"\n\t\t\t\tdata-mobile=true>\n\t\t\t  <\/div><\/div>\n\t\t  <style>\n\t\t    .fb-background-color {\n\t\t\t\tbackground:  !important;\n\t\t\t}\n\t\t\t.fb_iframe_widget_fluid_desktop iframe {\n\t\t\t    width: 100% !important;\n\t\t\t}\n\t\t  <\/style>\n\t\t  ","protected":false},"excerpt":{"rendered":"<p>Colima, M\u00e9xico, Avanzada (29\/09\/2025).- La Fiscal\u00eda General del Estado (FGE) inform\u00f3 sobre la detenci\u00f3n y vinculaci\u00f3n a proceso de una segunda persona, en este caso menor de edad, se\u00f1alado como presunto responsable en el homicidio m\u00faltiple ocurrido el pasado 2 de septiembre dentro de la panader\u00eda \u201cEl Pich\u00f3n\u201d, en la ciudad de Colima. El detenido [&hellip;]<\/p>\n","protected":false},"author":7,"featured_media":101265,"comment_status":"closed","ping_status":"closed","sticky":false,"template":"","format":"standard","meta":{"_coblocks_attr":"","_coblocks_dimensions":"","_coblocks_responsive_height":"","_coblocks_accordion_ie_support":"","_crdt_document":"","advanced_seo_description":"","jetpack_seo_html_title":"","jetpack_seo_noindex":false,"_jetpack_memberships_contains_paid_content":false,"footnotes":""},"categories":[19,209,7,231],"tags":[210],"class_list":["post-101262","post","type-post","status-publish","format-standard","has-post-thumbnail","hentry","category-colima","category-importantes","category-noticias","category-seguridad","tag-portada"],"jetpack_featured_media_url":"https:\/\/diarioavanzada.com.mx\/wp-content\/uploads\/2025\/09\/img_1490.jpg","jetpack-related-posts":[],"jetpack_sharing_enabled":true,"amp_enabled":true,"_links":{"self":[{"href":"https:\/\/diarioavanzada.com.mx\/index.php?rest_route=\/wp\/v2\/posts\/101262","targetHints":{"allow":["GET"]}}],"collection":[{"href":"https:\/\/diarioavanzada.com.mx\/index.php?rest_route=\/wp\/v2\/posts"}],"about":[{"href":"https:\/\/diarioavanzada.com.mx\/index.php?rest_route=\/wp\/v2\/types\/post"}],"author":[{"embeddable":true,"href":"https:\/\/diarioavanzada.com.mx\/index.php?rest_route=\/wp\/v2\/users\/7"}],"replies":[{"embeddable":true,"href":"https:\/\/diarioavanzada.com.mx\/index.php?rest_route=%2Fwp%2Fv2%2Fcomments&post=101262"}],"version-history":[{"count":1,"href":"https:\/\/diarioavanzada.com.mx\/index.php?rest_route=\/wp\/v2\/posts\/101262\/revisions"}],"predecessor-version":[{"id":101263,"href":"https:\/\/diarioavanzada.com.mx\/index.php?rest_route=\/wp\/v2\/posts\/101262\/revisions\/101263"}],"wp:featuredmedia":[{"embeddable":true,"href":"https:\/\/diarioavanzada.com.mx\/index.php?rest_route=\/wp\/v2\/media\/101265"}],"wp:attachment":[{"href":"https:\/\/diarioavanzada.com.mx\/index.php?rest_route=%2Fwp%2Fv2%2Fmedia&parent=101262"}],"wp:term":[{"taxonomy":"category","embeddable":true,"href":"https:\/\/diarioavanzada.com.mx\/index.php?rest_route=%2Fwp%2Fv2%2Fcategories&post=101262"},{"taxonomy":"post_tag","embeddable":true,"href":"https:\/\/diarioavanzada.com.mx\/index.php?rest_route=%2Fwp%2Fv2%2Ftags&post=101262"}],"curies":[{"name":"wp","href":"https:\/\/api.w.org\/{rel}","templated":true}]}}