{"id":10115,"date":"2020-01-31T11:38:21","date_gmt":"2020-01-31T16:38:21","guid":{"rendered":"https:\/\/diarioavanzada.com.mx\/?p=10115"},"modified":"2020-01-31T11:38:23","modified_gmt":"2020-01-31T16:38:23","slug":"opaca-y-sin-resultados-la-comision-de-victimas-en-colima","status":"publish","type":"post","link":"https:\/\/diarioavanzada.com.mx\/?p=10115","title":{"rendered":"Opaca y sin resultados la Comisi\u00f3n de V\u00edctimas en Colima"},"content":{"rendered":"\n<p class=\"wp-block-paragraph\">Colima, M\u00e9xico, Avanzada (31\/01\/2020).- A tres a\u00f1os de su constituci\u00f3n, la Comisi\u00f3n Ejecutiva Estatal de Atenci\u00f3n a V\u00edctimas (CEAV) acumula quejas por su deficiente actuaci\u00f3n, su opacidad financiera y administrativa.<\/p>\n\n\n\n<p class=\"wp-block-paragraph\">El Colectivo de B\u00fasqueda de Personas Desaparecidas en el Estado de Colima se\u00f1al\u00f3 que la CEAV no los ha apoyado, y ni si quiera les ha permitido tener acceso al recurso que se encuentra presupuestado dentro del Fondo de Atenci\u00f3n a V\u00edctimas,&nbsp; para poder costear las pruebas de ADN, y la b\u00fasquedas de los desaparecidos.<\/p>\n\n\n\n<p class=\"wp-block-paragraph\">Al igual que el Colectivo de B\u00fasqueda,&nbsp; el ciudadano Apolonio N\u00fa\u00f1ez \u2013quien fue declarado v\u00edctima por un juez-&nbsp; ha declarado en diversas ocasiones, que la CEAV, por tres a\u00f1os consecutivos ha sido incapaz de ejercer los recursos que presupuesta el Congreso del Estado para atender a las v\u00edctimas.<\/p>\n\n\n\n<p class=\"wp-block-paragraph\">Incluso, el 26 de marzo del a\u00f1o pasado dijo, \u201cni si quiera se ha creado el Fideicomiso que marca la ley para que puedan ejercer el presupuesto que otorga el Congreso del Estado para atender a las V\u00edctimas, as\u00ed es que ese dinero se pierde, porque no se ejerce\u201d.<\/p>\n\n\n\n<p class=\"wp-block-paragraph\">CEAV VIOLENTA LA LEY DE TRANSPARENCIA<\/p>\n\n\n\n<p class=\"wp-block-paragraph\">La Comisi\u00f3n Ejecutiva Estatal de Atenci\u00f3n a V\u00edctimas, que preside, Myrna Indhira Vizca\u00edno Jim\u00e9nez,&nbsp; recibe recursos p\u00fablicos para su funcionamiento, sin embargo, la p\u00e1gina de Transparencia de dicha instituci\u00f3n no proporciona la informaci\u00f3n que por ley est\u00e1n obligados a transparentar.<\/p>\n\n\n\n<p class=\"wp-block-paragraph\">Lo anterior violenta el art\u00edculo 29 de la Ley de Transparencia, sin que hasta el momento, el instituto encargado de velar por el cumplimiento de dicha ley se pronuncie ante la falta de informaci\u00f3n.<\/p>\n\n\n\n<p class=\"wp-block-paragraph\">Por ejemplo, en el rubro de remuneraciones aparece la leyenda, \u201cnos encontramos apegados a \u00e1rea central, por lo tanto, ellos presentan esta informaci\u00f3n\u201d; no obstante, en dicha p\u00e1gina no se anexa el enlace donde se encuentra la informaci\u00f3n y tampoco se especifica qu\u00e9 dependencia es el \u00e1rea central al que hacen referencia, aunque se colige que es la Secretar\u00eda General de Gobierno.<\/p>\n\n\n\n<p class=\"wp-block-paragraph\">De igual forma no aparece el manual de perfiles de los servidores p\u00fablicos y se se\u00f1ala que \u00e9ste se encuentra en revisi\u00f3n;&nbsp; tampoco se encuentra la informaci\u00f3n relacionada con vi\u00e1ticos, comisiones o gastos de representaci\u00f3n.<\/p>\n<div class=\"fb-background-color\">\n\t\t\t  <div \n\t\t\t  \tclass = \"fb-comments\" \n\t\t\t  \tdata-href = \"https:\/\/diarioavanzada.com.mx\/?p=10115\"\n\t\t\t  \tdata-numposts = \"10\"\n\t\t\t  \tdata-lazy = \"true\"\n\t\t\t\tdata-colorscheme = \"light\"\n\t\t\t\tdata-order-by = \"social\"\n\t\t\t\tdata-mobile=true>\n\t\t\t  <\/div><\/div>\n\t\t  <style>\n\t\t    .fb-background-color {\n\t\t\t\tbackground:  !important;\n\t\t\t}\n\t\t\t.fb_iframe_widget_fluid_desktop iframe {\n\t\t\t    width: 100% !important;\n\t\t\t}\n\t\t  <\/style>\n\t\t  ","protected":false},"excerpt":{"rendered":"<p>Colima, M\u00e9xico, Avanzada (31\/01\/2020).- A tres a\u00f1os de su constituci\u00f3n, la Comisi\u00f3n Ejecutiva Estatal de Atenci\u00f3n a V\u00edctimas (CEAV) acumula quejas por su deficiente actuaci\u00f3n, su opacidad financiera y administrativa. El Colectivo de B\u00fasqueda de Personas Desaparecidas en el Estado de Colima se\u00f1al\u00f3 que la CEAV no los ha apoyado, y ni si quiera les [&hellip;]<\/p>\n","protected":false},"author":5,"featured_media":6996,"comment_status":"closed","ping_status":"closed","sticky":false,"template":"","format":"standard","meta":{"_coblocks_attr":"","_coblocks_dimensions":"","_coblocks_responsive_height":"","_coblocks_accordion_ie_support":"","_crdt_document":"","advanced_seo_description":"","jetpack_seo_html_title":"","jetpack_seo_noindex":false,"_jetpack_memberships_contains_paid_content":false,"footnotes":""},"categories":[19],"tags":[],"class_list":["post-10115","post","type-post","status-publish","format-standard","has-post-thumbnail","hentry","category-colima"],"jetpack_featured_media_url":"https:\/\/diarioavanzada.com.mx\/wp-content\/uploads\/2019\/08\/Myrna-Indhira-Vizcai\u0301no-Jime\u0301nez.jpg","jetpack-related-posts":[],"jetpack_sharing_enabled":true,"amp_enabled":true,"_links":{"self":[{"href":"https:\/\/diarioavanzada.com.mx\/index.php?rest_route=\/wp\/v2\/posts\/10115","targetHints":{"allow":["GET"]}}],"collection":[{"href":"https:\/\/diarioavanzada.com.mx\/index.php?rest_route=\/wp\/v2\/posts"}],"about":[{"href":"https:\/\/diarioavanzada.com.mx\/index.php?rest_route=\/wp\/v2\/types\/post"}],"author":[{"embeddable":true,"href":"https:\/\/diarioavanzada.com.mx\/index.php?rest_route=\/wp\/v2\/users\/5"}],"replies":[{"embeddable":true,"href":"https:\/\/diarioavanzada.com.mx\/index.php?rest_route=%2Fwp%2Fv2%2Fcomments&post=10115"}],"version-history":[{"count":0,"href":"https:\/\/diarioavanzada.com.mx\/index.php?rest_route=\/wp\/v2\/posts\/10115\/revisions"}],"wp:featuredmedia":[{"embeddable":true,"href":"https:\/\/diarioavanzada.com.mx\/index.php?rest_route=\/wp\/v2\/media\/6996"}],"wp:attachment":[{"href":"https:\/\/diarioavanzada.com.mx\/index.php?rest_route=%2Fwp%2Fv2%2Fmedia&parent=10115"}],"wp:term":[{"taxonomy":"category","embeddable":true,"href":"https:\/\/diarioavanzada.com.mx\/index.php?rest_route=%2Fwp%2Fv2%2Fcategories&post=10115"},{"taxonomy":"post_tag","embeddable":true,"href":"https:\/\/diarioavanzada.com.mx\/index.php?rest_route=%2Fwp%2Fv2%2Ftags&post=10115"}],"curies":[{"name":"wp","href":"https:\/\/api.w.org\/{rel}","templated":true}]}}