{"id":101063,"date":"2025-09-25T13:08:25","date_gmt":"2025-09-25T19:08:25","guid":{"rendered":"https:\/\/diarioavanzada.com.mx\/?p=101063"},"modified":"2025-09-25T13:08:25","modified_gmt":"2025-09-25T19:08:25","slug":"chocan-en-la-salada-un-trailer-y-camioneta-en-la-autopista-manzanillo-colima","status":"publish","type":"post","link":"https:\/\/diarioavanzada.com.mx\/?p=101063","title":{"rendered":"Chocan en La Salada un tr\u00e1iler y camioneta en la autopista Manzanillo-Colima"},"content":{"rendered":"\n<p class=\"p1 wp-block-paragraph\">Colima, M\u00e9xico, Avanzada (25\/09\/2025).- La Unidad Estatal de Protecci\u00f3n Civil (UEPC) inform\u00f3 que la ma\u00f1ana de este jueves se registr\u00f3 un accidente vehicular en la autopista Colima-Manzanillo, a la altura del tramo conocido como La Salada, en direcci\u00f3n del puerto hacia la capital del estado.<\/p>\n\n\n\n<p class=\"p1 wp-block-paragraph\">En el percance estuvieron involucrados un tr\u00e1iler y una camioneta roja tipo pick-up, sin que se reportaran personas con lesiones de gravedad. No obstante, la colisi\u00f3n provoc\u00f3 la obstrucci\u00f3n del carril de baja velocidad, aunque la circulaci\u00f3n en el resto de la v\u00eda se mantiene fluida.<\/p>\n\n\n\n<p class=\"p1 wp-block-paragraph\">Elementos de la UEPC, junto con personal del Centro Regulador de Urgencias M\u00e9dicas (CRUM), acudieron al lugar para brindar atenci\u00f3n a las personas afectadas y coordinar maniobras de auxilio en conjunto con la Guardia Nacional. Las autoridades implementaron un operativo para garantizar la seguridad de los automovilistas y agilizar el restablecimiento de la vialidad.<\/p>\n\n\n\n<p class=\"p1 wp-block-paragraph\">La dependencia exhort\u00f3 a las y los conductores a manejar con precauci\u00f3n, atender las indicaciones del personal de auxilio y, de ser posible, considerar rutas alternas mientras concluyen las labores correspondientes.<\/p>\n\n\n\n<figure class=\"wp-block-image\"><img loading=\"lazy\" decoding=\"async\" width=\"1024\" height=\"768\" src=\"https:\/\/diarioavanzada.com.mx\/wp-content\/uploads\/2025\/09\/a641a773-fcf0-486f-9c09-f2e58dc7fdb8-1623-0000093760c30b36_file-1024x768.jpg\" alt=\"\" class=\"wp-image-101060\" srcset=\"https:\/\/diarioavanzada.com.mx\/wp-content\/uploads\/2025\/09\/a641a773-fcf0-486f-9c09-f2e58dc7fdb8-1623-0000093760c30b36_file-1024x768.jpg 1024w, https:\/\/diarioavanzada.com.mx\/wp-content\/uploads\/2025\/09\/a641a773-fcf0-486f-9c09-f2e58dc7fdb8-1623-0000093760c30b36_file-300x225.jpg 300w, https:\/\/diarioavanzada.com.mx\/wp-content\/uploads\/2025\/09\/a641a773-fcf0-486f-9c09-f2e58dc7fdb8-1623-0000093760c30b36_file-768x576.jpg 768w, https:\/\/diarioavanzada.com.mx\/wp-content\/uploads\/2025\/09\/a641a773-fcf0-486f-9c09-f2e58dc7fdb8-1623-0000093760c30b36_file-1536x1152.jpg 1536w, https:\/\/diarioavanzada.com.mx\/wp-content\/uploads\/2025\/09\/a641a773-fcf0-486f-9c09-f2e58dc7fdb8-1623-0000093760c30b36_file.jpg 1600w\" sizes=\"auto, (max-width: 1024px) 100vw, 1024px\" \/><\/figure>\n\n\n\n<figure class=\"wp-block-image\"><img loading=\"lazy\" decoding=\"async\" width=\"768\" height=\"1024\" src=\"https:\/\/diarioavanzada.com.mx\/wp-content\/uploads\/2025\/09\/fa63761c-74f5-497e-919f-1743ee66cd35-1623-0000093760e126ee_file-768x1024.jpg\" alt=\"\" class=\"wp-image-101059\" srcset=\"https:\/\/diarioavanzada.com.mx\/wp-content\/uploads\/2025\/09\/fa63761c-74f5-497e-919f-1743ee66cd35-1623-0000093760e126ee_file-768x1024.jpg 768w, https:\/\/diarioavanzada.com.mx\/wp-content\/uploads\/2025\/09\/fa63761c-74f5-497e-919f-1743ee66cd35-1623-0000093760e126ee_file-225x300.jpg 225w, https:\/\/diarioavanzada.com.mx\/wp-content\/uploads\/2025\/09\/fa63761c-74f5-497e-919f-1743ee66cd35-1623-0000093760e126ee_file-1152x1536.jpg 1152w, https:\/\/diarioavanzada.com.mx\/wp-content\/uploads\/2025\/09\/fa63761c-74f5-497e-919f-1743ee66cd35-1623-0000093760e126ee_file.jpg 1200w\" sizes=\"auto, (max-width: 768px) 100vw, 768px\" \/><\/figure>\n\n\n\n<figure class=\"wp-block-image\"><img loading=\"lazy\" decoding=\"async\" width=\"1024\" height=\"768\" src=\"https:\/\/diarioavanzada.com.mx\/wp-content\/uploads\/2025\/09\/67b0bc8b-eb37-472b-8b28-eb8317541bb7-1623-0000093760eac2fe_file-1024x768.jpg\" alt=\"\" class=\"wp-image-101061\" srcset=\"https:\/\/diarioavanzada.com.mx\/wp-content\/uploads\/2025\/09\/67b0bc8b-eb37-472b-8b28-eb8317541bb7-1623-0000093760eac2fe_file-1024x768.jpg 1024w, https:\/\/diarioavanzada.com.mx\/wp-content\/uploads\/2025\/09\/67b0bc8b-eb37-472b-8b28-eb8317541bb7-1623-0000093760eac2fe_file-300x225.jpg 300w, https:\/\/diarioavanzada.com.mx\/wp-content\/uploads\/2025\/09\/67b0bc8b-eb37-472b-8b28-eb8317541bb7-1623-0000093760eac2fe_file-768x576.jpg 768w, https:\/\/diarioavanzada.com.mx\/wp-content\/uploads\/2025\/09\/67b0bc8b-eb37-472b-8b28-eb8317541bb7-1623-0000093760eac2fe_file-1536x1152.jpg 1536w, https:\/\/diarioavanzada.com.mx\/wp-content\/uploads\/2025\/09\/67b0bc8b-eb37-472b-8b28-eb8317541bb7-1623-0000093760eac2fe_file.jpg 1600w\" sizes=\"auto, (max-width: 1024px) 100vw, 1024px\" \/><\/figure>\n<div class=\"fb-background-color\">\n\t\t\t  <div \n\t\t\t  \tclass = \"fb-comments\" \n\t\t\t  \tdata-href = \"https:\/\/diarioavanzada.com.mx\/?p=101063\"\n\t\t\t  \tdata-numposts = \"10\"\n\t\t\t  \tdata-lazy = \"true\"\n\t\t\t\tdata-colorscheme = \"light\"\n\t\t\t\tdata-order-by = \"social\"\n\t\t\t\tdata-mobile=true>\n\t\t\t  <\/div><\/div>\n\t\t  <style>\n\t\t    .fb-background-color {\n\t\t\t\tbackground:  !important;\n\t\t\t}\n\t\t\t.fb_iframe_widget_fluid_desktop iframe {\n\t\t\t    width: 100% !important;\n\t\t\t}\n\t\t  <\/style>\n\t\t  ","protected":false},"excerpt":{"rendered":"<p>Colima, M\u00e9xico, Avanzada (25\/09\/2025).- La Unidad Estatal de Protecci\u00f3n Civil (UEPC) inform\u00f3 que la ma\u00f1ana de este jueves se registr\u00f3 un accidente vehicular en la autopista Colima-Manzanillo, a la altura del tramo conocido como La Salada, en direcci\u00f3n del puerto hacia la capital del estado. En el percance estuvieron involucrados un tr\u00e1iler y una camioneta [&hellip;]<\/p>\n","protected":false},"author":7,"featured_media":101062,"comment_status":"closed","ping_status":"closed","sticky":false,"template":"","format":"standard","meta":{"_coblocks_attr":"","_coblocks_dimensions":"","_coblocks_responsive_height":"","_coblocks_accordion_ie_support":"","_crdt_document":"","advanced_seo_description":"","jetpack_seo_html_title":"","jetpack_seo_noindex":false,"_jetpack_memberships_contains_paid_content":false,"footnotes":""},"categories":[19,209,7,231],"tags":[210],"class_list":["post-101063","post","type-post","status-publish","format-standard","has-post-thumbnail","hentry","category-colima","category-importantes","category-noticias","category-seguridad","tag-portada"],"jetpack_featured_media_url":"https:\/\/diarioavanzada.com.mx\/wp-content\/uploads\/2025\/09\/81f4e389-262d-4116-80a7-942c07bb5a7d-1623-0000093760d0dc72_file.jpg","jetpack-related-posts":[],"jetpack_sharing_enabled":true,"amp_enabled":true,"_links":{"self":[{"href":"https:\/\/diarioavanzada.com.mx\/index.php?rest_route=\/wp\/v2\/posts\/101063","targetHints":{"allow":["GET"]}}],"collection":[{"href":"https:\/\/diarioavanzada.com.mx\/index.php?rest_route=\/wp\/v2\/posts"}],"about":[{"href":"https:\/\/diarioavanzada.com.mx\/index.php?rest_route=\/wp\/v2\/types\/post"}],"author":[{"embeddable":true,"href":"https:\/\/diarioavanzada.com.mx\/index.php?rest_route=\/wp\/v2\/users\/7"}],"replies":[{"embeddable":true,"href":"https:\/\/diarioavanzada.com.mx\/index.php?rest_route=%2Fwp%2Fv2%2Fcomments&post=101063"}],"version-history":[{"count":0,"href":"https:\/\/diarioavanzada.com.mx\/index.php?rest_route=\/wp\/v2\/posts\/101063\/revisions"}],"wp:featuredmedia":[{"embeddable":true,"href":"https:\/\/diarioavanzada.com.mx\/index.php?rest_route=\/wp\/v2\/media\/101062"}],"wp:attachment":[{"href":"https:\/\/diarioavanzada.com.mx\/index.php?rest_route=%2Fwp%2Fv2%2Fmedia&parent=101063"}],"wp:term":[{"taxonomy":"category","embeddable":true,"href":"https:\/\/diarioavanzada.com.mx\/index.php?rest_route=%2Fwp%2Fv2%2Fcategories&post=101063"},{"taxonomy":"post_tag","embeddable":true,"href":"https:\/\/diarioavanzada.com.mx\/index.php?rest_route=%2Fwp%2Fv2%2Ftags&post=101063"}],"curies":[{"name":"wp","href":"https:\/\/api.w.org\/{rel}","templated":true}]}}