{"id":10102,"date":"2020-01-31T10:00:05","date_gmt":"2020-01-31T15:00:05","guid":{"rendered":"https:\/\/diarioavanzada.com.mx\/?p=10102"},"modified":"2020-01-31T10:54:40","modified_gmt":"2020-01-31T15:54:40","slug":"tribunal-ratifica-sentencia-contra-ex-gobernador-mam-debera-pagar-515-mdp","status":"publish","type":"post","link":"https:\/\/diarioavanzada.com.mx\/?p=10102","title":{"rendered":"Tribunal ratifica sentencia contra ex gobernador MAM, deber\u00e1 pagar 515 MDP"},"content":{"rendered":"\n<p class=\"wp-block-paragraph\">Colima, M\u00e9xico, Avanzada (31\/01\/2020).- La justicia federal neg\u00f3 el amparo que promovi\u00f3 el ex gobernador, Mario Anguiano Moreno para combatir las sanciones que le impuso el Congreso del Estado y por lo tanto, queda firme la inhabilitaci\u00f3n para ocupar cargos p\u00fablicos hasta por 14 a\u00f1os y la sanci\u00f3n econ\u00f3mica por 515 millones 174 mil 928 pesos. <\/p>\n\n\n\n<p class=\"wp-block-paragraph\">El Tribunal Colegiado del Trig\u00e9simo Segundo Circuito con sede en la entidad emiti\u00f3 la sentencia misma que fue publicada el pasado 27 de enero de este a\u00f1o, y en la cual determin\u00f3 negar la protecci\u00f3n de la justicia federal. <\/p>\n\n\n\n<p class=\"wp-block-paragraph\">Cabe recordar que el 28 de marzo de 2019, el Juzgado Segundo de Distrito decidi\u00f3 sobreseer el amparo que promovi\u00f3 Mario Anguiano Moreno en contra de los actos que llev\u00f3 a cabo la Comisi\u00f3n de Responsabilidades y el propio, Congreso del Estado, el 27 de septiembre de 2018, donde la mayor\u00eda de los tribunos \u2013de la pasada legislatura- inhabilitaron y sancionaron econ\u00f3micamente al ex mandatario. <\/p>\n\n\n\n<p class=\"wp-block-paragraph\">Debido a que el Juzgado de Distrito sobresey\u00f3 la demanda que present\u00f3 Anguiano Moreno para combatir la sanci\u00f3n, \u202ael 15 de abril\u202c del a\u00f1o pasado, el propio ex gobernador promovi\u00f3 recurso de revisi\u00f3n ante el Tribunal Colegiado del Trig\u00e9simo Segundo Circuito. <\/p>\n\n\n\n<p class=\"wp-block-paragraph\">En su resoluci\u00f3n \u2013que se hizo publica este 27 de enero- el Tribunal neg\u00f3 el amparo a Mario Anguiano y con ello dej\u00f3 firme la sanci\u00f3n impuesta por la contrataci\u00f3n irregular de un cr\u00e9dito de 638 millones de pesos \u2013 que seg\u00fan Anguiano, ejerci\u00f3 el gobernador interino, Ram\u00f3n P\u00e9rez D\u00edaz-. <\/p>\n\n\n\n<p class=\"wp-block-paragraph\">Con la resoluci\u00f3n del Tribunal, el Juzgado Segundo de Distrito decret\u00f3 que el asunto del juicio de amparo est\u00e1 totalmente concluido y archivado. <\/p>\n\n\n\n<p class=\"wp-block-paragraph\">En caso de que el ex gobernador no haya promovido ning\u00fan otro recurso legal en contra de las decisiones del Congreso, la sentencia emitida por el Congreso quedar\u00eda firme, y le corresponde al Poder Legislativo notificar a la Contralor\u00eda General del Estado para que solicite el resarcimiento del recurso correspondiente.<\/p>\n<div class=\"fb-background-color\">\n\t\t\t  <div \n\t\t\t  \tclass = \"fb-comments\" \n\t\t\t  \tdata-href = \"https:\/\/diarioavanzada.com.mx\/?p=10102\"\n\t\t\t  \tdata-numposts = \"10\"\n\t\t\t  \tdata-lazy = \"true\"\n\t\t\t\tdata-colorscheme = \"light\"\n\t\t\t\tdata-order-by = \"social\"\n\t\t\t\tdata-mobile=true>\n\t\t\t  <\/div><\/div>\n\t\t  <style>\n\t\t    .fb-background-color {\n\t\t\t\tbackground:  !important;\n\t\t\t}\n\t\t\t.fb_iframe_widget_fluid_desktop iframe {\n\t\t\t    width: 100% !important;\n\t\t\t}\n\t\t  <\/style>\n\t\t  ","protected":false},"excerpt":{"rendered":"<p>Colima, M\u00e9xico, Avanzada (31\/01\/2020).- La justicia federal neg\u00f3 el amparo que promovi\u00f3 el ex gobernador, Mario Anguiano Moreno para combatir las sanciones que le impuso el Congreso del Estado y por lo tanto, queda firme la inhabilitaci\u00f3n para ocupar cargos p\u00fablicos hasta por 14 a\u00f1os y la sanci\u00f3n econ\u00f3mica por 515 millones 174 mil 928 [&hellip;]<\/p>\n","protected":false},"author":5,"featured_media":5162,"comment_status":"closed","ping_status":"closed","sticky":false,"template":"","format":"standard","meta":{"_coblocks_attr":"","_coblocks_dimensions":"","_coblocks_responsive_height":"","_coblocks_accordion_ie_support":"","_crdt_document":"","advanced_seo_description":"","jetpack_seo_html_title":"","jetpack_seo_noindex":false,"_jetpack_memberships_contains_paid_content":false,"footnotes":""},"categories":[19],"tags":[210],"class_list":["post-10102","post","type-post","status-publish","format-standard","has-post-thumbnail","hentry","category-colima","tag-portada"],"jetpack_featured_media_url":"https:\/\/diarioavanzada.com.mx\/wp-content\/uploads\/2019\/05\/IMG_5961.png","jetpack-related-posts":[],"jetpack_sharing_enabled":true,"amp_enabled":true,"_links":{"self":[{"href":"https:\/\/diarioavanzada.com.mx\/index.php?rest_route=\/wp\/v2\/posts\/10102","targetHints":{"allow":["GET"]}}],"collection":[{"href":"https:\/\/diarioavanzada.com.mx\/index.php?rest_route=\/wp\/v2\/posts"}],"about":[{"href":"https:\/\/diarioavanzada.com.mx\/index.php?rest_route=\/wp\/v2\/types\/post"}],"author":[{"embeddable":true,"href":"https:\/\/diarioavanzada.com.mx\/index.php?rest_route=\/wp\/v2\/users\/5"}],"replies":[{"embeddable":true,"href":"https:\/\/diarioavanzada.com.mx\/index.php?rest_route=%2Fwp%2Fv2%2Fcomments&post=10102"}],"version-history":[{"count":0,"href":"https:\/\/diarioavanzada.com.mx\/index.php?rest_route=\/wp\/v2\/posts\/10102\/revisions"}],"wp:featuredmedia":[{"embeddable":true,"href":"https:\/\/diarioavanzada.com.mx\/index.php?rest_route=\/wp\/v2\/media\/5162"}],"wp:attachment":[{"href":"https:\/\/diarioavanzada.com.mx\/index.php?rest_route=%2Fwp%2Fv2%2Fmedia&parent=10102"}],"wp:term":[{"taxonomy":"category","embeddable":true,"href":"https:\/\/diarioavanzada.com.mx\/index.php?rest_route=%2Fwp%2Fv2%2Fcategories&post=10102"},{"taxonomy":"post_tag","embeddable":true,"href":"https:\/\/diarioavanzada.com.mx\/index.php?rest_route=%2Fwp%2Fv2%2Ftags&post=10102"}],"curies":[{"name":"wp","href":"https:\/\/api.w.org\/{rel}","templated":true}]}}