{"id":100618,"date":"2025-09-20T15:32:02","date_gmt":"2025-09-20T21:32:02","guid":{"rendered":"https:\/\/diarioavanzada.com.mx\/?p=100618"},"modified":"2025-09-20T15:32:44","modified_gmt":"2025-09-20T21:32:44","slug":"mujer-rocia-combustible-y-amenaza-con-incendiar-a-tres-menores-en-la-villa-es-vinculada-a-proceso","status":"publish","type":"post","link":"https:\/\/diarioavanzada.com.mx\/?p=100618","title":{"rendered":"Mujer roc\u00eda combustible y amenaza con incendiar a tres menores en La Villa; es vinculada a proceso"},"content":{"rendered":"\n<p class=\"p3 wp-block-paragraph\">Colima, M\u00e9xico, Avanzada (20\/09\/2025).- Elizabeth \u201cN\u201d fue vinculada a proceso por los delitos de feminicidio en grado de tentativa, violencia intrafamiliar y lesiones en agravio de tres menores de edad, tras ser acusada de rociarlas con un derivado de petr\u00f3leo y amenazarlas con prenderles fuego.<\/p>\n\n\n\n<p class=\"p3 wp-block-paragraph\">De acuerdo con la investigaci\u00f3n de la Fiscal\u00eda Especializada en Delitos por Razones de G\u00e9nero y Trata de Personas, los hechos ocurrieron el pasado 12 de septiembre en un domicilio de la colonia Leandro Valle, en Villa de \u00c1lvarez.<\/p>\n\n\n\n<p class=\"p3 wp-block-paragraph\">Ese d\u00eda, la abuela de las v\u00edctimas acudi\u00f3 al inmueble y escuch\u00f3 los gritos de auxilio de las menores. Al ingresar, observ\u00f3 que Elizabeth \u201cN\u201d agred\u00eda con un palo a una de ellas y que las tres estaban rociadas con la sustancia inflamable, mientras la mujer las amenazaba con un encendedor en mano. La intervenci\u00f3n de la abuela permiti\u00f3 sacar a las ni\u00f1as y ponerlas a salvo, momento en el que elementos policiales detuvieron a la agresora.<\/p>\n\n\n\n<p class=\"p3 wp-block-paragraph\">En audiencia, el Juez de Control resolvi\u00f3 vincular a proceso a Elizabeth \u201cN\u201d por los delitos se\u00f1alados, impuso la medida cautelar de prisi\u00f3n preventiva y fij\u00f3 un plazo de tres meses para el cierre de la investigaci\u00f3n complementaria.<\/p>\n\n\n\n<p class=\"p3 wp-block-paragraph\"><\/p>\n<div class=\"fb-background-color\">\n\t\t\t  <div \n\t\t\t  \tclass = \"fb-comments\" \n\t\t\t  \tdata-href = \"https:\/\/diarioavanzada.com.mx\/?p=100618\"\n\t\t\t  \tdata-numposts = \"10\"\n\t\t\t  \tdata-lazy = \"true\"\n\t\t\t\tdata-colorscheme = \"light\"\n\t\t\t\tdata-order-by = \"social\"\n\t\t\t\tdata-mobile=true>\n\t\t\t  <\/div><\/div>\n\t\t  <style>\n\t\t    .fb-background-color {\n\t\t\t\tbackground:  !important;\n\t\t\t}\n\t\t\t.fb_iframe_widget_fluid_desktop iframe {\n\t\t\t    width: 100% !important;\n\t\t\t}\n\t\t  <\/style>\n\t\t  ","protected":false},"excerpt":{"rendered":"<p>Colima, M\u00e9xico, Avanzada (20\/09\/2025).- Elizabeth \u201cN\u201d fue vinculada a proceso por los delitos de feminicidio en grado de tentativa, violencia intrafamiliar y lesiones en agravio de tres menores de edad, tras ser acusada de rociarlas con un derivado de petr\u00f3leo y amenazarlas con prenderles fuego. De acuerdo con la investigaci\u00f3n de la Fiscal\u00eda Especializada en [&hellip;]<\/p>\n","protected":false},"author":7,"featured_media":100619,"comment_status":"closed","ping_status":"closed","sticky":false,"template":"","format":"standard","meta":{"_coblocks_attr":"","_coblocks_dimensions":"","_coblocks_responsive_height":"","_coblocks_accordion_ie_support":"","_crdt_document":"","advanced_seo_description":"","jetpack_seo_html_title":"","jetpack_seo_noindex":false,"_jetpack_memberships_contains_paid_content":false,"footnotes":""},"categories":[19,209,7,231],"tags":[210],"class_list":["post-100618","post","type-post","status-publish","format-standard","has-post-thumbnail","hentry","category-colima","category-importantes","category-noticias","category-seguridad","tag-portada"],"jetpack_featured_media_url":"https:\/\/diarioavanzada.com.mx\/wp-content\/uploads\/2025\/09\/img_3777-1.jpg","jetpack-related-posts":[],"jetpack_sharing_enabled":true,"amp_enabled":true,"_links":{"self":[{"href":"https:\/\/diarioavanzada.com.mx\/index.php?rest_route=\/wp\/v2\/posts\/100618","targetHints":{"allow":["GET"]}}],"collection":[{"href":"https:\/\/diarioavanzada.com.mx\/index.php?rest_route=\/wp\/v2\/posts"}],"about":[{"href":"https:\/\/diarioavanzada.com.mx\/index.php?rest_route=\/wp\/v2\/types\/post"}],"author":[{"embeddable":true,"href":"https:\/\/diarioavanzada.com.mx\/index.php?rest_route=\/wp\/v2\/users\/7"}],"replies":[{"embeddable":true,"href":"https:\/\/diarioavanzada.com.mx\/index.php?rest_route=%2Fwp%2Fv2%2Fcomments&post=100618"}],"version-history":[{"count":1,"href":"https:\/\/diarioavanzada.com.mx\/index.php?rest_route=\/wp\/v2\/posts\/100618\/revisions"}],"predecessor-version":[{"id":100620,"href":"https:\/\/diarioavanzada.com.mx\/index.php?rest_route=\/wp\/v2\/posts\/100618\/revisions\/100620"}],"wp:featuredmedia":[{"embeddable":true,"href":"https:\/\/diarioavanzada.com.mx\/index.php?rest_route=\/wp\/v2\/media\/100619"}],"wp:attachment":[{"href":"https:\/\/diarioavanzada.com.mx\/index.php?rest_route=%2Fwp%2Fv2%2Fmedia&parent=100618"}],"wp:term":[{"taxonomy":"category","embeddable":true,"href":"https:\/\/diarioavanzada.com.mx\/index.php?rest_route=%2Fwp%2Fv2%2Fcategories&post=100618"},{"taxonomy":"post_tag","embeddable":true,"href":"https:\/\/diarioavanzada.com.mx\/index.php?rest_route=%2Fwp%2Fv2%2Ftags&post=100618"}],"curies":[{"name":"wp","href":"https:\/\/api.w.org\/{rel}","templated":true}]}}