{"id":100580,"date":"2025-09-19T23:03:03","date_gmt":"2025-09-20T05:03:03","guid":{"rendered":"https:\/\/diarioavanzada.com.mx\/?p=100580"},"modified":"2025-09-19T23:04:58","modified_gmt":"2025-09-20T05:04:58","slug":"buscan-a-yaritzi-monstserrat-orozco-chavez-desaparecida-en-manzanillo","status":"publish","type":"post","link":"https:\/\/diarioavanzada.com.mx\/?p=100580","title":{"rendered":"Buscan a Yaritzi Monstserrat Orozco Ch\u00e1vez, desaparecida en Manzanillo"},"content":{"rendered":"\n<p class=\"p3 wp-block-paragraph\">Colima, M\u00e9xico, Avanzada (19\/9\/2025).- La Fiscal\u00eda General del Estado de Colima activ\u00f3 la Alerta Alba para localizar a Yaritzi Monstserrat Orozco Ch\u00e1vez, de 23 a\u00f1os de edad, quien fue vista por \u00faltima vez el pasado 16 de septiembre de 2025 en la colonia Abelardo Rodr\u00edguez, delegaci\u00f3n Santiago, municipio de Manzanillo.<\/p>\n\n\n\n<p class=\"p3 wp-block-paragraph\">De acuerdo con la ficha de b\u00fasqueda, la joven tiene complexi\u00f3n media delgada, mide aproximadamente 1.55 metros de estatura, es de tez morena clara, cabello largo hasta la cintura de color negro y ojos grandes tambi\u00e9n de color negro.<\/p>\n\n\n\n<p class=\"p3 wp-block-paragraph\">La autoridad pide a la poblaci\u00f3n colaborar en su localizaci\u00f3n y comunicarse a los tel\u00e9fonos de la Fiscal\u00eda General del Estado en caso de contar con informaci\u00f3n sobre su paradero.<\/p>\n\n\n\n<p class=\"p3 wp-block-paragraph\"><\/p>\n\n\n\n<figure class=\"wp-block-image size-large\"><img loading=\"lazy\" decoding=\"async\" width=\"450\" height=\"600\" src=\"https:\/\/diarioavanzada.com.mx\/wp-content\/uploads\/2025\/09\/img_0850.jpg\" alt=\"\" class=\"wp-image-100578\" srcset=\"https:\/\/diarioavanzada.com.mx\/wp-content\/uploads\/2025\/09\/img_0850.jpg 450w, https:\/\/diarioavanzada.com.mx\/wp-content\/uploads\/2025\/09\/img_0850-225x300.jpg 225w\" sizes=\"auto, (max-width: 450px) 100vw, 450px\" \/><\/figure>\n<div class=\"fb-background-color\">\n\t\t\t  <div \n\t\t\t  \tclass = \"fb-comments\" \n\t\t\t  \tdata-href = \"https:\/\/diarioavanzada.com.mx\/?p=100580\"\n\t\t\t  \tdata-numposts = \"10\"\n\t\t\t  \tdata-lazy = \"true\"\n\t\t\t\tdata-colorscheme = \"light\"\n\t\t\t\tdata-order-by = \"social\"\n\t\t\t\tdata-mobile=true>\n\t\t\t  <\/div><\/div>\n\t\t  <style>\n\t\t    .fb-background-color {\n\t\t\t\tbackground:  !important;\n\t\t\t}\n\t\t\t.fb_iframe_widget_fluid_desktop iframe {\n\t\t\t    width: 100% !important;\n\t\t\t}\n\t\t  <\/style>\n\t\t  ","protected":false},"excerpt":{"rendered":"<p>Colima, M\u00e9xico, Avanzada (19\/9\/2025).- La Fiscal\u00eda General del Estado de Colima activ\u00f3 la Alerta Alba para localizar a Yaritzi Monstserrat Orozco Ch\u00e1vez, de 23 a\u00f1os de edad, quien fue vista por \u00faltima vez el pasado 16 de septiembre de 2025 en la colonia Abelardo Rodr\u00edguez, delegaci\u00f3n Santiago, municipio de Manzanillo. De acuerdo con la ficha [&hellip;]<\/p>\n","protected":false},"author":7,"featured_media":100579,"comment_status":"closed","ping_status":"closed","sticky":false,"template":"","format":"standard","meta":{"_coblocks_attr":"","_coblocks_dimensions":"","_coblocks_responsive_height":"","_coblocks_accordion_ie_support":"","_crdt_document":"","advanced_seo_description":"","jetpack_seo_html_title":"","jetpack_seo_noindex":false,"_jetpack_memberships_contains_paid_content":false,"footnotes":""},"categories":[19,209,7,231],"tags":[210],"class_list":["post-100580","post","type-post","status-publish","format-standard","has-post-thumbnail","hentry","category-colima","category-importantes","category-noticias","category-seguridad","tag-portada"],"jetpack_featured_media_url":"https:\/\/diarioavanzada.com.mx\/wp-content\/uploads\/2025\/09\/img_0851.jpg","jetpack-related-posts":[],"jetpack_sharing_enabled":true,"amp_enabled":true,"_links":{"self":[{"href":"https:\/\/diarioavanzada.com.mx\/index.php?rest_route=\/wp\/v2\/posts\/100580","targetHints":{"allow":["GET"]}}],"collection":[{"href":"https:\/\/diarioavanzada.com.mx\/index.php?rest_route=\/wp\/v2\/posts"}],"about":[{"href":"https:\/\/diarioavanzada.com.mx\/index.php?rest_route=\/wp\/v2\/types\/post"}],"author":[{"embeddable":true,"href":"https:\/\/diarioavanzada.com.mx\/index.php?rest_route=\/wp\/v2\/users\/7"}],"replies":[{"embeddable":true,"href":"https:\/\/diarioavanzada.com.mx\/index.php?rest_route=%2Fwp%2Fv2%2Fcomments&post=100580"}],"version-history":[{"count":1,"href":"https:\/\/diarioavanzada.com.mx\/index.php?rest_route=\/wp\/v2\/posts\/100580\/revisions"}],"predecessor-version":[{"id":100581,"href":"https:\/\/diarioavanzada.com.mx\/index.php?rest_route=\/wp\/v2\/posts\/100580\/revisions\/100581"}],"wp:featuredmedia":[{"embeddable":true,"href":"https:\/\/diarioavanzada.com.mx\/index.php?rest_route=\/wp\/v2\/media\/100579"}],"wp:attachment":[{"href":"https:\/\/diarioavanzada.com.mx\/index.php?rest_route=%2Fwp%2Fv2%2Fmedia&parent=100580"}],"wp:term":[{"taxonomy":"category","embeddable":true,"href":"https:\/\/diarioavanzada.com.mx\/index.php?rest_route=%2Fwp%2Fv2%2Fcategories&post=100580"},{"taxonomy":"post_tag","embeddable":true,"href":"https:\/\/diarioavanzada.com.mx\/index.php?rest_route=%2Fwp%2Fv2%2Ftags&post=100580"}],"curies":[{"name":"wp","href":"https:\/\/api.w.org\/{rel}","templated":true}]}}